{"id":174220,"date":"2025-09-04T20:14:24","date_gmt":"2025-09-04T20:14:24","guid":{"rendered":"https:\/\/www.ole.com.ar\/autos\/divertido-posteo-franco-colapinto-alpine-formula-1-f1-gp-italia-monza_0_mvJ4vX9gcU.html"},"modified":"2025-09-04T20:14:24","modified_gmt":"2025-09-04T20:14:24","slug":"franco-colapinto-mostro-donde-duerme-mientras-se-prepara-para-el-gran-premio-de-italia","status":"publish","type":"post","link":"http:\/\/cordobadirecto.com\/index.php\/2025\/09\/04\/franco-colapinto-mostro-donde-duerme-mientras-se-prepara-para-el-gran-premio-de-italia\/","title":{"rendered":"Franco Colapinto mostr\u00f3 d\u00f3nde duerme mientras se prepara para el Gran Premio de Italia"},"content":{"rendered":"<p><span class=\"createDate\">04\/09\/2025 17:14hs.<\/span><time class=\"modificatedDate\" datetime=\"2025-09-04T17:36:11-03:00\"> Actualizado al 04\/09\/2025 17:36hs.<\/time><\/p>\n<div id=\"storyBody\">\n<div class=\"custom-text \" readability=\"37.528301886792\">\n<p>Como cada semana de competencia en la <strong><a href=\"https:\/\/www.ole.com.ar\/tema\/formula-1.html\" title=\"F\u00f3rmula 1\" alt=\"F\u00f3rmula 1\" class=\"slug\">F\u00f3rmula 1<\/a><\/strong>, los jueves son sin\u00f3nimo de <strong>media day y las redes sociales se activan.<\/strong> Ese es el caso de <strong><a href=\"https:\/\/www.ole.com.ar\/tema\/alpine.html\" title=\"Alpine\" alt=\"Alpine\" class=\"slug\">Alpine<\/a><\/strong>, que suele tener como <strong>habitual protagonista en sus publicaciones a Franco Colapinto<\/strong>. En la previa del <strong>Gran Premio de Italia<\/strong>, la escuder\u00eda no hizo excepci\u00f3n de la regla y subi\u00f3 un <strong>posteo del pilarense, que adem\u00e1s estuvo de gu\u00eda por el Hospitality del team franc\u00e9s en Monza.<\/strong><\/p>\n<\/div>\n<p><h2>Franco Colapinto, de gu\u00eda en su tiempo libre antes de la carrera<\/h2>\n<\/p>\n<div class=\"custom-text \" readability=\"34.80442804428\">\n<p>ESPN aprovech\u00f3 el d\u00eda y le toc\u00f3 la puerta a <strong><a href=\"https:\/\/www.ole.com.ar\/tema\/franco-colapinto.html\" title=\"Franco Colapinto\" alt=\"Franco Colapinto\" class=\"slug\">Colapinto<\/a><\/strong> en la estructura del equipo franc\u00e9s. El pilarense, con la misma buena onda y predisposici\u00f3n de siempre,<strong> no solo atendi\u00f3 al medio sino que los meti\u00f3 adentro del edificio e hizo de gu\u00eda en las redes del canal&#8230;<\/strong><\/p>\n<\/div>\n<div class=\"sc-e7b891c4-0 ifHnQL image-embed\"><img alt=\"Colapinto, de media day en Monza. (@alpinef1team)\" loading=\"lazy\" width=\"720\" height=\"100\" decoding=\"async\" data-nimg=\"1\" src=\"http:\/\/cordobadirecto.com\/wp-content\/uploads\/2025\/09\/franco-colapinto-mostro-donde-duerme-mientras-se-prepara-para-el-gran-premio-de-italia.jpg\"><span class=\"epigraphe\">Colapinto, de media day en Monza. (@alpinef1team)<\/span><\/div>\n<div class=\"custom-text \" readability=\"35.849056603774\">\n<p>El video arranca con <strong>Franco en su pieza, acusado de desorden<\/strong>. Despu\u00e9s de desmentir esa versi\u00f3n, empez\u00f3 a recorrer junto a Juan Fossaroli: pasaron por el buffet, los pasillos y hasta por<strong> la puerta de la oficina de <a href=\"https:\/\/www.ole.com.ar\/tema\/flavio-briatore.html\" title=\"Flavio Briatore\" alt=\"Flavio Briatore\" class=\"slug\">Flavio Briatore<\/a>, donde hubo un divertido momento.<\/strong><\/p>\n<\/div>\n<p><h3>El video completo del recorrido de Colapinto por el Hospitality de Alpine<\/h3>\n<\/p>\n<div class=\"sc-3c5a76cc-1 idjLTd\" readability=\"6\">\n<div class=\"sc-e8b2828-0 fBmEJc vertical\" type=\"embedvertical\">\n<div class=\"sc-e8b2828-1 iPLbWT videoText\" id=\"contentTitleembedverticalBz2jlVay\" type=\"embedvertical\"><svg fill=\"#ffffff\"><symbol id=\"play\" viewBox=\"0 0 512 512\"><path d=\"M512 256C512 397.4 397.4 512 256 512C114.6 512 0 397.4 0 256C0 114.6 114.6 0 256 0C397.4 0 512 114.6 512 256zM176 168V344C176 352.7 180.7 360.7 188.3 364.9C195.8 369.2 205.1 369 212.5 364.5L356.5 276.5C363.6 272.1 368 264.4 368 256C368 247.6 363.6 239.9 356.5 235.5L212.5 147.5C205.1 142.1 195.8 142.8 188.3 147.1C180.7 151.3 176 159.3 176 168V168z\" \/><\/symbol><use xlink:href=\"#play\" \/><\/svg><\/p>\n<div class=\"right\">\n<p>Franco Colapinto<!-- --> &#8211; <span>&nbsp;<\/span><\/p>\n<h2 class=\"title-vid\">Colapinto hizo de gu\u00eda en el Hospitality de Alpine antes de correr en Monza<\/h2>\n<\/div>\n<\/div>\n<p><span class=\"back\" id=\"spanBackembedverticalBz2jlVay\"><\/span><\/div>\n<div class=\"JWvideoNota_title\" readability=\"7\">\n<p>Cr\u00e9ditos: @espnargentina.<\/p>\n<\/div>\n<\/div>\n<p><h2>El divertido posteo de Alpine, con Franco Colapinto luciendo una gorra<\/h2>\n<\/p>\n<div class=\"custom-text \" readability=\"37\">\n<p><strong>Adem\u00e1s del recorrido, Colapinto tuvo su aparici\u00f3n en las redes oficiales de Alpine. &#8220;Solamente cosas de Franco&#8221;<\/strong>, el texto que acompa\u00f1\u00f3 a cinco im\u00e1genes en una publicaci\u00f3n del equipo sobre el piloto. En ellas, <strong>se lo ve a Franco muy sonriente y&#8230; \u00bfexperimentando con su gorra?<\/strong><\/p>\n<\/div>\n<div class=\"sc-e7b891c4-0 ifHnQL image-embed\"><img alt=\"Colapinto y un look distinto: gorrita para el costado. (@alpinef1team)\" loading=\"lazy\" width=\"720\" height=\"100\" decoding=\"async\" data-nimg=\"1\" src=\"http:\/\/cordobadirecto.com\/wp-content\/uploads\/2025\/09\/franco-colapinto-mostro-donde-duerme-mientras-se-prepara-para-el-gran-premio-de-italia-1.jpg\"><span class=\"epigraphe\">Colapinto y un look distinto: gorrita para el costado. (@alpinef1team)<\/span><\/div>\n<p><h2>Paul Aron, otro protagonista de los posteos de Alpine en redes<\/h2>\n<\/p>\n<div class=\"custom-text \" readability=\"40\">\n<p><strong>Paul Aron<\/strong>, cuarto piloto de <strong>Alpine<\/strong> por detr\u00e1s de Gasly, Colapinto y Jack Doohan, <strong>vivir\u00e1 un fin de semana diferente en Italia<\/strong>. La escuder\u00eda contin\u00faa con su plan para que el estonio sume rodaje en la categor\u00eda: primero <strong>corri\u00f3 dos FP1 a pr\u00e9stamo en Sauber<\/strong> (en Gran Breta\u00f1a y Hungr\u00eda), <strong>y este viernes le toca hacerlo con su equipo en Monza<\/strong>. Antes de la sesi\u00f3n, el piloto cont\u00f3 sus sensaciones.<\/p>\n<\/div>\n<div class=\"custom-text \" readability=\"39\">\n<p>&#8220;<strong>Me siento bien. Es una carrera importante para el equipo<\/strong>, hay muchos sponsors ac\u00e1 (Italia), gente importante y por supuesto tambi\u00e9n <strong>es una gran chance para m<\/strong>\u00ed. Manejar una pr\u00e1ctica libre en un fin de semana como este es una oportunidad muy grande. <strong>Estoy muy emocionado, y feliz de trabajar hoy para correr ma\u00f1ana en un viernes que ser\u00e1 diferente<\/strong>&#8220;, expres\u00f3 el compa\u00f1ero de Colapa en un posteo.<\/p>\n<\/div>\n<div class=\"sc-e7b891c4-0 ifHnQL image-embed\"><img alt=\"Aron estar\u00e1 presente en la primera pr\u00e1ctica en Monza. Foto: Alpine\" loading=\"lazy\" width=\"720\" height=\"100\" decoding=\"async\" data-nimg=\"1\" src=\"http:\/\/cordobadirecto.com\/wp-content\/uploads\/2025\/09\/franco-colapinto-mostro-donde-duerme-mientras-se-prepara-para-el-gran-premio-de-italia-2.jpg\"><span class=\"epigraphe\">Aron estar\u00e1 presente en la primera pr\u00e1ctica en Monza. Foto: Alpine<\/span><\/div>\n<p><h2>Cu\u00e1ndo y por d\u00f3nde ver a Franco Colapinto en el Gran Premio de Italia<\/h2>\n<\/p>\n<div class=\"custom-text \" readability=\"38\">\n<p>La actividad comenzar\u00e1 este <strong>viernes<\/strong> con las dos sesiones de entrenamiento: la primera a las 8.30 (sin Colapinto) y la segunda a las 12. El <strong>s\u00e1bado<\/strong> se llevar\u00e1 a cabo la \u00faltima pr\u00e1ctica desde las 7.30, y a partir de las 11 se correr\u00e1 la clasificaci\u00f3n que definir\u00e1 el orden de salida. <strong>La carrera ser\u00e1 el domingo, a las 10<\/strong>. Todo va <strong>por Disney+ Premium, y por diferido en Fox Sports.<\/strong><\/p>\n<\/div>\n<div class=\"sc-a7166897-0 eoLsBE\" readability=\"6.5\">\n<section readability=\"3\"><picture><img alt=\"El homenaje especial de Ferrari a un campe\u00f3n de F\u00f3rmula 1 en el Gran Premio de Italia\" loading=\"lazy\" width=\"290\" height=\"290\" decoding=\"async\" data-nimg=\"1\" src=\"http:\/\/cordobadirecto.com\/wp-content\/uploads\/2025\/09\/franco-colapinto-mostro-donde-duerme-mientras-se-prepara-para-el-gran-premio-de-italia-3.jpg\"><\/picture>\n<p><span>Mir\u00e1 tambi\u00e9n<\/span><\/p>\n<hr>\n<h3>El homenaje especial de Ferrari a un campe\u00f3n de F\u00f3rmula 1 en el Gran Premio de Italia<\/h3>\n<\/p>\n<\/section>\n<\/div>\n<div class=\"sc-a7166897-0 eoLsBE\" readability=\"7\">\n<section readability=\"4\"><picture><img alt=\"Ya est\u00e1 Steve Nielsen, el nuevo jefe de Franco Colapinto en Alpine: qu\u00e9 hace en Monza y qu\u00e9 pasa con Flavio Briatore \" loading=\"lazy\" width=\"290\" height=\"290\" decoding=\"async\" data-nimg=\"1\" src=\"http:\/\/cordobadirecto.com\/wp-content\/uploads\/2025\/09\/franco-colapinto-mostro-donde-duerme-mientras-se-prepara-para-el-gran-premio-de-italia-4.jpg\"><\/picture>\n<p><span>Mir\u00e1 tambi\u00e9n<\/span><\/p>\n<hr>\n<h3>Ya est\u00e1 Steve Nielsen, el nuevo jefe de Franco Colapinto en Alpine: qu\u00e9 hace en Monza y qu\u00e9 pasa con Flavio Briatore <\/h3>\n<\/p>\n<\/section>\n<\/div>\n<div class=\"sc-a7166897-0 eoLsBE\" readability=\"6.5\">\n<section readability=\"3\"><picture><img alt=\"Qu\u00e9 dijo Colapinto sobre el hecho de tener que ceder su asiento en la Pr\u00e1ctica 1 del GP de Italia\" loading=\"lazy\" width=\"290\" height=\"290\" decoding=\"async\" data-nimg=\"1\" src=\"http:\/\/cordobadirecto.com\/wp-content\/uploads\/2025\/09\/franco-colapinto-mostro-donde-duerme-mientras-se-prepara-para-el-gran-premio-de-italia-5.jpg\"><\/picture>\n<p><span>Mir\u00e1 tambi\u00e9n<\/span><\/p>\n<hr>\n<h3>Qu\u00e9 dijo Colapinto sobre el hecho de tener que ceder su asiento en la Pr\u00e1ctica 1 del GP de Italia<\/h3>\n<\/p>\n<\/section>\n<\/div>\n<\/div>\n","protected":false},"excerpt":{"rendered":"<p>04\/09\/2025 17:14hs. Actualizado al 04\/09\/2025 17:36hs. Como cada semana de competencia en la F\u00f3rmula 1, los jueves son sin\u00f3nimo de media day y las redes sociales se activan. Ese es el caso de Alpine, que suele tener como habitual protagonista en sus publicaciones a Franco Colapinto. En la previa del Gran Premio de Italia, la [&hellip;]<\/p>\n","protected":false},"author":1,"featured_media":174221,"comment_status":"closed","ping_status":"closed","sticky":false,"template":"","format":"standard","meta":[],"categories":[21],"tags":[],"_links":{"self":[{"href":"http:\/\/cordobadirecto.com\/index.php\/wp-json\/wp\/v2\/posts\/174220"}],"collection":[{"href":"http:\/\/cordobadirecto.com\/index.php\/wp-json\/wp\/v2\/posts"}],"about":[{"href":"http:\/\/cordobadirecto.com\/index.php\/wp-json\/wp\/v2\/types\/post"}],"author":[{"embeddable":true,"href":"http:\/\/cordobadirecto.com\/index.php\/wp-json\/wp\/v2\/users\/1"}],"replies":[{"embeddable":true,"href":"http:\/\/cordobadirecto.com\/index.php\/wp-json\/wp\/v2\/comments?post=174220"}],"version-history":[{"count":0,"href":"http:\/\/cordobadirecto.com\/index.php\/wp-json\/wp\/v2\/posts\/174220\/revisions"}],"wp:featuredmedia":[{"embeddable":true,"href":"http:\/\/cordobadirecto.com\/index.php\/wp-json\/wp\/v2\/media\/174221"}],"wp:attachment":[{"href":"http:\/\/cordobadirecto.com\/index.php\/wp-json\/wp\/v2\/media?parent=174220"}],"wp:term":[{"taxonomy":"category","embeddable":true,"href":"http:\/\/cordobadirecto.com\/index.php\/wp-json\/wp\/v2\/categories?post=174220"},{"taxonomy":"post_tag","embeddable":true,"href":"http:\/\/cordobadirecto.com\/index.php\/wp-json\/wp\/v2\/tags?post=174220"}],"curies":[{"name":"wp","href":"https:\/\/api.w.org\/{rel}","templated":true}]}}