{"id":174682,"date":"2025-09-10T19:38:42","date_gmt":"2025-09-10T19:38:42","guid":{"rendered":"https:\/\/cordoba.gob.ar\/?p=81065"},"modified":"2025-09-10T19:38:42","modified_gmt":"2025-09-10T19:38:42","slug":"este-jueves-inaugura-la-muestra-y-si-hubiese-un-afuera-en-la-casa-de-pepino","status":"publish","type":"post","link":"http:\/\/cordobadirecto.com\/index.php\/2025\/09\/10\/este-jueves-inaugura-la-muestra-y-si-hubiese-un-afuera-en-la-casa-de-pepino\/","title":{"rendered":"Este jueves, inaugura la muestra \u201c Y si hubiese un afuera\u2026\u201d en la Casa de Pepino"},"content":{"rendered":"<div><img src=\"http:\/\/cordobadirecto.com\/wp-content\/uploads\/2025\/09\/este-jueves-inaugura-la-muestra-y-si-hubiese-un-afuera-en-la-casa-de-pepino.jpg\" class=\"ff-og-image-inserted\"><\/div>\n<ul>\n<li data-prosemirror-content-type=\"node\" data-prosemirror-node-name=\"paragraph\" data-prosemirror-node-block=\"true\"><strong>Ser\u00e1 a partir de las 18:00 horas, con entrada libre y gratuita.<\/strong><\/li>\n<li data-prosemirror-content-type=\"node\" data-prosemirror-node-name=\"paragraph\" data-prosemirror-node-block=\"true\"><strong>Una exposici\u00f3n colectiva que re\u00fane trabajos en proceso e invita al espectador a reflexionar sobre la obra en relaci\u00f3n al \u201cafuera\u201d.<\/strong><\/li>\n<\/ul>\n<hr>\n<p data-prosemirror-content-type=\"node\" data-prosemirror-node-name=\"paragraph\" data-prosemirror-node-block=\"true\">Este jueves, a partir de las 18:00 horas, queda inaugurada la muestra colectiva \u201cY si hubiese un afuera\u2026\u201d en la Casa de Pepino (Fructuosa Rivera 287), con entrada libre y gratuita.<\/p>\n<p data-prosemirror-content-type=\"node\" data-prosemirror-node-name=\"paragraph\" data-prosemirror-node-block=\"true\">Se re\u00fanen 16 artistas del grupo Zona Ampliada, en cl\u00ednica de arte dirigido por Marta Rivero, presentando 160 piezas en total en una muestra impensada que no permiti\u00f3 premeditaci\u00f3n, ni artilugios, ni una tem\u00e1tica, utilizando diferentes soportes art\u00edsticos como &nbsp;fotograf\u00eda, escultura, pintura, dibujo, instalaci\u00f3n, objeto y esculturas.<\/p>\n<p data-prosemirror-content-type=\"node\" data-prosemirror-node-name=\"paragraph\" data-prosemirror-node-block=\"true\">La exposici\u00f3n colectiva se encuentra exhibida en las tres salas de la planta alta del centro cultural invita al espectador a reflexionar sobre la obra en relaci\u00f3n al \u201cafuera\u201d. Con curadur\u00eda de Marta Rivero y Javier Bellomo .<\/p>\n<p data-prosemirror-content-type=\"node\" data-prosemirror-node-name=\"paragraph\" data-prosemirror-node-block=\"true\">Como dice el texto curatorial:<em data-prosemirror-content-type=\"mark\" data-prosemirror-mark-name=\"em\"> \u201cEn cada encuentro surge la pregunta en relaci\u00f3n al \u201cafuera\u201d \u00bfC\u00f3mo salir con la producci\u00f3n? \u00bfCu\u00e1ndo es el momento, \u00bfC\u00f3mo hacerlo, a qu\u00e9 sitio, y para qu\u00e9 hacer este movimiento? No hay respuestas adecuadas y certeras en estas cuestiones. B.Chul Han, en su libro La salvaci\u00f3n de lo bello, dice que: \u201cTampoco el cielo estrellado representa un \u00abafuera\u00bb, algo externo al sujeto, sino que se despliega en la interioridad de la raz\u00f3n\u201d.<\/em><\/p>\n<p data-prosemirror-content-type=\"node\" data-prosemirror-node-name=\"paragraph\" data-prosemirror-node-block=\"true\">La muestra podr\u00e1 visitarse hasta el 7 de noviembre en los horarios del Centro Cultural, de lunes a domingo de 08:00 a 20:00 horas.<\/p>\n","protected":false},"excerpt":{"rendered":"<p>Ser\u00e1 a partir de las 18:00 horas, con entrada libre y gratuita. Una exposici\u00f3n colectiva que re\u00fane trabajos en proceso e invita al espectador a reflexionar sobre la obra en relaci\u00f3n al \u201cafuera\u201d. Este jueves, a partir de las 18:00 horas, queda inaugurada la muestra colectiva \u201cY si hubiese un afuera\u2026\u201d en la Casa de [&hellip;]<\/p>\n","protected":false},"author":1,"featured_media":174683,"comment_status":"closed","ping_status":"closed","sticky":false,"template":"","format":"standard","meta":[],"categories":[44],"tags":[],"_links":{"self":[{"href":"http:\/\/cordobadirecto.com\/index.php\/wp-json\/wp\/v2\/posts\/174682"}],"collection":[{"href":"http:\/\/cordobadirecto.com\/index.php\/wp-json\/wp\/v2\/posts"}],"about":[{"href":"http:\/\/cordobadirecto.com\/index.php\/wp-json\/wp\/v2\/types\/post"}],"author":[{"embeddable":true,"href":"http:\/\/cordobadirecto.com\/index.php\/wp-json\/wp\/v2\/users\/1"}],"replies":[{"embeddable":true,"href":"http:\/\/cordobadirecto.com\/index.php\/wp-json\/wp\/v2\/comments?post=174682"}],"version-history":[{"count":0,"href":"http:\/\/cordobadirecto.com\/index.php\/wp-json\/wp\/v2\/posts\/174682\/revisions"}],"wp:featuredmedia":[{"embeddable":true,"href":"http:\/\/cordobadirecto.com\/index.php\/wp-json\/wp\/v2\/media\/174683"}],"wp:attachment":[{"href":"http:\/\/cordobadirecto.com\/index.php\/wp-json\/wp\/v2\/media?parent=174682"}],"wp:term":[{"taxonomy":"category","embeddable":true,"href":"http:\/\/cordobadirecto.com\/index.php\/wp-json\/wp\/v2\/categories?post=174682"},{"taxonomy":"post_tag","embeddable":true,"href":"http:\/\/cordobadirecto.com\/index.php\/wp-json\/wp\/v2\/tags?post=174682"}],"curies":[{"name":"wp","href":"https:\/\/api.w.org\/{rel}","templated":true}]}}