{"id":174766,"date":"2025-09-10T21:42:55","date_gmt":"2025-09-10T21:42:55","guid":{"rendered":"https:\/\/www.ole.com.ar\/autos\/max-verstappen-unica-razon-ficharia-ferrari-alguna-vez-quiero-ir-veo-oportunidad-ganar_0_TNUYpgWe7G.html"},"modified":"2025-09-10T21:42:55","modified_gmt":"2025-09-10T21:42:55","slug":"max-verstappen-volvio-a-hablar-de-la-posibilidad-de-ir-a-ferrari","status":"publish","type":"post","link":"http:\/\/cordobadirecto.com\/index.php\/2025\/09\/10\/max-verstappen-volvio-a-hablar-de-la-posibilidad-de-ir-a-ferrari\/","title":{"rendered":"Max Verstappen volvi\u00f3 a hablar de la posibilidad de ir a Ferrari"},"content":{"rendered":"<p><time class=\"createDate\" datetime=\"2025-09-10T18:42:55-03:00\">10\/09\/2025 18:42hs.<\/time><\/p>\n<div id=\"storyBody\">\n<div class=\"custom-text \" readability=\"37\">\n<p><strong>Pese a que Ferrari lleva casi dos d\u00e9cadas sin ganar un t\u00edtulo<\/strong> de constructores ni de pilotos -el \u00faltimo lo logr\u00f3 el finland\u00e9s Kimi R\u00e4ikk\u00f6nen en 2007- sigue siendo la escuder\u00eda m\u00e1s laureada de la historia de la F1. El aura que rodea al equipo rojo hace que a los mejores corredores de la categor\u00eda se los vincule con la posibilidad de correr en alg\u00fan momento para ellos. <strong>Este fue el caso de Max Verstappen, el vigente tetracampe\u00f3n, quien se refiri\u00f3 al reciente rumor.<\/strong><\/p>\n<\/div>\n<p><h2><strong>Qu\u00e9 dijo Max Verstappen sobre la posibilidad de fichar por Ferrari<\/strong><\/h2>\n<\/p>\n<div class=\"custom-text \" readability=\"37\">\n<p>El \u00faltimo ejemplo de grandes campeones en vestir estos colores es Lewis Hamilton, quien siempre tuvo como sue\u00f1o llegar a Maranello. <strong>Sin embargo, seg\u00fan explic\u00f3 Verstappen, hay que considerar m\u00e1s factores que la historia o la tradici\u00f3n al firmar por la escuder\u00eda italiana.<\/strong><\/p>\n<\/div>\n<div class=\"sc-e7b891c4-0 ifHnQL image-embed\"><img alt=\"As\u00ed celebr\u00f3 Max Verstappen su triunfo en el pasado fin de semana en Monza. (AP Photo\/Luca Bruno)\" loading=\"lazy\" width=\"720\" height=\"100\" decoding=\"async\" data-nimg=\"1\" src=\"http:\/\/cordobadirecto.com\/wp-content\/uploads\/2025\/09\/max-verstappen-volvio-a-hablar-de-la-posibilidad-de-ir-a-ferrari.jpg\"><span class=\"epigraphe\">As\u00ed celebr\u00f3 Max Verstappen su triunfo en el pasado fin de semana en Monza. (AP Photo\/Luca Bruno)<\/span><\/div>\n<div class=\"custom-text \" readability=\"42\">\n<p>Los rumores sobre un posible fichaje del holand\u00e9s circularon en los \u00faltimos tiempos, sobre todo debido al controvertido rendimiento de Red Bull.<strong> Pese a ello, tanto el propio piloto como Helmut Marko confirmaron que permanecer\u00e1 en el equipo austr\u00edaco, al menos, hasta 2026.<\/strong> Durante el verano europeo, tambi\u00e9n se lo vincul\u00f3 con Mercedes, pero nunca con Ferrari, una posibilidad que el tetracampe\u00f3n descart\u00f3 de manera tajante en la rueda de prensa previa al GP de Italia.<\/p>\n<\/div>\n<div class=\"custom-text \" readability=\"40\">\n<p><strong>Verstappen no descarta que es dif\u00edcil &#8220;saber lo que va a pasar&#8221;<\/strong> en el futuro y reconoce que hay &#8220;muchas posibilidades en esta vida para cualquier tipo de decisi\u00f3n&#8221;, pero ve consolidado el proyecto de Maranello con Charles Leclerc y Lewis Hamilton. Al mismo tiempo, elogi\u00f3 a Ferrari y admiti\u00f3 que es el equipo al que todo piloto sue\u00f1a con llegar, aunque tambi\u00e9n dej\u00f3 una cr\u00edtica: <strong>&#8220;Todos ven y se imaginan all\u00ed, pero creo que ah\u00ed tambi\u00e9n est\u00e1 el error, pilotar por pilotar para Ferrari&#8221;.<\/strong><\/p>\n<\/div>\n<div class=\"custom-text \" readability=\"41\">\n<p>Por eso, Mad Max prioriza competir por ganar carreras y t\u00edtulos antes que por el estatus de la escuder\u00eda. <strong>&#8220;Si alguna vez quiero ir, no ser\u00e1 s\u00f3lo para estar en Ferrari, ser\u00e1 porque veo la oportunidad de ganar&#8221;, explic\u00f3.<\/strong> &#8220;Si ganas con Ferrari, a\u00fan mejor. No debes dejarte guiar s\u00f3lo por las emociones y la pasi\u00f3n de una marca, tienes que ir porque sientes que es el lugar adecuado para ir&#8221;.<\/p>\n<\/div>\n<div class=\"sc-e7b891c4-0 ifHnQL image-embed\"><img alt=\"El Red Bull de Max Verstappen en acci\u00f3n en Monza.\n(EFE\/EPA\/ANNA SZILAGYI)\" loading=\"lazy\" width=\"720\" height=\"100\" decoding=\"async\" data-nimg=\"1\" src=\"http:\/\/cordobadirecto.com\/wp-content\/uploads\/2025\/09\/max-verstappen-volvio-a-hablar-de-la-posibilidad-de-ir-a-ferrari-1.jpg\"><span class=\"epigraphe\">El Red Bull de Max Verstappen en acci\u00f3n en Monza.<br \/>\n(EFE\/EPA\/ANNA SZILAGYI)<\/span><\/div>\n<p><h2><strong>Cu\u00e1ndo vuelve a correr la F\u00f3rmula <\/strong><\/h2>\n<\/p>\n<div class=\"custom-text \" readability=\"37.340425531915\">\n<p><strong>Luego de la aplastante victoria de Verstappen en Monza<\/strong> sobre ambos McLaren,<strong> la F\u00f3rmula 1 volver\u00e1 a la acci\u00f3n el fin de semana del 19 al 21 de septiembre con el GP de Azerbaiy\u00e1n.<\/strong> En un trazado que, en principio, le favorecer\u00eda un poco m\u00e1s al <strong>Alpine,<\/strong> tanto <strong><a href=\"https:\/\/www.ole.com.ar\/tema\/franco-colapinto.html\" title=\"Franco Colapinto\" alt=\"Franco Colapinto\" class=\"slug\">Franco Colapinto<\/a><\/strong> como su compa\u00f1ero franc\u00e9s pueden aspirar a pelear por estar cerca de la zona de puntos en Bak\u00fa.<\/p>\n<\/div>\n<div class=\"sc-e7b891c4-0 ifHnQL image-embed\"><img alt=\"El Alpine Franco Colapinto durante el GP de Italia.\n(AP Photo\/Luca Bruno)\" loading=\"lazy\" width=\"720\" height=\"100\" decoding=\"async\" data-nimg=\"1\" src=\"http:\/\/cordobadirecto.com\/wp-content\/uploads\/2025\/09\/max-verstappen-volvio-a-hablar-de-la-posibilidad-de-ir-a-ferrari-2.jpg\"><span class=\"epigraphe\">El Alpine Franco Colapinto durante el GP de Italia.<br \/>\n(AP Photo\/Luca Bruno)<\/span><\/div>\n<div class=\"sc-a7166897-0 eoLsBE\" readability=\"7.5\">\n<section readability=\"5\"><picture><img alt=\"\u00a1Decilo, Briatore! Franco Colapinto, cada vez m\u00e1s cerca de seguir como piloto de Alpine para la F\u00f3rmula 1 del 2026\" loading=\"lazy\" width=\"290\" height=\"290\" decoding=\"async\" data-nimg=\"1\" src=\"http:\/\/cordobadirecto.com\/wp-content\/uploads\/2025\/09\/max-verstappen-volvio-a-hablar-de-la-posibilidad-de-ir-a-ferrari-3.jpg\"><\/picture>\n<p><span>Mir\u00e1 tambi\u00e9n<\/span><\/p>\n<hr>\n<h3>\u00a1Decilo, Briatore! Franco Colapinto, cada vez m\u00e1s cerca de seguir como piloto de Alpine para la F\u00f3rmula 1 del 2026<\/h3>\n<\/p>\n<\/section>\n<\/div>\n<div class=\"sc-a7166897-0 eoLsBE\" readability=\"6\">\n<section readability=\"2\"><picture><img alt=\"C\u00f3mo es por dentro el Alpine A525 que maneja Franco Colapinto en la F\u00f3rmula 1\" loading=\"lazy\" width=\"290\" height=\"290\" decoding=\"async\" data-nimg=\"1\" src=\"http:\/\/cordobadirecto.com\/wp-content\/uploads\/2025\/09\/max-verstappen-volvio-a-hablar-de-la-posibilidad-de-ir-a-ferrari-4.jpg\"><\/picture>\n<p><span>Mir\u00e1 tambi\u00e9n<\/span><\/p>\n<hr>\n<h3>C\u00f3mo es por dentro el Alpine A525 que maneja Franco Colapinto en la F\u00f3rmula 1<\/h3>\n<\/p>\n<\/section>\n<\/div>\n<div class=\"sc-a7166897-0 eoLsBE\" readability=\"6.5\">\n<section readability=\"3\"><picture><img alt=\"Flavio Briatore tir\u00f3 la toalla: su pesimismo con el Alpine y todo apuntado a la F\u00f3rmula 1 del 2026\" loading=\"lazy\" width=\"290\" height=\"290\" decoding=\"async\" data-nimg=\"1\" src=\"http:\/\/cordobadirecto.com\/wp-content\/uploads\/2025\/09\/max-verstappen-volvio-a-hablar-de-la-posibilidad-de-ir-a-ferrari-5.jpg\"><\/picture>\n<p><span>Mir\u00e1 tambi\u00e9n<\/span><\/p>\n<hr>\n<h3>Flavio Briatore tir\u00f3 la toalla: su pesimismo con el Alpine y todo apuntado a la F\u00f3rmula 1 del 2026<\/h3>\n<\/p>\n<\/section>\n<\/div>\n<\/div>\n","protected":false},"excerpt":{"rendered":"<p>10\/09\/2025 18:42hs. Pese a que Ferrari lleva casi dos d\u00e9cadas sin ganar un t\u00edtulo de constructores ni de pilotos -el \u00faltimo lo logr\u00f3 el finland\u00e9s Kimi R\u00e4ikk\u00f6nen en 2007- sigue siendo la escuder\u00eda m\u00e1s laureada de la historia de la F1. El aura que rodea al equipo rojo hace que a los mejores corredores de [&hellip;]<\/p>\n","protected":false},"author":1,"featured_media":174767,"comment_status":"closed","ping_status":"closed","sticky":false,"template":"","format":"standard","meta":[],"categories":[21],"tags":[],"_links":{"self":[{"href":"http:\/\/cordobadirecto.com\/index.php\/wp-json\/wp\/v2\/posts\/174766"}],"collection":[{"href":"http:\/\/cordobadirecto.com\/index.php\/wp-json\/wp\/v2\/posts"}],"about":[{"href":"http:\/\/cordobadirecto.com\/index.php\/wp-json\/wp\/v2\/types\/post"}],"author":[{"embeddable":true,"href":"http:\/\/cordobadirecto.com\/index.php\/wp-json\/wp\/v2\/users\/1"}],"replies":[{"embeddable":true,"href":"http:\/\/cordobadirecto.com\/index.php\/wp-json\/wp\/v2\/comments?post=174766"}],"version-history":[{"count":0,"href":"http:\/\/cordobadirecto.com\/index.php\/wp-json\/wp\/v2\/posts\/174766\/revisions"}],"wp:featuredmedia":[{"embeddable":true,"href":"http:\/\/cordobadirecto.com\/index.php\/wp-json\/wp\/v2\/media\/174767"}],"wp:attachment":[{"href":"http:\/\/cordobadirecto.com\/index.php\/wp-json\/wp\/v2\/media?parent=174766"}],"wp:term":[{"taxonomy":"category","embeddable":true,"href":"http:\/\/cordobadirecto.com\/index.php\/wp-json\/wp\/v2\/categories?post=174766"},{"taxonomy":"post_tag","embeddable":true,"href":"http:\/\/cordobadirecto.com\/index.php\/wp-json\/wp\/v2\/tags?post=174766"}],"curies":[{"name":"wp","href":"https:\/\/api.w.org\/{rel}","templated":true}]}}