{"id":174775,"date":"2025-09-10T20:23:11","date_gmt":"2025-09-10T20:23:11","guid":{"rendered":"https:\/\/cordoba.gob.ar\/?p=81031"},"modified":"2025-09-10T20:23:11","modified_gmt":"2025-09-10T20:23:11","slug":"mas-de-60-emprendedores-migrantes-potenciaron-sus-proyectos-con-la-metodologia-imesun-en-la-sede-de-capem","status":"publish","type":"post","link":"http:\/\/cordobadirecto.com\/index.php\/2025\/09\/10\/mas-de-60-emprendedores-migrantes-potenciaron-sus-proyectos-con-la-metodologia-imesun-en-la-sede-de-capem\/","title":{"rendered":"M\u00e1s de 60 emprendedores migrantes potenciaron sus proyectos con la metodolog\u00eda IMESUN en la sede de CAPeM"},"content":{"rendered":"<div><img src=\"http:\/\/cordobadirecto.com\/wp-content\/uploads\/2025\/09\/mas-de-60-emprendedores-migrantes-potenciaron-sus-proyectos-con-la-metodologia-imesun-en-la-sede-de-capem.jpg\" class=\"ff-og-image-inserted\"><\/div>\n<ul>\n<li data-prosemirror-content-type=\"node\" data-prosemirror-node-name=\"paragraph\" data-prosemirror-node-block=\"true\"><strong>Realizaron un entrenamiento intensivo impulsado por la Organizaci\u00f3n Internacional del Trabajo.<\/strong><\/li>\n<li data-prosemirror-content-type=\"node\" data-prosemirror-node-name=\"paragraph\" data-prosemirror-node-block=\"true\"><strong>Los emprendedores tienen la oportunidad de postularse para obtener financiaci\u00f3n y asistencia t\u00e9cnica.<\/strong><\/li>\n<li data-prosemirror-content-type=\"node\" data-prosemirror-node-name=\"paragraph\" data-prosemirror-node-block=\"true\"><strong><strong>Entre participantes y facilitadores se crearon comunidades para seguir potenciando el ecosistema emprendedor.<\/strong><\/strong><br \/>\n<hr>\n<\/li>\n<\/ul>\n<p data-prosemirror-content-type=\"node\" data-prosemirror-node-name=\"paragraph\" data-prosemirror-node-block=\"true\">M\u00e1s de 60 emprendedores migrantes y refugiados, provenientes de m\u00e1s de 10 pa\u00edses, participaron del \u201cCiclo de Entrenamientos con metodolog\u00eda IMESUN\u201d, que se realiz\u00f3 en el Centro de Atenci\u00f3n a Personas Migrantes y Refugiadas (CAPeM), en su sede de Caseros 356.<\/p>\n<p data-prosemirror-content-type=\"node\" data-prosemirror-node-name=\"paragraph\" data-prosemirror-node-block=\"true\">La iniciativa, impulsada por la Municipalidad de C\u00f3rdoba, brind\u00f3 herramientas pr\u00e1cticas para desarrollar y fortalecer negocios, integrando a las comunidades migrantes al ecosistema productivo de la ciudad. El ciclo fue posible gracias al trabajo conjunto con la Organizaci\u00f3n Internacional del Trabajo (OIT), Fundaci\u00f3n Lazos, IMESUN \u2013 Inicie y Mejore su Negocio, el Club de Emprendedores y la Direcci\u00f3n General de Desarrollo del Empleo, adem\u00e1s del compromiso de toda la Municipalidad.<\/p>\n<p data-prosemirror-content-type=\"node\" data-prosemirror-node-name=\"paragraph\" data-prosemirror-node-block=\"true\">Durante la jornada de cierre, el subsecretario de Integraci\u00f3n Regional y Vinculaci\u00f3n Institucional, Alberto Ambrosio, destac\u00f3 el valor humano del espacio: <em>\u201cQuiero felicitar a todos, porque capacitarse y superarse es un camino de crecimiento personal. Este lugar est\u00e1 abierto no s\u00f3lo para eso, sino tambi\u00e9n para contener y generar intercambio desde lo humano y desde lo efectivo. Cada encuentro fue una verdadera formaci\u00f3n para cada uno de los participantes.\u00bb<\/em><\/p>\n<p data-prosemirror-content-type=\"node\" data-prosemirror-node-name=\"paragraph\" data-prosemirror-node-block=\"true\">Paula C\u00e1ceres, de la Direcci\u00f3n de Empleo, comparti\u00f3: <em>\u00abMi experiencia como facilitadora fue altamente gratificante. Ver la cara de los participantes cuando comprendieron c\u00f3mo poner en palabras t\u00e9cnicas lo que ven\u00edan desarrollando en sus negocios fue muy valioso. Compartir con el Club de Emprendedores y CAPeM fue una gran experiencia que ojal\u00e1 se repita.\u00bb<\/em><\/p>\n<p data-prosemirror-content-type=\"node\" data-prosemirror-node-name=\"paragraph\" data-prosemirror-node-block=\"true\">Los facilitadores de IMESUN tambi\u00e9n resaltaron el impacto de la capacitaci\u00f3n. Tom\u00e1s Pereyra, de la Oficina de Empleo y facilitador de IMESUN, explic\u00f3: \u00abHemos ayudado a muchas personas a profesionalizar y brindado herramientas para que puedan llevar adelante sus ideas de negocio. Tras esta etapa, haremos un acompa\u00f1amiento personalizado a seis personas para potenciar sus proyectos.\u00bb<\/p>\n<p data-prosemirror-content-type=\"node\" data-prosemirror-node-name=\"paragraph\" data-prosemirror-node-block=\"true\">Desde IMESUN destacaron la importancia de acompa\u00f1ar a emprendedores en el eje de ideas y negocios, brindando herramientas pr\u00e1cticas para fortalecer proyectos; adem\u00e1s de la sinergia que genera trabajar con distintos municipios (C\u00f3rdoba es uno de los elegidos para este Programa), en donde lo aprendido se ve reflejado en cada emprendimiento.<\/p>\n<p data-prosemirror-content-type=\"node\" data-prosemirror-node-name=\"paragraph\" data-prosemirror-node-block=\"true\">Quienes formaron parte del ciclo coincidieron en que la capacitaci\u00f3n les permiti\u00f3 potenciar sus negocios, adquirir conocimientos pr\u00e1cticos y generar contactos valiosos.<\/p>\n<p data-prosemirror-content-type=\"node\" data-prosemirror-node-name=\"paragraph\" data-prosemirror-node-block=\"true\">En el \u00faltimo encuentro se dict\u00f3 la charla \u201cLas redes sociales como aliado para potenciar tus ventas\u201d, a cargo de la directora de Marketing de Ualbee, Mar\u00eda Luisa Mart\u00ednez, donde se abordaron estrategias de visibilidad, comunicaci\u00f3n directa con clientes, construcci\u00f3n de marca, fidelizaci\u00f3n de la comunidad y alto impacto con bajo costo.<\/p>\n<p data-prosemirror-content-type=\"node\" data-prosemirror-node-name=\"paragraph\" data-prosemirror-node-block=\"true\">Al concluir las 6 jornadas de capacitaci\u00f3n, se les entregaron a los participantes sus respectivos diplomas y se anunci\u00f3 que cinco de los emprendimientos participantes recibir\u00e1n financiamiento de la Organizaci\u00f3n Internacional del Trabajo (OIT), lo que les permitir\u00e1 fortalecer sus proyectos y consolidar su presencia en el mercado.<\/p>\n","protected":false},"excerpt":{"rendered":"<p>Realizaron un entrenamiento intensivo impulsado por la Organizaci\u00f3n Internacional del Trabajo. Los emprendedores tienen la oportunidad de postularse para obtener financiaci\u00f3n y asistencia t\u00e9cnica. Entre participantes y facilitadores se crearon comunidades para seguir potenciando el ecosistema emprendedor. M\u00e1s de 60 emprendedores migrantes y refugiados, provenientes de m\u00e1s de 10 pa\u00edses, participaron del \u201cCiclo de Entrenamientos [&hellip;]<\/p>\n","protected":false},"author":1,"featured_media":174776,"comment_status":"closed","ping_status":"closed","sticky":false,"template":"","format":"standard","meta":[],"categories":[44],"tags":[],"_links":{"self":[{"href":"http:\/\/cordobadirecto.com\/index.php\/wp-json\/wp\/v2\/posts\/174775"}],"collection":[{"href":"http:\/\/cordobadirecto.com\/index.php\/wp-json\/wp\/v2\/posts"}],"about":[{"href":"http:\/\/cordobadirecto.com\/index.php\/wp-json\/wp\/v2\/types\/post"}],"author":[{"embeddable":true,"href":"http:\/\/cordobadirecto.com\/index.php\/wp-json\/wp\/v2\/users\/1"}],"replies":[{"embeddable":true,"href":"http:\/\/cordobadirecto.com\/index.php\/wp-json\/wp\/v2\/comments?post=174775"}],"version-history":[{"count":0,"href":"http:\/\/cordobadirecto.com\/index.php\/wp-json\/wp\/v2\/posts\/174775\/revisions"}],"wp:featuredmedia":[{"embeddable":true,"href":"http:\/\/cordobadirecto.com\/index.php\/wp-json\/wp\/v2\/media\/174776"}],"wp:attachment":[{"href":"http:\/\/cordobadirecto.com\/index.php\/wp-json\/wp\/v2\/media?parent=174775"}],"wp:term":[{"taxonomy":"category","embeddable":true,"href":"http:\/\/cordobadirecto.com\/index.php\/wp-json\/wp\/v2\/categories?post=174775"},{"taxonomy":"post_tag","embeddable":true,"href":"http:\/\/cordobadirecto.com\/index.php\/wp-json\/wp\/v2\/tags?post=174775"}],"curies":[{"name":"wp","href":"https:\/\/api.w.org\/{rel}","templated":true}]}}