{"id":174782,"date":"2025-09-11T21:31:00","date_gmt":"2025-09-11T21:31:00","guid":{"rendered":"https:\/\/cordoba.gob.ar\/?p=81034"},"modified":"2025-09-11T21:31:00","modified_gmt":"2025-09-11T21:31:00","slug":"talleres-de-fotografia-mas-de-250-estudiantes-municipales-se-capacitan-y-preparan-una-muestra-de-retratos-para-fin-de-ano","status":"publish","type":"post","link":"http:\/\/cordobadirecto.com\/index.php\/2025\/09\/11\/talleres-de-fotografia-mas-de-250-estudiantes-municipales-se-capacitan-y-preparan-una-muestra-de-retratos-para-fin-de-ano\/","title":{"rendered":"Talleres de fotograf\u00eda: m\u00e1s de 250 estudiantes municipales se capacitan y preparan una muestra de retratos para fin de a\u00f1o"},"content":{"rendered":"<div><img src=\"http:\/\/cordobadirecto.com\/wp-content\/uploads\/2025\/09\/talleres-de-fotografia-mas-de-250-estudiantes-municipales-se-capacitan-y-preparan-una-muestra-de-retratos-para-fin-de-ano.jpg\" class=\"ff-og-image-inserted\"><\/div>\n<ul class=\"ak-ul\" data-prosemirror-content-type=\"node\" data-prosemirror-node-name=\"bulletList\" data-prosemirror-node-block=\"true\" data-pm-slice=\"3 1 []\" readability=\"1.5\">\n<li data-prosemirror-content-type=\"node\" data-prosemirror-node-name=\"listItem\" data-prosemirror-node-block=\"true\" readability=\"2\">\n<p data-prosemirror-content-type=\"node\" data-prosemirror-node-name=\"paragraph\" data-prosemirror-node-block=\"true\"><strong>Aprenden composici\u00f3n, encuadre, manejo b\u00e1sico de c\u00e1maras profesionales y fotograf\u00eda con celulares<\/strong><\/p>\n<\/li>\n<li data-prosemirror-content-type=\"node\" data-prosemirror-node-name=\"listItem\" data-prosemirror-node-block=\"true\" readability=\"1\">\n<p data-prosemirror-content-type=\"node\" data-prosemirror-node-name=\"paragraph\" data-prosemirror-node-block=\"true\"><strong>Como parte de la propuesta, recorren el Casco Hist\u00f3rico de C\u00f3rdoba con sus dispositivos y registran im\u00e1genes a partir de lo aprendido.<\/strong><\/p>\n<\/li>\n<\/ul>\n<hr>\n<p data-prosemirror-content-type=\"node\" data-prosemirror-node-name=\"paragraph\" data-prosemirror-node-block=\"true\">En el marco del proyecto integrador \u201cMiradas que Aprenden, Caminan y Comunican\u201d, m\u00e1s de 250 estudiantes del sistema educativo municipal aprenden t\u00e9cnicas fotogr\u00e1ficas a trav\u00e9s de diversos talleres.<\/p>\n<p data-prosemirror-content-type=\"node\" data-prosemirror-node-name=\"paragraph\" data-prosemirror-node-block=\"true\">Ni\u00f1os y ni\u00f1as de cuarto, quinto y sexto grado se capacitan en composici\u00f3n, encuadre, manejo b\u00e1sico de c\u00e1maras profesionales y fotograf\u00eda con celulares, adem\u00e1s de explorar la creatividad.<\/p>\n<p data-prosemirror-content-type=\"node\" data-prosemirror-node-name=\"paragraph\" data-prosemirror-node-block=\"true\">Los talleres son dictados por la Municipalidad de C\u00f3rdoba junto a fot\u00f3grafos profesionales que comparten conocimientos y experiencias, incentivando a los estudiantes a descubrir nuevas formas de mirar la ciudad.<\/p>\n<p data-prosemirror-content-type=\"node\" data-prosemirror-node-name=\"paragraph\" data-prosemirror-node-block=\"true\">Como parte de la propuesta, los alumnos recorrieron el Casco Hist\u00f3rico de C\u00f3rdoba con sus dispositivos y registraron im\u00e1genes a partir de lo aprendido. Luego, editar\u00e1n sus producciones en la plataforma EDIPRO y a fin de a\u00f1o presentar\u00e1n una gran exposici\u00f3n abierta a familias y comunidad educativa, donde ellos mismos relatar\u00e1n el proceso detr\u00e1s de cada obra.<\/p>\n<p data-prosemirror-content-type=\"node\" data-prosemirror-node-name=\"paragraph\" data-prosemirror-node-block=\"true\">Esta experiencia busca potenciar habilidades en fotograf\u00eda, fortalecer el sentido de pertenencia y formar a los estudiantes como verdaderos anfitriones tur\u00edsticos de la ciudad.<\/p>\n<p data-prosemirror-content-type=\"node\" data-prosemirror-node-name=\"paragraph\" data-prosemirror-node-block=\"true\">\u201c<em>Este proyecto representa una oportunidad transformadora para nuestras infancias: aprender recorriendo su ciudad, reconociendo su historia y apropi\u00e1ndose de su identidad<\/em>\u201d, afirm\u00f3 la secretaria de Educaci\u00f3n, Alicia La Terza.<\/p>\n","protected":false},"excerpt":{"rendered":"<p>Aprenden composici\u00f3n, encuadre, manejo b\u00e1sico de c\u00e1maras profesionales y fotograf\u00eda con celulares Como parte de la propuesta, recorren el Casco Hist\u00f3rico de C\u00f3rdoba con sus dispositivos y registran im\u00e1genes a partir de lo aprendido. En el marco del proyecto integrador \u201cMiradas que Aprenden, Caminan y Comunican\u201d, m\u00e1s de 250 estudiantes del sistema educativo municipal aprenden [&hellip;]<\/p>\n","protected":false},"author":1,"featured_media":174783,"comment_status":"closed","ping_status":"closed","sticky":false,"template":"","format":"standard","meta":[],"categories":[44],"tags":[],"_links":{"self":[{"href":"http:\/\/cordobadirecto.com\/index.php\/wp-json\/wp\/v2\/posts\/174782"}],"collection":[{"href":"http:\/\/cordobadirecto.com\/index.php\/wp-json\/wp\/v2\/posts"}],"about":[{"href":"http:\/\/cordobadirecto.com\/index.php\/wp-json\/wp\/v2\/types\/post"}],"author":[{"embeddable":true,"href":"http:\/\/cordobadirecto.com\/index.php\/wp-json\/wp\/v2\/users\/1"}],"replies":[{"embeddable":true,"href":"http:\/\/cordobadirecto.com\/index.php\/wp-json\/wp\/v2\/comments?post=174782"}],"version-history":[{"count":0,"href":"http:\/\/cordobadirecto.com\/index.php\/wp-json\/wp\/v2\/posts\/174782\/revisions"}],"wp:featuredmedia":[{"embeddable":true,"href":"http:\/\/cordobadirecto.com\/index.php\/wp-json\/wp\/v2\/media\/174783"}],"wp:attachment":[{"href":"http:\/\/cordobadirecto.com\/index.php\/wp-json\/wp\/v2\/media?parent=174782"}],"wp:term":[{"taxonomy":"category","embeddable":true,"href":"http:\/\/cordobadirecto.com\/index.php\/wp-json\/wp\/v2\/categories?post=174782"},{"taxonomy":"post_tag","embeddable":true,"href":"http:\/\/cordobadirecto.com\/index.php\/wp-json\/wp\/v2\/tags?post=174782"}],"curies":[{"name":"wp","href":"https:\/\/api.w.org\/{rel}","templated":true}]}}