{"id":174874,"date":"2025-09-11T19:45:51","date_gmt":"2025-09-11T19:45:51","guid":{"rendered":"https:\/\/www.ole.com.ar\/autos\/ver-tc-turismo-carretera-san-luis-fecha-11-temporada-2025-dia-horario-fecha-tv_0_yICl4uSfhh.html"},"modified":"2025-09-11T19:45:51","modified_gmt":"2025-09-11T19:45:51","slug":"tc-en-san-luis-cuando-es-y-donder-ver-la-carrera-por-tv","status":"publish","type":"post","link":"http:\/\/cordobadirecto.com\/index.php\/2025\/09\/11\/tc-en-san-luis-cuando-es-y-donder-ver-la-carrera-por-tv\/","title":{"rendered":"TC en San Luis: cu\u00e1ndo es y d\u00f3nder ver la carrera por TV"},"content":{"rendered":"<p><time class=\"createDate\" datetime=\"2025-09-11T16:45:51-03:00\">11\/09\/2025 16:45hs.<\/time><\/p>\n<div id=\"storyBody\">\n<div class=\"custom-text \" readability=\"39.320481927711\">\n<p><strong>San Luis<\/strong> se prepara para recibir al <strong><a href=\"https:\/\/www.ole.com.ar\/tema\/turismo-carretera.html\" title=\"Turismo Carretera\" alt=\"Turismo Carretera\" class=\"slug\">Turismo Carretera<\/a><\/strong>, que disputar\u00e1 su <strong>11\u00aa fecha<\/strong> este fin de semana en el <strong>Aut\u00f3dromo Rosendo Hern\u00e1ndez<\/strong>, el escenario del estreno de la Copa de Oro. Contando esta, todav\u00eda s\u00f3lo restan cinco carreras para cerrar el campeonato que tiene a <strong>Marcelo Agrelo<\/strong> (Toyota) como l\u00edder, con <strong>272,5 puntos<\/strong>. A continuaci\u00f3n, todo lo que necesit\u00e1s saber para ver una nueva presentaci\u00f3n del TC.<\/p>\n<\/div>\n<p><h2>Cu\u00e1ndo y por d\u00f3nde ver el TC en San Luis<\/h2>\n<\/p>\n<div class=\"custom-text \" readability=\"41\">\n<p>La acci\u00f3n en pista larga este s\u00e1bado por la ma\u00f1ana con 2 tandas de entrenamientos. La primera dar\u00e1 inicio a las <strong>11.05<\/strong> y se ver\u00e1 a trav\u00e9s de <strong>DeporTV y Motorplay<\/strong>. Luego, a las <strong>12.10<\/strong>, se desarrollar\u00e1 el 2\u00b0 ensayo a las <strong>13.20<\/strong> bajo la transmisi\u00f3n de <strong>Motorplay<\/strong>. M\u00e1s tarde, a las <strong>16.03<\/strong>, tendr\u00e1 lugar la tanda clasificatoria que constar\u00e1 de cuatro cuartos de ocho minutos cada una, y se podr\u00e1 seguir por <strong>DeporTV, la TV P\u00fablica y Motorplay<\/strong>.<\/p>\n<\/div>\n<div class=\"custom-text \" readability=\"39\">\n<p>Como marca la tradici\u00f3n, el plato fuerte se servir\u00e1 el domingo. Pero antes, el aperitivo: las series, que se correr\u00e1n a las <strong>10.10<\/strong>. La Final, por su parte, ser\u00e1 a las <strong>13.30<\/strong> y quien tomar\u00e1 la posta de la televisi\u00f3n es la <strong>TV P\u00fablica<\/strong>.<\/p>\n<\/div>\n<div class=\"sc-e7b891c4-0 ifHnQL image-embed\"><img alt=\"Agust\u00edn Canapino, quien viene de ganar en la fecha anterior, el a\u00f1o pasado en San Luis. (Foto: Berna Bosco)\" loading=\"lazy\" width=\"720\" height=\"100\" decoding=\"async\" data-nimg=\"1\" src=\"http:\/\/cordobadirecto.com\/wp-content\/uploads\/2025\/09\/tc-en-san-luis-cuando-es-y-donder-ver-la-carrera-por-tv.jpg\"><span class=\"epigraphe\">Agust\u00edn Canapino, quien viene de ganar en la fecha anterior, el a\u00f1o pasado en San Luis. (Foto: Berna Bosco)<\/span><\/div>\n<p><h2>En limpio, el cronograma de la und\u00e9cima fecha del Turismo Carretera<\/h2>\n<\/p>\n<p><h3>S\u00e1bado 13 de septiembre<\/h3>\n<\/p>\n<div class=\"custom-text \">\n<ul>\n<li>Primer entrenamiento: Grupo B de 11.05 a 11.25 y Grupo A de 11.30 a 11.50.<\/li>\n<li>Segundo entrenamiento: Grupo B de 13.20 a 13.50 y Grupo A de 13.55 a 14.25.<\/li>\n<li>Clasificaci\u00f3n: de 16.03 a 16.50. <\/li>\n<\/ul>\n<\/div>\n<p><h3>Domingo 14<\/h3>\n<\/p>\n<div class=\"custom-text \">\n<ul>\n<li>Series: de 10.10 a 11.10.<\/li>\n<li>Final (25 vueltas o 50 minutos): de 13.30 a 14.20.<\/li>\n<\/ul>\n<\/div>\n<div class=\"sc-e7b891c4-0 ifHnQL image-embed\"><img alt=\"En el Rosendo Hern\u00e1ndez largar\u00e1 la Copa de Oro. (Foto: @actcargentina)\" loading=\"lazy\" width=\"720\" height=\"100\" decoding=\"async\" data-nimg=\"1\" src=\"http:\/\/cordobadirecto.com\/wp-content\/uploads\/2025\/09\/tc-en-san-luis-cuando-es-y-donder-ver-la-carrera-por-tv-1.jpg\"><span class=\"epigraphe\">En el Rosendo Hern\u00e1ndez largar\u00e1 la Copa de Oro. (Foto: @actcargentina)<\/span><\/div>\n<p><h2>As\u00ed est\u00e1 el top 10 del campeonato<\/h2>\n<\/p>\n<div class=\"custom-text \">\n<ol>\n<li>Marcelo Agrelo (Toyota) &#8211; 272,5 puntos<\/li>\n<li>Agust\u00edn Canapino** (Chevrolet) &#8211; 258,5<\/li>\n<li>Juan Mart\u00edn Trucco (Dodge) &#8211; 252,5<\/li>\n<li>Mauricio Lambiris* (Ford) &#8211; 246,5<\/li>\n<li>Juli\u00e1n Santero (Ford) &#8211; 242,5<\/li>\n<li>Germ\u00e1n Todino (Ford) &#8211; 219,5<\/li>\n<li>Valent\u00edn Aguirre (Chevrolet) &#8211; 195<\/li>\n<li>Otto Fritzler* (Toyota) &#8211; 190<\/li>\n<li>Santiago Mangoni (Chevrolet) &#8211; 186<\/li>\n<li>Christian Ledesma (Chevrolet) &#8211; 183,5<\/li>\n<\/ol>\n<\/div>\n<div class=\"sc-a7166897-0 eoLsBE\" readability=\"6.5\">\n<section readability=\"3\"><picture><img alt=\"Informe F\u00f3rmula 1 en Argentina: \u00bfqu\u00e9 se sabe hasta el momento de la posible vuelta?\" loading=\"lazy\" width=\"290\" height=\"290\" decoding=\"async\" data-nimg=\"1\" src=\"http:\/\/cordobadirecto.com\/wp-content\/uploads\/2025\/09\/tc-en-san-luis-cuando-es-y-donder-ver-la-carrera-por-tv-2.jpg\"><\/picture>\n<p><span>Mir\u00e1 tambi\u00e9n<\/span><\/p>\n<hr>\n<h3>Informe F\u00f3rmula 1 en Argentina: \u00bfqu\u00e9 se sabe hasta el momento de la posible vuelta?<\/h3>\n<\/p>\n<\/section>\n<\/div>\n<div class=\"sc-a7166897-0 eoLsBE\" readability=\"7.5\">\n<section readability=\"5\"><picture><img alt=\"\u00a1Decilo, Briatore! Franco Colapinto, cada vez m\u00e1s cerca de seguir como piloto de Alpine para la F\u00f3rmula 1 del 2026\" loading=\"lazy\" width=\"290\" height=\"290\" decoding=\"async\" data-nimg=\"1\" src=\"http:\/\/cordobadirecto.com\/wp-content\/uploads\/2025\/09\/tc-en-san-luis-cuando-es-y-donder-ver-la-carrera-por-tv-3.jpg\"><\/picture>\n<p><span>Mir\u00e1 tambi\u00e9n<\/span><\/p>\n<hr>\n<h3>\u00a1Decilo, Briatore! Franco Colapinto, cada vez m\u00e1s cerca de seguir como piloto de Alpine para la F\u00f3rmula 1 del 2026<\/h3>\n<\/p>\n<\/section>\n<\/div>\n<div class=\"sc-a7166897-0 eoLsBE\" readability=\"6.5\">\n<section readability=\"3\"><picture><img alt=\"La certeza de Alpine de cara a 2026 mientras Colapinto espera para tener su butaca garantizada\" loading=\"lazy\" width=\"290\" height=\"290\" decoding=\"async\" data-nimg=\"1\" src=\"http:\/\/cordobadirecto.com\/wp-content\/uploads\/2025\/09\/tc-en-san-luis-cuando-es-y-donder-ver-la-carrera-por-tv-4.jpg\"><\/picture>\n<p><span>Mir\u00e1 tambi\u00e9n<\/span><\/p>\n<hr>\n<h3>La certeza de Alpine de cara a 2026 mientras Colapinto espera para tener su butaca garantizada<\/h3>\n<\/p>\n<\/section>\n<\/div>\n<\/div>\n","protected":false},"excerpt":{"rendered":"<p>11\/09\/2025 16:45hs. San Luis se prepara para recibir al Turismo Carretera, que disputar\u00e1 su 11\u00aa fecha este fin de semana en el Aut\u00f3dromo Rosendo Hern\u00e1ndez, el escenario del estreno de la Copa de Oro. Contando esta, todav\u00eda s\u00f3lo restan cinco carreras para cerrar el campeonato que tiene a Marcelo Agrelo (Toyota) como l\u00edder, con 272,5 [&hellip;]<\/p>\n","protected":false},"author":1,"featured_media":174875,"comment_status":"closed","ping_status":"closed","sticky":false,"template":"","format":"standard","meta":[],"categories":[21],"tags":[],"_links":{"self":[{"href":"http:\/\/cordobadirecto.com\/index.php\/wp-json\/wp\/v2\/posts\/174874"}],"collection":[{"href":"http:\/\/cordobadirecto.com\/index.php\/wp-json\/wp\/v2\/posts"}],"about":[{"href":"http:\/\/cordobadirecto.com\/index.php\/wp-json\/wp\/v2\/types\/post"}],"author":[{"embeddable":true,"href":"http:\/\/cordobadirecto.com\/index.php\/wp-json\/wp\/v2\/users\/1"}],"replies":[{"embeddable":true,"href":"http:\/\/cordobadirecto.com\/index.php\/wp-json\/wp\/v2\/comments?post=174874"}],"version-history":[{"count":0,"href":"http:\/\/cordobadirecto.com\/index.php\/wp-json\/wp\/v2\/posts\/174874\/revisions"}],"wp:featuredmedia":[{"embeddable":true,"href":"http:\/\/cordobadirecto.com\/index.php\/wp-json\/wp\/v2\/media\/174875"}],"wp:attachment":[{"href":"http:\/\/cordobadirecto.com\/index.php\/wp-json\/wp\/v2\/media?parent=174874"}],"wp:term":[{"taxonomy":"category","embeddable":true,"href":"http:\/\/cordobadirecto.com\/index.php\/wp-json\/wp\/v2\/categories?post=174874"},{"taxonomy":"post_tag","embeddable":true,"href":"http:\/\/cordobadirecto.com\/index.php\/wp-json\/wp\/v2\/tags?post=174874"}],"curies":[{"name":"wp","href":"https:\/\/api.w.org\/{rel}","templated":true}]}}