{"id":174876,"date":"2025-09-11T19:37:19","date_gmt":"2025-09-11T19:37:19","guid":{"rendered":"https:\/\/www.ole.com.ar\/autos\/corre-ver-valentin-perrone-moto3-gp-san-marino-marco-morelli_0_ywzOP3IrT9.html"},"modified":"2025-09-11T19:37:19","modified_gmt":"2025-09-11T19:37:19","slug":"cuando-corre-y-por-donde-ver-a-valentin-perrone-en-el-gp-de-san-marino-de-moto3","status":"publish","type":"post","link":"http:\/\/cordobadirecto.com\/index.php\/2025\/09\/11\/cuando-corre-y-por-donde-ver-a-valentin-perrone-en-el-gp-de-san-marino-de-moto3\/","title":{"rendered":"Cu\u00e1ndo corre y por d\u00f3nde ver a Valent\u00edn Perrone en el GP de San Marino de Moto3"},"content":{"rendered":"<p><time class=\"createDate\" datetime=\"2025-09-11T16:37:19-03:00\">11\/09\/2025 16:37hs.<\/time><\/p>\n<div id=\"storyBody\">\n<div class=\"custom-text \" readability=\"32.627450980392\">\n<p><strong>Moto3 no descansa<\/strong>. Despu\u00e9s de la salida a pista en el circuito de Montmel\u00f3 el finde pasado, esta semana la actividad se muda al <strong>trazado de Misano Marco Simoncelli para el Gran Premio de San Marino<\/strong>. All\u00ed, <strong><a href=\"https:\/\/www.ole.com.ar\/tema\/valentin-perrone.html\" title=\"valentin perrone\" alt=\"valentin perrone\" class=\"slug\">Valent\u00edn Perrone<\/a><\/strong>, que <a href=\"https:\/\/www.ole.com.ar\/autos\/valentin-perrone-metio-top-10-barcelona-sumo-puntos-campeonato-moto-3_0_ML1iXABJmJ.html\" target=\"_self\" title=\"viene de quedar 10\u00b0 en Catalunya\" alt=\"viene de quedar 10\u00b0 en Catalunya\" rel=\"noopener\">viene de quedar 10\u00b0 en Barcelona<\/a>, <strong>se subir\u00e1 nuevamente a su KTM del Tech3. <\/strong><\/p>\n<\/div>\n<div class=\"custom-text \" readability=\"40\">\n<p>Ser\u00e1 en el marco de la 16\u00b0 fecha del campeonato, y <strong>el europibe intentar\u00e1 seguir sumando como lo viene haciendo desde el tercer fin de semana<\/strong> de competencia. En la tabla general <strong>marcha 10\u00b0<\/strong>, y hasta ahora obtuvo dos podios: uno en <strong>Pa\u00edses Bajos<\/strong>, donde se llev\u00f3 el <strong>bronce<\/strong>, y el m\u00e1s reciente en <strong>Hungr\u00eda<\/strong>, donde <strong>se tuvo que conformar con ser escolta del puntero por tan solo 18 mil\u00e9simas.<\/strong><\/p>\n<\/div>\n<div class=\"sc-e7b891c4-0 ifHnQL image-embed\"><img alt=\"Perrone en Hungr\u00eda, donde le qued\u00f3 la espinita de conseguir su primer triunfo. (REUTER)\" loading=\"lazy\" width=\"720\" height=\"100\" decoding=\"async\" data-nimg=\"1\" src=\"http:\/\/cordobadirecto.com\/wp-content\/uploads\/2025\/09\/cuando-corre-y-por-donde-ver-a-valentin-perrone-en-el-gp-de-san-marino-de-moto3.jpg\"><span class=\"epigraphe\">Perrone en Hungr\u00eda, donde le qued\u00f3 la espinita de conseguir su primer triunfo. (REUTER)<\/span><\/div>\n<p><h2>Cu\u00e1ndo y por d\u00f3nde ver el Gran Premio de San Marino de Moto3<\/h2>\n<\/p>\n<div class=\"custom-text \" readability=\"39\">\n<p><strong>La tercera categor\u00eda telonera del MotoGP<\/strong> comenzar\u00e1 su actividad en pista este <strong>viernes<\/strong>, en una jornada que contar\u00e1 con <strong>dos pr\u00e1cticas libres<\/strong>. La primera de ellas ser\u00e1 a las 4, mientras que la segunda comenzar\u00e1 a las 8.15. El <strong>s\u00e1bado <\/strong>se correr\u00e1 la \u00faltima prueba a las 3.40, para m\u00e1s tarde pasar a la siempre desafiante <strong>clasificaci\u00f3n, a partir de las 7.50.<\/strong><\/p>\n<\/div>\n<div class=\"custom-text \" readability=\"39\">\n<p>El <strong>domingo<\/strong>, como de costumbre, <strong>se definir\u00e1 todo en la carrera, que se disputar\u00e1 a las 5 y ser\u00e1 a 16 vueltas<\/strong>. Toda la acci\u00f3n del fin de semana, con <strong>Perrone<\/strong> presente, se podr\u00e1 ver a trav\u00e9s de la transmisi\u00f3n online de <strong>Disney+ Premium.<\/strong><\/p>\n<\/div>\n<div class=\"sc-e7b891c4-0 ifHnQL image-embed\"><img alt=\"Perrone, listo para m\u00e1s acci\u00f3n. (Prensa Tech3)\" loading=\"lazy\" width=\"720\" height=\"100\" decoding=\"async\" data-nimg=\"1\" src=\"http:\/\/cordobadirecto.com\/wp-content\/uploads\/2025\/09\/cuando-corre-y-por-donde-ver-a-valentin-perrone-en-el-gp-de-san-marino-de-moto3-1.jpg\"><span class=\"epigraphe\">Perrone, listo para m\u00e1s acci\u00f3n. (Prensa Tech3)<\/span><\/div>\n<p><h2>Morelli: el gran ausente en el Gran Premio de San Marino<\/h2>\n<\/p>\n<div class=\"custom-text \" readability=\"32.256926952141\">\n<p><strong>Marco Morelli<\/strong>, el otro piloto que representa a la Argentina en la parrilla, <strong>no estar\u00e1 presente en la competencia en San Marino<\/strong>. A pesar de que en Barcelona se oficializ\u00f3 que iba a quedar como titular dentro de<strong> MLav Racing <\/strong>-e incluso se confirm\u00f3 que <strong><a href=\"https:\/\/www.ole.com.ar\/autos\/marco-morelli-confirmado-moto3-2026-aspar-team-piloto-argentino_0_S8CfUXd5NF.html\" target=\"_self\" title=\"correr\u00e1 toda la temporada del a\u00f1o que viene en otro equipo\" alt=\"correr\u00e1 toda la temporada del a\u00f1o que viene en otro equipo\" rel=\"noopener\">correr\u00e1 toda la temporada del a\u00f1o que viene en otro equipo<\/a><\/strong>-, se sab\u00eda de antemano que no iba a estar disponible en esta carrera&#8230; <strong>\u00bfPor qu\u00e9?<\/strong><\/p>\n<\/div>\n<div class=\"custom-text \" readability=\"36.442771084337\">\n<p>La raz\u00f3n es que <strong>el pibe de 18 a\u00f1os y origen argentino compite en otra categor\u00eda de motociclismo en simult\u00e1neo<\/strong> a su participaci\u00f3n en <strong><a href=\"https:\/\/www.ole.com.ar\/tema\/moto3.html\" title=\"Moto3\" alt=\"Moto3\" class=\"slug\">Moto3<\/a><\/strong>: <strong>la Red Bull Rookies Cup<\/strong>, campeonato en el que va 6\u00b0, y que tendr\u00e1 su \u00faltima fecha este fin de semana en el mismo circuito. Su lugar en MLav Racing lo tomar\u00e1 el brit\u00e1nico <strong>Evan Belford<\/strong>.<\/p>\n<\/div>\n<div class=\"sc-e7b891c4-0 ifHnQL image-embed\"><img alt=\"Marco Morelli fue presentado por Aspar Team de cara a la temporada 2026 de Moto3. (@asparteam)\" loading=\"lazy\" width=\"720\" height=\"100\" decoding=\"async\" data-nimg=\"1\" src=\"http:\/\/cordobadirecto.com\/wp-content\/uploads\/2025\/09\/cuando-corre-y-por-donde-ver-a-valentin-perrone-en-el-gp-de-san-marino-de-moto3-2.jpg\"><span class=\"epigraphe\">Marco Morelli fue presentado por Aspar Team de cara a la temporada 2026 de Moto3. (@asparteam)<\/span><\/div>\n<div class=\"sc-a7166897-0 eoLsBE\" readability=\"6\">\n<section readability=\"2\"><picture><img alt=\"El personaje de la F\u00f3rmula 1 que adquiri\u00f3 el equipo de motos de Valent\u00edn Perrone\" loading=\"lazy\" width=\"290\" height=\"290\" decoding=\"async\" data-nimg=\"1\" src=\"http:\/\/cordobadirecto.com\/wp-content\/uploads\/2025\/09\/cuando-corre-y-por-donde-ver-a-valentin-perrone-en-el-gp-de-san-marino-de-moto3-3.jpg\"><\/picture>\n<p><span>Mir\u00e1 tambi\u00e9n<\/span><\/p>\n<hr>\n<h3>El personaje de la F\u00f3rmula 1 que adquiri\u00f3 el equipo de motos de Valent\u00edn Perrone<\/h3>\n<\/p>\n<\/section>\n<\/div>\n<div class=\"sc-a7166897-0 eoLsBE\" readability=\"6.5\">\n<section readability=\"3\"><picture><img alt=\"Argentina tendr\u00e1 mayor peso en Moto3 en 2026: Marco Morelli correr\u00e1 la temporada completa\" loading=\"lazy\" width=\"290\" height=\"290\" decoding=\"async\" data-nimg=\"1\" src=\"http:\/\/cordobadirecto.com\/wp-content\/uploads\/2025\/09\/cuando-corre-y-por-donde-ver-a-valentin-perrone-en-el-gp-de-san-marino-de-moto3-4.jpg\"><\/picture>\n<p><span>Mir\u00e1 tambi\u00e9n<\/span><\/p>\n<hr>\n<h3>Argentina tendr\u00e1 mayor peso en Moto3 en 2026: Marco Morelli correr\u00e1 la temporada completa<\/h3>\n<\/p>\n<\/section>\n<\/div>\n<div class=\"sc-a7166897-0 eoLsBE\" readability=\"6.5\">\n<section readability=\"3\"><picture><img alt=\"Callejero de Buenos Aires: as\u00ed ser\u00e1 el circuito que ilusiona con la vuelta de la F\u00f3rmula 1 a la Argentina\" loading=\"lazy\" width=\"290\" height=\"290\" decoding=\"async\" data-nimg=\"1\" src=\"http:\/\/cordobadirecto.com\/wp-content\/uploads\/2025\/09\/cuando-corre-y-por-donde-ver-a-valentin-perrone-en-el-gp-de-san-marino-de-moto3-5.jpg\"><\/picture>\n<p><span>Mir\u00e1 tambi\u00e9n<\/span><\/p>\n<hr>\n<h3>Callejero de Buenos Aires: as\u00ed ser\u00e1 el circuito que ilusiona con la vuelta de la F\u00f3rmula 1 a la Argentina<\/h3>\n<\/p>\n<\/section>\n<\/div>\n<\/div>\n","protected":false},"excerpt":{"rendered":"<p>11\/09\/2025 16:37hs. Moto3 no descansa. Despu\u00e9s de la salida a pista en el circuito de Montmel\u00f3 el finde pasado, esta semana la actividad se muda al trazado de Misano Marco Simoncelli para el Gran Premio de San Marino. All\u00ed, Valent\u00edn Perrone, que viene de quedar 10\u00b0 en Barcelona, se subir\u00e1 nuevamente a su KTM del [&hellip;]<\/p>\n","protected":false},"author":1,"featured_media":174877,"comment_status":"closed","ping_status":"closed","sticky":false,"template":"","format":"standard","meta":[],"categories":[21],"tags":[],"_links":{"self":[{"href":"http:\/\/cordobadirecto.com\/index.php\/wp-json\/wp\/v2\/posts\/174876"}],"collection":[{"href":"http:\/\/cordobadirecto.com\/index.php\/wp-json\/wp\/v2\/posts"}],"about":[{"href":"http:\/\/cordobadirecto.com\/index.php\/wp-json\/wp\/v2\/types\/post"}],"author":[{"embeddable":true,"href":"http:\/\/cordobadirecto.com\/index.php\/wp-json\/wp\/v2\/users\/1"}],"replies":[{"embeddable":true,"href":"http:\/\/cordobadirecto.com\/index.php\/wp-json\/wp\/v2\/comments?post=174876"}],"version-history":[{"count":0,"href":"http:\/\/cordobadirecto.com\/index.php\/wp-json\/wp\/v2\/posts\/174876\/revisions"}],"wp:featuredmedia":[{"embeddable":true,"href":"http:\/\/cordobadirecto.com\/index.php\/wp-json\/wp\/v2\/media\/174877"}],"wp:attachment":[{"href":"http:\/\/cordobadirecto.com\/index.php\/wp-json\/wp\/v2\/media?parent=174876"}],"wp:term":[{"taxonomy":"category","embeddable":true,"href":"http:\/\/cordobadirecto.com\/index.php\/wp-json\/wp\/v2\/categories?post=174876"},{"taxonomy":"post_tag","embeddable":true,"href":"http:\/\/cordobadirecto.com\/index.php\/wp-json\/wp\/v2\/tags?post=174876"}],"curies":[{"name":"wp","href":"https:\/\/api.w.org\/{rel}","templated":true}]}}