{"id":174889,"date":"2025-09-12T18:04:36","date_gmt":"2025-09-12T18:04:36","guid":{"rendered":"http:\/\/cordobadirecto.com\/index.php\/2025\/09\/12\/provincias-unidas-se-reunio-con-intendentes-del-sur-de-cordoba-para-dar-apoyo-a-schiaretti-lv16\/"},"modified":"2025-09-12T18:04:36","modified_gmt":"2025-09-12T18:04:36","slug":"provincias-unidas-se-reunio-con-intendentes-del-sur-de-cordoba-para-dar-apoyo-a-schiaretti-lv16","status":"publish","type":"post","link":"http:\/\/cordobadirecto.com\/index.php\/2025\/09\/12\/provincias-unidas-se-reunio-con-intendentes-del-sur-de-cordoba-para-dar-apoyo-a-schiaretti-lv16\/","title":{"rendered":"Provincias Unidas se reuni\u00f3 con Intendentes del sur de <b>C\u00f3rdoba<\/b> para dar apoyo a Schiaretti &#8211; LV16"},"content":{"rendered":"<p>En el encuentro se plante\u00f3 el apoyo al exgobernador para la pr\u00f3xima elecci\u00f3n legislativa. El Gobernador de Santa Fe habl\u00f3 sobre el poder econ\u00f3mico&nbsp;&#8230; <\/p>\n","protected":false},"excerpt":{"rendered":"<p>En el encuentro se plante\u00f3 el apoyo al exgobernador para la pr\u00f3xima elecci\u00f3n legislativa. El Gobernador de Santa Fe habl\u00f3 sobre el poder econ\u00f3mico&nbsp;&#8230;<\/p>\n","protected":false},"author":1,"featured_media":0,"comment_status":"closed","ping_status":"closed","sticky":false,"template":"","format":"standard","meta":[],"categories":[40],"tags":[],"_links":{"self":[{"href":"http:\/\/cordobadirecto.com\/index.php\/wp-json\/wp\/v2\/posts\/174889"}],"collection":[{"href":"http:\/\/cordobadirecto.com\/index.php\/wp-json\/wp\/v2\/posts"}],"about":[{"href":"http:\/\/cordobadirecto.com\/index.php\/wp-json\/wp\/v2\/types\/post"}],"author":[{"embeddable":true,"href":"http:\/\/cordobadirecto.com\/index.php\/wp-json\/wp\/v2\/users\/1"}],"replies":[{"embeddable":true,"href":"http:\/\/cordobadirecto.com\/index.php\/wp-json\/wp\/v2\/comments?post=174889"}],"version-history":[{"count":0,"href":"http:\/\/cordobadirecto.com\/index.php\/wp-json\/wp\/v2\/posts\/174889\/revisions"}],"wp:attachment":[{"href":"http:\/\/cordobadirecto.com\/index.php\/wp-json\/wp\/v2\/media?parent=174889"}],"wp:term":[{"taxonomy":"category","embeddable":true,"href":"http:\/\/cordobadirecto.com\/index.php\/wp-json\/wp\/v2\/categories?post=174889"},{"taxonomy":"post_tag","embeddable":true,"href":"http:\/\/cordobadirecto.com\/index.php\/wp-json\/wp\/v2\/tags?post=174889"}],"curies":[{"name":"wp","href":"https:\/\/api.w.org\/{rel}","templated":true}]}}