{"id":174968,"date":"2025-09-12T22:46:14","date_gmt":"2025-09-12T22:46:14","guid":{"rendered":"https:\/\/www.ole.com.ar\/autos\/confirmado-max-verstappen-categoria-f1-formula-1-licencia-gt4-nordschlife_0_0qmhAmocYT.html"},"modified":"2025-09-12T22:46:14","modified_gmt":"2025-09-12T22:46:14","slug":"verstappen-no-se-detiene-este-fin-de-semana-compite-fuera-de-la-formula-1","status":"publish","type":"post","link":"http:\/\/cordobadirecto.com\/index.php\/2025\/09\/12\/verstappen-no-se-detiene-este-fin-de-semana-compite-fuera-de-la-formula-1\/","title":{"rendered":"Verstappen no se detiene: este fin de semana compite fuera de la F\u00f3rmula 1"},"content":{"rendered":"<p><span class=\"createDate\">12\/09\/2025 19:46hs.<\/span><time class=\"modificatedDate\" datetime=\"2025-09-12T19:59:59-03:00\"> Actualizado al 12\/09\/2025 19:59hs.<\/time><\/p>\n<div id=\"storyBody\">\n<div class=\"custom-text \" readability=\"34.713216957606\">\n<p>La <strong><a href=\"https:\/\/www.ole.com.ar\/tema\/formula-1.html\" title=\"F\u00f3rmula 1\" alt=\"F\u00f3rmula 1\" class=\"slug\">F\u00f3rmula 1<\/a><\/strong> se tom\u00f3 una semana de descanso entre el <strong>Gran Premio de Italia y el de Azerbaiy\u00e1n<\/strong> (del 19 al 21 de septiembre), tiempo suficiente para que los pilotos, ingenieros y directicos aprovechen para descontracturar y ver a sus familias. Sin embargo, <strong>el caso de Max Verstappen<\/strong>, <a href=\"https:\/\/www.ole.com.ar\/autos\/max-verstappen-gano-f1-italia-mclaren-conflicto-interno-boxes_0_qGFWzHoEgf.html\" target=\"_self\" title=\"que encima se dio el lujo de ganar en Monza\" alt=\"que encima se dio el lujo de ganar en Monza\" rel=\"noopener\">que encima se dio el lujo de ganar en Monza<\/a>, <strong>es diferente: no dej\u00f3 de correr y volver\u00e1 a salir a pista este finde.<\/strong><\/p>\n<\/div>\n<div class=\"custom-text \" readability=\"38\">\n<p>\u00bfC\u00f3mo es posible esto si no hay fecha de la M\u00e1xima? Ah\u00ed est\u00e1 la cuesti\u00f3n: <strong>el tetracampe\u00f3n de la categor\u00eda se muda de competici\u00f3n por un tiempo y disputar\u00e1 el Campeonato de Resistencia de N\u00fcrburgring, en la clase GT4.<\/strong> Para ello, tuvo que aprobar un examen te\u00f3rico y completar varias vueltas en el trazado de <strong>Nordschleife,<\/strong> donde obtuvo la licencia para competir el s\u00e1bado.<\/p>\n<\/div>\n<div class=\"sc-e7b891c4-0 ifHnQL image-embed\"><img alt=\"Verstappen levant\u00f3 el trofeo en Monza y r\u00e1pidamente busc\u00f3 m\u00e1s acci\u00f3n, (AP)\" loading=\"lazy\" width=\"720\" height=\"100\" decoding=\"async\" data-nimg=\"1\" src=\"http:\/\/cordobadirecto.com\/wp-content\/uploads\/2025\/09\/verstappen-no-se-detiene-este-fin-de-semana-compite-fuera-de-la-formula-1.jpg\"><span class=\"epigraphe\">Verstappen levant\u00f3 el trofeo en Monza y r\u00e1pidamente busc\u00f3 m\u00e1s acci\u00f3n, (AP)<\/span><\/div>\n<p><h2>La carrera en trazado de Nordschleife de la que participar\u00e1 Max Verstappen <\/h2>\n<\/p>\n<div class=\"custom-text \" readability=\"43\">\n<p><strong>Verstappen<\/strong> disputar\u00e1 la s\u00e9ptima fecha de la competencia para el equipo <strong>Lionspeed GP.<\/strong> Lo har\u00e1 junto a <strong>Chris Lulham, con el Porsche Cayman GT4,<\/strong> y se espera que, por su presencia, asistan <strong>m\u00e1s de 50.000 personas, lo que oblig\u00f3 al circuito a habilitar m\u00e1s gradas.<\/strong> Si todo sale bien, tambi\u00e9n podr\u00eda estar presente en la novena ronda del certamen, <strong>el 27 de septiembre, pero ya al volante de un GT3.<\/strong><\/p>\n<\/div>\n<div class=\"custom-text \" readability=\"40.18\">\n<p><strong><a href=\"https:\/\/www.ole.com.ar\/tema\/red-bull.html\" title=\"Red Bull\" alt=\"Red Bull\" class=\"slug\">Red Bull<\/a>, <\/strong>equipo del neerland\u00e9s en la F1, avala esta pr\u00e1ctica y le concede los permisos para participar. <strong>\u201cEn un momento en el que nuestro coche no estaba rindiendo como deber\u00eda, \u00e9l se volc\u00f3 en esto con entusiasmo;<\/strong> fue una distracci\u00f3n importante para su bienestar\u201d, declar\u00f3 Helmut Marko, asesor de la escuder\u00eda. Pero, <strong>\u00bfpor qu\u00e9 est\u00e1 tan comprometido con las carreras de esta competencia?<\/strong><\/p>\n<\/div>\n<div class=\"sc-e7b891c4-0 ifHnQL image-embed\"><img alt=\"El Porsche Cayman GT4 de Verstappen.\" loading=\"lazy\" width=\"720\" height=\"100\" decoding=\"async\" data-nimg=\"1\" src=\"http:\/\/cordobadirecto.com\/wp-content\/uploads\/2025\/09\/verstappen-no-se-detiene-este-fin-de-semana-compite-fuera-de-la-formula-1-1.jpg\"><span class=\"epigraphe\">El Porsche Cayman GT4 de Verstappen.<\/span><\/div>\n<p><h2>La raz\u00f3n por la que Max Verstappen estar\u00e1 participando en el Campeonato de Resistencia de N\u00fcrburgring<\/h2>\n<\/p>\n<div class=\"custom-text \" readability=\"38\">\n<p>El piloto dej\u00f3 claro en varias oportunidades que esta preparaci\u00f3n <strong>tiene un importante significado para \u00e9l y que la realiza con un objetivo espec\u00edfico: competir en las 24 Horas de N\u00fcrburgring.<\/strong> En mayo, particip\u00f3 en una jornada de pruebas con el Ferrari 296 GT3 de Emil Frey Racing en Nordschleife, bajo el nombre <strong>&#8220;Franz Hermann&#8221;.<\/strong> Tras la actividad, <strong>no ocult\u00f3 sus ganas de correr la hist\u00f3rica carrera.<\/strong><\/p>\n<\/div>\n<div class=\"custom-text \" readability=\"37.872832369942\">\n<p><strong>&#8220;S\u00ed, en el futuro me gustar\u00eda hacerlo&#8221;, declar\u00f3 <a href=\"https:\/\/www.ole.com.ar\/tema\/verstappen.html\" title=\"Verstappen\" alt=\"Verstappen\" class=\"slug\">Verstappen<\/a><\/strong> despu\u00e9s de aquel d\u00eda de pruebas. Y agreg\u00f3: &#8220;Por eso estoy haciendo todas estas cosas ahora, para prepararme y ganar experiencia. As\u00ed, en el futuro no tendr\u00e9 que empezar desde cero&#8221;. Es evidente que no eran palabras sueltas y est\u00e1 muy comprometido con la causa. <strong>\u00bfLo conseguir\u00e1?<\/strong><\/p>\n<\/div>\n<p><h2><strong>Cu\u00e1ndo corre Verstappen en Nordschleife<\/strong><\/h2>\n<\/p>\n<div class=\"custom-text \" readability=\"37\">\n<p>Tras lograr la licencia para conducir<strong> en GT4 en Nordschleife, Verstappen <\/strong>contin\u00faa con su actividad en pista este s\u00e1bado: <strong>la clasificaci\u00f3n <\/strong>ser\u00e1 desde las<strong> 3.15, y luego llegar\u00e1 el turno de la carrera, <\/strong>que comenzar\u00e1 a las <strong>6.10.<\/strong><\/p>\n<\/div>\n<div class=\"sc-e7b891c4-0 ifHnQL image-embed\"><img alt=\"Max Verstappen compite este finde en el trazado de Nordschleife.\n(REUTERS\/Jakub Porzycki)\" loading=\"lazy\" width=\"720\" height=\"100\" decoding=\"async\" data-nimg=\"1\" src=\"http:\/\/cordobadirecto.com\/wp-content\/uploads\/2025\/09\/verstappen-no-se-detiene-este-fin-de-semana-compite-fuera-de-la-formula-1-2.jpg\"><span class=\"epigraphe\">Max Verstappen compite este finde en el trazado de Nordschleife.<br \/>\n(REUTERS\/Jakub Porzycki)<\/span><\/div>\n<div class=\"sc-a7166897-0 eoLsBE\" readability=\"7\">\n<section readability=\"4\"><picture><img alt=\"Mattia Colnaghi, el italoargentino que competir\u00e1 en la F\u00f3rmula 3 y est\u00e1 a tiro de otra copa\" loading=\"lazy\" width=\"290\" height=\"290\" decoding=\"async\" data-nimg=\"1\" src=\"http:\/\/cordobadirecto.com\/wp-content\/uploads\/2025\/09\/verstappen-no-se-detiene-este-fin-de-semana-compite-fuera-de-la-formula-1-3.jpg\"><\/picture>\n<p><span>Mir\u00e1 tambi\u00e9n<\/span><\/p>\n<hr>\n<h3>Mattia Colnaghi, el italoargentino que competir\u00e1 en la F\u00f3rmula 3 y est\u00e1 a tiro de otra copa<\/h3>\n<\/p>\n<\/section>\n<\/div>\n<div class=\"sc-a7166897-0 eoLsBE\" readability=\"6.5\">\n<section readability=\"3\"><picture><img alt=\"Franco Colapinto ten\u00eda raz\u00f3n: el ranking de velocidad del GP de Italia muestra m\u00e1s lento al Alpine\" loading=\"lazy\" width=\"290\" height=\"290\" decoding=\"async\" data-nimg=\"1\" src=\"http:\/\/cordobadirecto.com\/wp-content\/uploads\/2025\/09\/verstappen-no-se-detiene-este-fin-de-semana-compite-fuera-de-la-formula-1-4.jpg\"><\/picture>\n<p><span>Mir\u00e1 tambi\u00e9n<\/span><\/p>\n<hr>\n<h3>Franco Colapinto ten\u00eda raz\u00f3n: el ranking de velocidad del GP de Italia muestra m\u00e1s lento al Alpine<\/h3>\n<\/p>\n<\/section>\n<\/div>\n<div class=\"sc-a7166897-0 eoLsBE\" readability=\"6\">\n<section readability=\"2\"><picture><img alt=\"F\u00f3rmula 1: el GP de Italia termin\u00f3 con penalidades a dos pilotos\" loading=\"lazy\" width=\"290\" height=\"290\" decoding=\"async\" data-nimg=\"1\" src=\"http:\/\/cordobadirecto.com\/wp-content\/uploads\/2025\/09\/verstappen-no-se-detiene-este-fin-de-semana-compite-fuera-de-la-formula-1-5.jpg\"><\/picture>\n<p><span>Mir\u00e1 tambi\u00e9n<\/span><\/p>\n<hr>\n<h3>F\u00f3rmula 1: el GP de Italia termin\u00f3 con penalidades a dos pilotos<\/h3>\n<\/p>\n<\/section>\n<\/div>\n<\/div>\n","protected":false},"excerpt":{"rendered":"<p>12\/09\/2025 19:46hs. Actualizado al 12\/09\/2025 19:59hs. La F\u00f3rmula 1 se tom\u00f3 una semana de descanso entre el Gran Premio de Italia y el de Azerbaiy\u00e1n (del 19 al 21 de septiembre), tiempo suficiente para que los pilotos, ingenieros y directicos aprovechen para descontracturar y ver a sus familias. Sin embargo, el caso de Max Verstappen, [&hellip;]<\/p>\n","protected":false},"author":1,"featured_media":174969,"comment_status":"closed","ping_status":"closed","sticky":false,"template":"","format":"standard","meta":[],"categories":[21],"tags":[],"_links":{"self":[{"href":"http:\/\/cordobadirecto.com\/index.php\/wp-json\/wp\/v2\/posts\/174968"}],"collection":[{"href":"http:\/\/cordobadirecto.com\/index.php\/wp-json\/wp\/v2\/posts"}],"about":[{"href":"http:\/\/cordobadirecto.com\/index.php\/wp-json\/wp\/v2\/types\/post"}],"author":[{"embeddable":true,"href":"http:\/\/cordobadirecto.com\/index.php\/wp-json\/wp\/v2\/users\/1"}],"replies":[{"embeddable":true,"href":"http:\/\/cordobadirecto.com\/index.php\/wp-json\/wp\/v2\/comments?post=174968"}],"version-history":[{"count":0,"href":"http:\/\/cordobadirecto.com\/index.php\/wp-json\/wp\/v2\/posts\/174968\/revisions"}],"wp:featuredmedia":[{"embeddable":true,"href":"http:\/\/cordobadirecto.com\/index.php\/wp-json\/wp\/v2\/media\/174969"}],"wp:attachment":[{"href":"http:\/\/cordobadirecto.com\/index.php\/wp-json\/wp\/v2\/media?parent=174968"}],"wp:term":[{"taxonomy":"category","embeddable":true,"href":"http:\/\/cordobadirecto.com\/index.php\/wp-json\/wp\/v2\/categories?post=174968"},{"taxonomy":"post_tag","embeddable":true,"href":"http:\/\/cordobadirecto.com\/index.php\/wp-json\/wp\/v2\/tags?post=174968"}],"curies":[{"name":"wp","href":"https:\/\/api.w.org\/{rel}","templated":true}]}}