{"id":174979,"date":"2025-09-12T22:04:41","date_gmt":"2025-09-12T22:04:41","guid":{"rendered":"https:\/\/cordoba.gob.ar\/?p=81144"},"modified":"2025-09-12T22:04:41","modified_gmt":"2025-09-12T22:04:41","slug":"una-charla-para-cuidar-a-los-que-cuidan","status":"publish","type":"post","link":"http:\/\/cordobadirecto.com\/index.php\/2025\/09\/12\/una-charla-para-cuidar-a-los-que-cuidan\/","title":{"rendered":"Una charla para cuidar a los que cuidan"},"content":{"rendered":"<div><img src=\"http:\/\/cordobadirecto.com\/wp-content\/uploads\/2025\/09\/una-charla-para-cuidar-a-los-que-cuidan.jpg\" class=\"ff-og-image-inserted\"><\/div>\n<ul>\n<li><strong><span><span>La Municipalidad de C\u00f3rdoba realiz\u00f3 un encuentro para capacitar a quienes trabajan en crisis suicidas.<\/span><\/span><\/strong><\/li>\n<li><strong><span><span>El mi\u00e9rcoles, se celebr\u00f3 el D\u00eda Mundial para la Prevenci\u00f3n del Suicidio.<\/span><\/span><\/strong><\/li>\n<\/ul>\n<hr>\n<p><span><span>La Secretar\u00eda de Salud de la Municipalidad de C\u00f3rdoba, en conjunto con la Subsecretar\u00eda de Salud Mental y Adicciones y el Instituto de Planificaci\u00f3n Municipal de C\u00f3rdoba (IPLAMU), llevaron a cabo este viernes el tercer conversatorio \u201cCuidar a los que cuidan\u201d, con la intenci\u00f3n de hacer visible el impacto emocional del trabajo en crisis suicidas. <\/span><\/span><\/p>\n<p><span><span>Promover las estrategias y herramientas de autoprotecci\u00f3n y el monitoreo institucional fueron unos de los objetivos del encuentro que tuvo lugar en el Sal\u00f3n \u201cJuan Carlos \u00c1valos\u201d, ubicado en la planta baja del Palacio \u201c6 de Julio\u201d. <\/span><\/span><\/p>\n<p><span><span>La actividad se realiz\u00f3 a pocas jornadas del 10 septiembre, \u201cD\u00eda Mundial para Prevenci\u00f3n del Suicidio\u201d, establecido como una conmemoraci\u00f3n anual por la Organizaci\u00f3n Mundial de la Salud.<\/span><\/span><\/p>\n<p><span><span>Las disertaciones estuvieron a cargo de Misael Fr\u00edas, \u00c1ngel Oreste Bini y Carolina Re, con la moderaci\u00f3n de Juan Mansilla, director de IPLAMU. En ellas se apunt\u00f3 a brindar elementos para contener emocionalmente a quienes est\u00e1n en la primera l\u00ednea de esta problem\u00e1tica. Estos son: profesionales, equipos t\u00e9cnicos, voluntarios y referentes t\u00e9cnicos, a quienes se les reconoce el valor humano en cada intervenci\u00f3n.<\/span><\/span><\/p>\n<p><span><span>A su vez la convocatoria reafirm\u00f3 el compromiso de IPLAMU, que consiste en promover el v\u00ednculo entre el conocimiento acad\u00e9mico y las pol\u00edticas p\u00fablicas, en el Municipio de C\u00f3rdoba.<\/span><\/span><\/p>\n","protected":false},"excerpt":{"rendered":"<p>La Municipalidad de C\u00f3rdoba realiz\u00f3 un encuentro para capacitar a quienes trabajan en crisis suicidas. El mi\u00e9rcoles, se celebr\u00f3 el D\u00eda Mundial para la Prevenci\u00f3n del Suicidio. La Secretar\u00eda de Salud de la Municipalidad de C\u00f3rdoba, en conjunto con la Subsecretar\u00eda de Salud Mental y Adicciones y el Instituto de Planificaci\u00f3n Municipal de C\u00f3rdoba (IPLAMU), [&hellip;]<\/p>\n","protected":false},"author":1,"featured_media":174980,"comment_status":"closed","ping_status":"closed","sticky":false,"template":"","format":"standard","meta":[],"categories":[44],"tags":[],"_links":{"self":[{"href":"http:\/\/cordobadirecto.com\/index.php\/wp-json\/wp\/v2\/posts\/174979"}],"collection":[{"href":"http:\/\/cordobadirecto.com\/index.php\/wp-json\/wp\/v2\/posts"}],"about":[{"href":"http:\/\/cordobadirecto.com\/index.php\/wp-json\/wp\/v2\/types\/post"}],"author":[{"embeddable":true,"href":"http:\/\/cordobadirecto.com\/index.php\/wp-json\/wp\/v2\/users\/1"}],"replies":[{"embeddable":true,"href":"http:\/\/cordobadirecto.com\/index.php\/wp-json\/wp\/v2\/comments?post=174979"}],"version-history":[{"count":0,"href":"http:\/\/cordobadirecto.com\/index.php\/wp-json\/wp\/v2\/posts\/174979\/revisions"}],"wp:featuredmedia":[{"embeddable":true,"href":"http:\/\/cordobadirecto.com\/index.php\/wp-json\/wp\/v2\/media\/174980"}],"wp:attachment":[{"href":"http:\/\/cordobadirecto.com\/index.php\/wp-json\/wp\/v2\/media?parent=174979"}],"wp:term":[{"taxonomy":"category","embeddable":true,"href":"http:\/\/cordobadirecto.com\/index.php\/wp-json\/wp\/v2\/categories?post=174979"},{"taxonomy":"post_tag","embeddable":true,"href":"http:\/\/cordobadirecto.com\/index.php\/wp-json\/wp\/v2\/tags?post=174979"}],"curies":[{"name":"wp","href":"https:\/\/api.w.org\/{rel}","templated":true}]}}