{"id":175060,"date":"2025-09-13T21:05:20","date_gmt":"2025-09-13T21:05:20","guid":{"rendered":"https:\/\/www.ole.com.ar\/autos\/julian-santero-hizo-pole-tc-san-luis_0_VWGQnCcuVU.html"},"modified":"2025-09-13T21:05:20","modified_gmt":"2025-09-13T21:05:20","slug":"santero-volo-en-san-luis-pole-y-record-en-la-apertura-de-la-copa-de-oro-del-tc","status":"publish","type":"post","link":"http:\/\/cordobadirecto.com\/index.php\/2025\/09\/13\/santero-volo-en-san-luis-pole-y-record-en-la-apertura-de-la-copa-de-oro-del-tc\/","title":{"rendered":"Santero vol\u00f3 en San Luis: pole y r\u00e9cord en la apertura de la Copa de Oro del TC"},"content":{"rendered":"<p><time class=\"createDate\" datetime=\"2025-09-13T18:05:20-03:00\">13\/09\/2025 18:05hs.<\/time><\/p>\n<div id=\"storyBody\">\n<div class=\"custom-text \" readability=\"38\">\n<p><strong>Juli\u00e1n Santero (Ford) se qued\u00f3 con la clasificaci\u00f3n de la 11\u00aa fecha del Turismo Carretera en San Luis,<\/strong> que marc\u00f3 el inicio de la Copa de Oro. El piloto <strong>estableci\u00f3 un nuevo r\u00e9cord de vuelta<\/strong> en el Aut\u00f3dromo Rosendo Hern\u00e1ndez, reacondicionado para esta carrera, y <strong>sum\u00f3 su 10\u00aa pole position en la M\u00e1xima.<\/strong> Agust\u00edn Canapino (Chevrolet) y Marcelo Agrelo (Toyota) completaron el top 3.<\/p>\n<\/div>\n<div class=\"custom-text \" readability=\"39\">\n<p><strong>Ya desde los entrenamientos se hab\u00eda superado la marca que Santero hab\u00eda establecido el a\u00f1o pasado:<\/strong> 1m27s950 a 184,183 km\/h. Sin embargo, cuando los 12 integrantes aspirantes a este t\u00edtulo salieron a pista en el \u00faltimo grupo, el mendocino mejor\u00f3 su propio registro y logr\u00f3 1m27s362 a 185,435 km\/h. <strong>La jornada marc\u00f3 adem\u00e1s la apertura de la 18\u00aa edici\u00f3n de este certamen.<\/strong><\/p>\n<\/div>\n<div class=\"sc-e7b891c4-0 ifHnQL image-embed\"><img alt=\"Juli\u00e1n Santero es el poleman del TC en San Luis.\n(Prensa ACTC).\" loading=\"lazy\" width=\"720\" height=\"100\" decoding=\"async\" data-nimg=\"1\" src=\"http:\/\/cordobadirecto.com\/wp-content\/uploads\/2025\/09\/santero-volo-en-san-luis-pole-y-record-en-la-apertura-de-la-copa-de-oro-del-tc.jpg\"><span class=\"epigraphe\">Juli\u00e1n Santero es el poleman del TC en San Luis.<br \/>\n(Prensa ACTC).<\/span><\/div>\n<p><h2><strong>Qu\u00e9 dijo Juli\u00e1n Santero tras lograr la pole del TC en San Luis<\/strong><\/h2>\n<\/p>\n<div class=\"custom-text \" readability=\"36\">\n<p><strong>\u201cEste a\u00f1o fue dif\u00edcil lograr una pole. Siento que es una revancha para nosotros.<\/strong> Est\u00e1 siendo un a\u00f1o complicado, pero este resultado es esperanzador y demuestra que somos competitivos. Le agradezco a todo el equipo por el buen rendimiento\u201d, <strong>dijo el poleman de la jornada.<\/strong><\/p>\n<\/div>\n<div class=\"custom-text \" readability=\"40\">\n<p><strong>A su vez, Canapino<\/strong> se expres\u00f3 post clasificaci\u00f3n: \u201cEl asfalto nuevo favoreci\u00f3 a que se mejoren los tiempos y, sobre todo, que se consigan en las \u00faltimas vueltas de la tanda.<strong> Logramos ser el mejor representante de la marca, as\u00ed que cumplimos con el objetivo\u201d, dijo el arrecife\u00f1o que qued\u00f3 a 0s011 del l\u00edder.<\/strong><\/p>\n<\/div>\n<p><h2><strong>C\u00f3mo ser\u00e1n las primeras filas de las series de este domingo en San Luis<\/strong> <\/h2>\n<\/p>\n<div class=\"custom-text \">\n<ul>\n<li>1ra serie: Juli\u00e1n Santero &#8211; Agust\u00edn Mart\u00ednez.<\/li>\n<li>2da serie: Agust\u00edn Canapino &#8211; Mariano Werner.<\/li>\n<li>3ra serie: Marcelo Agrelo &#8211; Christian Ledesma.<\/li>\n<\/ul>\n<\/div>\n<p><h2><strong>As\u00ed llegaron tras la qualy del TC en San Luis<\/strong><\/h2>\n<\/p>\n<div class=\"sc-e7b891c4-0 ifHnQL image-embed\"><img alt=\"As\u00ed llegaron en la qualy del TC en San Luis.\" loading=\"lazy\" width=\"720\" height=\"100\" decoding=\"async\" data-nimg=\"1\" src=\"http:\/\/cordobadirecto.com\/wp-content\/uploads\/2025\/09\/santero-volo-en-san-luis-pole-y-record-en-la-apertura-de-la-copa-de-oro-del-tc-1.jpg\"><span class=\"epigraphe\">As\u00ed llegaron en la qualy del TC en San Luis.<\/span><\/div>\n<p><h2><strong>Cu\u00e1ndo y por d\u00f3nde ver el TC en San Luis<\/strong><\/h2>\n<\/p>\n<div class=\"custom-text \" readability=\"38\">\n<p><strong>La actividad del TC en San Luis contin\u00faa este domingo con las series y la final. <\/strong>La primera serie se disputar\u00e1 de 10.10 a 10.20, seguida por la segunda de 10.35 a 10.45 y la tercera de 11.00 a 11.10, todas a 5 vueltas. <strong>La final se correr\u00e1 de 13.30 a 14.20,<\/strong> con un recorrido de 25 vueltas o 50 minutos. <strong>Va por TV P\u00fablica y Motorplay.<\/strong><\/p>\n<\/div>\n<div class=\"sc-e7b891c4-0 ifHnQL image-embed\"><img alt=\"El Chevrolet de Agust\u00edn Canapino a fondo en San Luis.\" loading=\"lazy\" width=\"720\" height=\"100\" decoding=\"async\" data-nimg=\"1\" src=\"http:\/\/cordobadirecto.com\/wp-content\/uploads\/2025\/09\/santero-volo-en-san-luis-pole-y-record-en-la-apertura-de-la-copa-de-oro-del-tc-2.jpg\"><span class=\"epigraphe\">El Chevrolet de Agust\u00edn Canapino a fondo en San Luis.<\/span><\/div>\n<div class=\"sc-a7166897-0 eoLsBE\" readability=\"6\">\n<section readability=\"2\"><picture><img alt=\"Verstappen tambi\u00e9n vuela fuera de la F1: obtuvo la licencia GT3 en Nordschleife\" loading=\"lazy\" width=\"290\" height=\"290\" decoding=\"async\" data-nimg=\"1\" src=\"http:\/\/cordobadirecto.com\/wp-content\/uploads\/2025\/09\/santero-volo-en-san-luis-pole-y-record-en-la-apertura-de-la-copa-de-oro-del-tc-3.jpg\"><\/picture>\n<p><span>Mir\u00e1 tambi\u00e9n<\/span><\/p>\n<hr>\n<h3>Verstappen tambi\u00e9n vuela fuera de la F1: obtuvo la licencia GT3 en Nordschleife<\/h3>\n<\/p>\n<\/section>\n<\/div>\n<div class=\"sc-a7166897-0 eoLsBE\" readability=\"6\">\n<section readability=\"2\"><picture><img alt=\"Verstappen no se detiene: este fin de semana compite fuera de la F\u00f3rmula 1\" loading=\"lazy\" width=\"290\" height=\"290\" decoding=\"async\" data-nimg=\"1\" src=\"http:\/\/cordobadirecto.com\/wp-content\/uploads\/2025\/09\/santero-volo-en-san-luis-pole-y-record-en-la-apertura-de-la-copa-de-oro-del-tc-4.jpg\"><\/picture>\n<p><span>Mir\u00e1 tambi\u00e9n<\/span><\/p>\n<hr>\n<h3>Verstappen no se detiene: este fin de semana compite fuera de la F\u00f3rmula 1<\/h3>\n<\/p>\n<\/section>\n<\/div>\n<div class=\"sc-a7166897-0 eoLsBE\" readability=\"6.5\">\n<section readability=\"3\"><picture><img alt=\"Colapinto le dedic\u00f3 unas palabras al equipo de Alpine: &quot;Vamos a dar el m\u00e1ximo en la pista&quot; y &quot;llegar a donde queremos y merecemos&quot; \" loading=\"lazy\" width=\"290\" height=\"290\" decoding=\"async\" data-nimg=\"1\" src=\"http:\/\/cordobadirecto.com\/wp-content\/uploads\/2025\/09\/santero-volo-en-san-luis-pole-y-record-en-la-apertura-de-la-copa-de-oro-del-tc-5.jpg\"><\/picture>\n<p><span>Mir\u00e1 tambi\u00e9n<\/span><\/p>\n<hr>\n<h3>Colapinto le dedic\u00f3 unas palabras al equipo de Alpine: &#8220;Vamos a dar el m\u00e1ximo en la pista&#8221; y &#8220;llegar a donde queremos y merecemos&#8221; <\/h3>\n<\/p>\n<\/section>\n<\/div>\n<\/div>\n","protected":false},"excerpt":{"rendered":"<p>13\/09\/2025 18:05hs. Juli\u00e1n Santero (Ford) se qued\u00f3 con la clasificaci\u00f3n de la 11\u00aa fecha del Turismo Carretera en San Luis, que marc\u00f3 el inicio de la Copa de Oro. El piloto estableci\u00f3 un nuevo r\u00e9cord de vuelta en el Aut\u00f3dromo Rosendo Hern\u00e1ndez, reacondicionado para esta carrera, y sum\u00f3 su 10\u00aa pole position en la M\u00e1xima. [&hellip;]<\/p>\n","protected":false},"author":1,"featured_media":175061,"comment_status":"closed","ping_status":"closed","sticky":false,"template":"","format":"standard","meta":[],"categories":[21],"tags":[],"_links":{"self":[{"href":"http:\/\/cordobadirecto.com\/index.php\/wp-json\/wp\/v2\/posts\/175060"}],"collection":[{"href":"http:\/\/cordobadirecto.com\/index.php\/wp-json\/wp\/v2\/posts"}],"about":[{"href":"http:\/\/cordobadirecto.com\/index.php\/wp-json\/wp\/v2\/types\/post"}],"author":[{"embeddable":true,"href":"http:\/\/cordobadirecto.com\/index.php\/wp-json\/wp\/v2\/users\/1"}],"replies":[{"embeddable":true,"href":"http:\/\/cordobadirecto.com\/index.php\/wp-json\/wp\/v2\/comments?post=175060"}],"version-history":[{"count":0,"href":"http:\/\/cordobadirecto.com\/index.php\/wp-json\/wp\/v2\/posts\/175060\/revisions"}],"wp:featuredmedia":[{"embeddable":true,"href":"http:\/\/cordobadirecto.com\/index.php\/wp-json\/wp\/v2\/media\/175061"}],"wp:attachment":[{"href":"http:\/\/cordobadirecto.com\/index.php\/wp-json\/wp\/v2\/media?parent=175060"}],"wp:term":[{"taxonomy":"category","embeddable":true,"href":"http:\/\/cordobadirecto.com\/index.php\/wp-json\/wp\/v2\/categories?post=175060"},{"taxonomy":"post_tag","embeddable":true,"href":"http:\/\/cordobadirecto.com\/index.php\/wp-json\/wp\/v2\/tags?post=175060"}],"curies":[{"name":"wp","href":"https:\/\/api.w.org\/{rel}","templated":true}]}}