{"id":175071,"date":"2025-09-12T19:01:21","date_gmt":"2025-09-12T19:01:21","guid":{"rendered":"https:\/\/cordoba.gob.ar\/?p=81098"},"modified":"2025-09-12T19:01:21","modified_gmt":"2025-09-12T19:01:21","slug":"campana-baja-un-cambio-nuevo-programa-de-educacion-vial-para-estudiantes-de-secundaria","status":"publish","type":"post","link":"http:\/\/cordobadirecto.com\/index.php\/2025\/09\/12\/campana-baja-un-cambio-nuevo-programa-de-educacion-vial-para-estudiantes-de-secundaria\/","title":{"rendered":"Campa\u00f1a \u201cBaj\u00e1 un cambio\u201d: nuevo programa de Educaci\u00f3n Vial para estudiantes de secundaria"},"content":{"rendered":"<div><img src=\"http:\/\/cordobadirecto.com\/wp-content\/uploads\/2025\/09\/campana-baja-un-cambio-nuevo-programa-de-educacion-vial-para-estudiantes-de-secundaria.jpg\" class=\"ff-og-image-inserted\"><\/div>\n<ul>\n<li data-prosemirror-content-type=\"node\" data-prosemirror-node-name=\"paragraph\" data-prosemirror-node-block=\"true\"><strong>Est\u00e1 destinado a aquellos alumnos que se encuentran cursando los \u00faltimos a\u00f1os, pr\u00f3ximos a obtener la licencia de conducir.<\/strong><\/li>\n<li data-prosemirror-content-type=\"node\" data-prosemirror-node-name=\"paragraph\" data-prosemirror-node-block=\"true\"><strong>Para participar, instituciones educativas pueden inscribirse a trav\u00e9s del<a href=\"https:\/\/docs.google.com\/forms\/d\/1MBYkLvn0ttmzmlFoJVNxrE_kGPw_ulixjmQRIGUIUb0\/edit\"> siguiente link.<\/a><\/strong><\/li>\n<\/ul>\n<hr>\n<p data-prosemirror-content-type=\"node\" data-prosemirror-node-name=\"paragraph\" data-prosemirror-node-block=\"true\">En el marco de la cuarta campa\u00f1a \u201cBaj\u00e1 un cambio\u201d, se puso en marcha un programa de Educaci\u00f3n Vial destinado a estudiantes de nivel secundario, que se encuentren cursando 5to y 6to a\u00f1o.<\/p>\n<p data-prosemirror-content-type=\"node\" data-prosemirror-node-name=\"paragraph\" data-prosemirror-node-block=\"true\">La iniciativa forma parte de las acciones que se impulsan a trav\u00e9s de la Subsecretar\u00eda de Movilidad y Tr\u00e1nsito para concientizar y desarrollar habilidades en el uso responsable de la v\u00eda p\u00fablica, promoviendo una movilidad m\u00e1s segura e inclusiva.<\/p>\n<p data-prosemirror-content-type=\"node\" data-prosemirror-node-name=\"paragraph\" data-prosemirror-node-block=\"true\">Los alumnos del Instituto Secundario Arturo Capdevila fueron los primeros en participar de este taller, que tiene como objetivo promover la seguridad vial y reducir el riesgo de siniestros en adolescentes pr\u00f3ximos a conducir; fomentar una conducci\u00f3n preventiva mediante t\u00e9cnicas de manejo seguro; y brindar conocimientos sobre responsabilidades civiles, contravencionales y penales vinculadas a la conducci\u00f3n.<\/p>\n<p data-prosemirror-content-type=\"node\" data-prosemirror-node-name=\"paragraph\" data-prosemirror-node-block=\"true\"><strong data-prosemirror-content-type=\"mark\" data-prosemirror-mark-name=\"strong\">Una experiencia pr\u00e1ctica y participativa<\/strong><\/p>\n<p data-prosemirror-content-type=\"node\" data-prosemirror-node-name=\"paragraph\" data-prosemirror-node-block=\"true\">El programa consta de un taller pr\u00e1ctico en donde se propone una jornada audiovisual interactiva, en la que los alumnos debaten, reflexionan y comparten opiniones.<\/p>\n<p data-prosemirror-content-type=\"node\" data-prosemirror-node-name=\"paragraph\" data-prosemirror-node-block=\"true\">La exposici\u00f3n se complementa con material audiovisual interactivo que aborda los principales factores de riesgo al conducir:<\/p>\n<p data-prosemirror-content-type=\"node\" data-prosemirror-node-name=\"paragraph\" data-prosemirror-node-block=\"true\">Y finaliza con una puesta en com\u00fan, con un mensaje central: cuidar la vida propia y la de los dem\u00e1s.<\/p>\n<p data-prosemirror-content-type=\"node\" data-prosemirror-node-name=\"paragraph\" data-prosemirror-node-block=\"true\">Las instituciones interesadas en participar pueden inscribirse a trav\u00e9s del siguiente <a href=\"https:\/\/docs.google.com\/forms\/d\/1MBYkLvn0ttmzmlFoJVNxrE_kGPw_ulixjmQRIGUIUb0\/edit\">link<\/a>.<\/p>\n<p data-prosemirror-content-type=\"node\" data-prosemirror-node-name=\"paragraph\" data-prosemirror-node-block=\"true\"><strong data-prosemirror-content-type=\"mark\" data-prosemirror-mark-name=\"strong\">Una estrategia integral de formaci\u00f3n<\/strong><\/p>\n<p data-prosemirror-content-type=\"node\" data-prosemirror-node-name=\"paragraph\" data-prosemirror-node-block=\"true\">El Taller de Educaci\u00f3n Vial para estudiantes de secundaria se suma a las Visitas de Educaci\u00f3n Vial Infantil que la Direcci\u00f3n de Educaci\u00f3n Vial desarrolla para jardines y escuelas primarias, promoviendo desde la infancia h\u00e1bitos de seguridad que fomentan una cultura de respeto, prevenci\u00f3n y responsabilidad ciudadana.<\/p>\n","protected":false},"excerpt":{"rendered":"<p>Est\u00e1 destinado a aquellos alumnos que se encuentran cursando los \u00faltimos a\u00f1os, pr\u00f3ximos a obtener la licencia de conducir. Para participar, instituciones educativas pueden inscribirse a trav\u00e9s del siguiente link. En el marco de la cuarta campa\u00f1a \u201cBaj\u00e1 un cambio\u201d, se puso en marcha un programa de Educaci\u00f3n Vial destinado a estudiantes de nivel secundario, [&hellip;]<\/p>\n","protected":false},"author":1,"featured_media":175072,"comment_status":"closed","ping_status":"closed","sticky":false,"template":"","format":"standard","meta":[],"categories":[44],"tags":[],"_links":{"self":[{"href":"http:\/\/cordobadirecto.com\/index.php\/wp-json\/wp\/v2\/posts\/175071"}],"collection":[{"href":"http:\/\/cordobadirecto.com\/index.php\/wp-json\/wp\/v2\/posts"}],"about":[{"href":"http:\/\/cordobadirecto.com\/index.php\/wp-json\/wp\/v2\/types\/post"}],"author":[{"embeddable":true,"href":"http:\/\/cordobadirecto.com\/index.php\/wp-json\/wp\/v2\/users\/1"}],"replies":[{"embeddable":true,"href":"http:\/\/cordobadirecto.com\/index.php\/wp-json\/wp\/v2\/comments?post=175071"}],"version-history":[{"count":0,"href":"http:\/\/cordobadirecto.com\/index.php\/wp-json\/wp\/v2\/posts\/175071\/revisions"}],"wp:featuredmedia":[{"embeddable":true,"href":"http:\/\/cordobadirecto.com\/index.php\/wp-json\/wp\/v2\/media\/175072"}],"wp:attachment":[{"href":"http:\/\/cordobadirecto.com\/index.php\/wp-json\/wp\/v2\/media?parent=175071"}],"wp:term":[{"taxonomy":"category","embeddable":true,"href":"http:\/\/cordobadirecto.com\/index.php\/wp-json\/wp\/v2\/categories?post=175071"},{"taxonomy":"post_tag","embeddable":true,"href":"http:\/\/cordobadirecto.com\/index.php\/wp-json\/wp\/v2\/tags?post=175071"}],"curies":[{"name":"wp","href":"https:\/\/api.w.org\/{rel}","templated":true}]}}