{"id":175141,"date":"2025-09-14T21:00:05","date_gmt":"2025-09-14T21:00:05","guid":{"rendered":"https:\/\/cordoba.gob.ar\/?p=81129"},"modified":"2025-09-14T21:00:05","modified_gmt":"2025-09-14T21:00:05","slug":"los-cpc-mercado-san-vicente-monsenor-pablo-cabrera-y-centro-america-abriran-en-horario-extendido","status":"publish","type":"post","link":"http:\/\/cordobadirecto.com\/index.php\/2025\/09\/14\/los-cpc-mercado-san-vicente-monsenor-pablo-cabrera-y-centro-america-abriran-en-horario-extendido\/","title":{"rendered":"Los CPC Mercado, San Vicente, Monse\u00f1or Pablo Cabrera y Centro Am\u00e9rica abrir\u00e1n en horario extendido"},"content":{"rendered":"<div><img src=\"http:\/\/cordobadirecto.com\/wp-content\/uploads\/2025\/09\/los-cpc-mercado-san-vicente-monsenor-pablo-cabrera-y-centro-america-abriran-en-horario-extendido.jpg\" class=\"ff-og-image-inserted\"><\/div>\n<ul>\n<li dir=\"auto\"><strong>La atenci\u00f3n ser\u00e1 <span dir=\"ltr\">de 08:00 a 18:00<\/span> horas <span dir=\"ltr\">del lunes al viernes<\/span>; y <span dir=\"ltr\">de 08:00 a 14:00<\/span> horas el s\u00e1bado.<\/strong><\/li>\n<\/ul>\n<hr>\n<p dir=\"auto\">Esta semana, cuatro CPC abrir\u00e1n sus puertas con horario extendido: Mercado de la Ciudad, San Vicente, Monse\u00f1or Pablo Cabrera y Centro Am\u00e9rica.<\/p>\n<p dir=\"auto\">El horario de atenci\u00f3n ser\u00e1 <span dir=\"ltr\">de 8:00 a 18:00<\/span> horas, <span dir=\"ltr\">entre el lunes 15 de septiembre y el viernes 19<\/span>; mientras que el s\u00e1bado abrir\u00e1n las puertas <span dir=\"ltr\">de 8:00 a 14:00<\/span> horas.<\/p>\n<p dir=\"auto\">El resto de los CPC funcionar\u00e1 en su horario habitual, de lunes a <span dir=\"ltr\">viernes de 8:00 a 14:00<\/span>horas.<\/p>\n<p dir=\"auto\">Este es un servicio que brinda la Municipalidad de C\u00f3rdoba para que los vecinos y vecinas puedan realizar tr\u00e1mites en los horarios que m\u00e1s les convengan de acuerdo a sus tareas habituales.<\/p>\n<p dir=\"auto\">Ubicaci\u00f3n de los Centros de Participaci\u00f3n Comunal con horario extendido:<\/p>\n<ul>\n<li>CPC Mercado de la Ciudad: Oncativo 50, barrio Centro.<\/li>\n<li>CPC San Vicente: San Jer\u00f3nimo 2850, barrio San Vicente.<\/li>\n<li>CPC Monse\u00f1or Pablo Cabrera: <span dir=\"ltr\">Av. Monse\u00f1or Pablo Cabrera 4800<\/span>, barrio Poeta Lugones.<\/li>\n<li>CPC Centro Am\u00e9rica: Av. Juan B. Justo 4350, barrio Centro Am\u00e9rica.<\/li>\n<\/ul>\n","protected":false},"excerpt":{"rendered":"<p>La atenci\u00f3n ser\u00e1 de 08:00 a 18:00 horas del lunes al viernes; y de 08:00 a 14:00 horas el s\u00e1bado. Esta semana, cuatro CPC abrir\u00e1n sus puertas con horario extendido: Mercado de la Ciudad, San Vicente, Monse\u00f1or Pablo Cabrera y Centro Am\u00e9rica. El horario de atenci\u00f3n ser\u00e1 de 8:00 a 18:00 horas, entre el lunes [&hellip;]<\/p>\n","protected":false},"author":1,"featured_media":175142,"comment_status":"closed","ping_status":"closed","sticky":false,"template":"","format":"standard","meta":[],"categories":[44],"tags":[],"_links":{"self":[{"href":"http:\/\/cordobadirecto.com\/index.php\/wp-json\/wp\/v2\/posts\/175141"}],"collection":[{"href":"http:\/\/cordobadirecto.com\/index.php\/wp-json\/wp\/v2\/posts"}],"about":[{"href":"http:\/\/cordobadirecto.com\/index.php\/wp-json\/wp\/v2\/types\/post"}],"author":[{"embeddable":true,"href":"http:\/\/cordobadirecto.com\/index.php\/wp-json\/wp\/v2\/users\/1"}],"replies":[{"embeddable":true,"href":"http:\/\/cordobadirecto.com\/index.php\/wp-json\/wp\/v2\/comments?post=175141"}],"version-history":[{"count":0,"href":"http:\/\/cordobadirecto.com\/index.php\/wp-json\/wp\/v2\/posts\/175141\/revisions"}],"wp:featuredmedia":[{"embeddable":true,"href":"http:\/\/cordobadirecto.com\/index.php\/wp-json\/wp\/v2\/media\/175142"}],"wp:attachment":[{"href":"http:\/\/cordobadirecto.com\/index.php\/wp-json\/wp\/v2\/media?parent=175141"}],"wp:term":[{"taxonomy":"category","embeddable":true,"href":"http:\/\/cordobadirecto.com\/index.php\/wp-json\/wp\/v2\/categories?post=175141"},{"taxonomy":"post_tag","embeddable":true,"href":"http:\/\/cordobadirecto.com\/index.php\/wp-json\/wp\/v2\/tags?post=175141"}],"curies":[{"name":"wp","href":"https:\/\/api.w.org\/{rel}","templated":true}]}}