{"id":175143,"date":"2025-09-12T17:57:02","date_gmt":"2025-09-12T17:57:02","guid":{"rendered":"https:\/\/cordoba.gob.ar\/?p=81139"},"modified":"2025-09-12T17:57:02","modified_gmt":"2025-09-12T17:57:02","slug":"passerini-participo-de-la-inauguracion-del-instituto-de-formacion-de-personal-de-seguridad-privada","status":"publish","type":"post","link":"http:\/\/cordobadirecto.com\/index.php\/2025\/09\/12\/passerini-participo-de-la-inauguracion-del-instituto-de-formacion-de-personal-de-seguridad-privada\/","title":{"rendered":"Passerini particip\u00f3 de la inauguraci\u00f3n del Instituto de Formaci\u00f3n de Personal de Seguridad Privada"},"content":{"rendered":"<div><img src=\"http:\/\/cordobadirecto.com\/wp-content\/uploads\/2025\/09\/passerini-participo-de-la-inauguracion-del-instituto-de-formacion-de-personal-de-seguridad-privada.jpg\" class=\"ff-og-image-inserted\"><\/div>\n<p>El intendente, Daniel Passerini, particip\u00f3 hoy de la puesta en funcionamiento del nuevo Instituto de Formaci\u00f3n de Personal de Seguridad Privada, habilitado por el Ministerio de Seguridad de C\u00f3rdoba y a cargo de la mutual del Sindicato \u00danico de Vigiladores de C\u00f3rdoba (Suvico).<\/p>\n<p>\u201cSuvico es hoy un faro de modernizaci\u00f3n e innovaci\u00f3n en la Argentina, para que los trabajadores tengan calidad de formaci\u00f3n y lograr mejores ingresos. Quiero agradecerles porque durante la pandemia ustedes no abandonaron a la gente. Vamos a seguir trabajando juntos\u201d, expres\u00f3 Passerini durante el acto presidido por el Secretario General de ese gremio, Gustavo Pedrocca.<\/p>\n<p>\u00abCelebramos este c\u00edrculo virtuoso que genera el Modelo C\u00f3rdoba con empresarios, empresas, trabajadores, las organizaciones que los representan, el Estado Municipal y Provincial, que trae resultados al servicio de toda la ciudad. Ojal\u00e1 que esto que pasa en C\u00f3rdoba tambi\u00e9n pase en Argentina\u00bb, a\u00f1adi\u00f3 el mandatario local.<\/p>\n<p>El instituto brindar\u00e1 formaci\u00f3n obligatoria para quienes presten servicios de seguridad privada y otorgar\u00e1 certificados.<\/p>\n<p>El nuevo espacio funcionar\u00e1 en el marco de la Ley 10.571, referida al R\u00e9gimen de Prestadores de Seguridad Privada, junto a la Ley 10954, de Seguridad Ciudadana.<\/p>\n","protected":false},"excerpt":{"rendered":"<p>El intendente, Daniel Passerini, particip\u00f3 hoy de la puesta en funcionamiento del nuevo Instituto de Formaci\u00f3n de Personal de Seguridad Privada, habilitado por el Ministerio de Seguridad de C\u00f3rdoba y a cargo de la mutual del Sindicato \u00danico de Vigiladores de C\u00f3rdoba (Suvico). \u201cSuvico es hoy un faro de modernizaci\u00f3n e innovaci\u00f3n en la Argentina, [&hellip;]<\/p>\n","protected":false},"author":1,"featured_media":175144,"comment_status":"closed","ping_status":"closed","sticky":false,"template":"","format":"standard","meta":[],"categories":[44],"tags":[],"_links":{"self":[{"href":"http:\/\/cordobadirecto.com\/index.php\/wp-json\/wp\/v2\/posts\/175143"}],"collection":[{"href":"http:\/\/cordobadirecto.com\/index.php\/wp-json\/wp\/v2\/posts"}],"about":[{"href":"http:\/\/cordobadirecto.com\/index.php\/wp-json\/wp\/v2\/types\/post"}],"author":[{"embeddable":true,"href":"http:\/\/cordobadirecto.com\/index.php\/wp-json\/wp\/v2\/users\/1"}],"replies":[{"embeddable":true,"href":"http:\/\/cordobadirecto.com\/index.php\/wp-json\/wp\/v2\/comments?post=175143"}],"version-history":[{"count":0,"href":"http:\/\/cordobadirecto.com\/index.php\/wp-json\/wp\/v2\/posts\/175143\/revisions"}],"wp:featuredmedia":[{"embeddable":true,"href":"http:\/\/cordobadirecto.com\/index.php\/wp-json\/wp\/v2\/media\/175144"}],"wp:attachment":[{"href":"http:\/\/cordobadirecto.com\/index.php\/wp-json\/wp\/v2\/media?parent=175143"}],"wp:term":[{"taxonomy":"category","embeddable":true,"href":"http:\/\/cordobadirecto.com\/index.php\/wp-json\/wp\/v2\/categories?post=175143"},{"taxonomy":"post_tag","embeddable":true,"href":"http:\/\/cordobadirecto.com\/index.php\/wp-json\/wp\/v2\/tags?post=175143"}],"curies":[{"name":"wp","href":"https:\/\/api.w.org\/{rel}","templated":true}]}}