{"id":175228,"date":"2025-09-14T16:09:08","date_gmt":"2025-09-14T16:09:08","guid":{"rendered":"https:\/\/www.ole.com.ar\/autos\/figura-formula-1-valentino-rossi-lando-norris_0_a9ImULDiT5.html"},"modified":"2025-09-14T16:09:08","modified_gmt":"2025-09-14T16:09:08","slug":"la-figura-de-la-formula-1-que-se-junto-con-valentino-rossi-y-recibio-un-curso-acelerado-de-motociclismo","status":"publish","type":"post","link":"http:\/\/cordobadirecto.com\/index.php\/2025\/09\/14\/la-figura-de-la-formula-1-que-se-junto-con-valentino-rossi-y-recibio-un-curso-acelerado-de-motociclismo\/","title":{"rendered":"La figura de la F\u00f3rmula 1 que se junt\u00f3 con Valentino Rossi y recibi\u00f3 un curso acelerado de motociclismo"},"content":{"rendered":"<p><time class=\"createDate\" datetime=\"2025-09-14T13:09:08-03:00\">14\/09\/2025 13:09hs.<\/time><\/p>\n<div id=\"storyBody\">\n<div class=\"custom-text \" readability=\"39.922413793103\">\n<p><strong>La <a href=\"https:\/\/www.ole.com.ar\/tema\/formula-1.html\" title=\"F\u00f3rmula 1\" alt=\"F\u00f3rmula 1\" class=\"slug\">F\u00f3rmula 1<\/a> y el <a href=\"https:\/\/www.ole.com.ar\/tema\/motogp.html\" title=\"MotoGP\" alt=\"MotoGP\" class=\"slug\">MotoGP<\/a> tienen mucho que ver<\/strong>. Hist\u00f3ricamente, una es la categor\u00eda m\u00e1s importante de automovilismo, y la otra, de motociclismo, pero desde hace un tiempo comparten algo m\u00e1s: las dos son administradas por Liberty Media. Este fin de semana, que tuvo descanso para los pilotos y actividad para los motociclistas en Misano, se reunieron dos figuras de ambos mundos:<strong> <a href=\"https:\/\/www.ole.com.ar\/tema\/lando-norris.html\" title=\"Lando Norris\" alt=\"Lando Norris\" class=\"slug\">Lando Norris<\/a>, candidato al t\u00edtulo de F1, y <a href=\"https:\/\/www.ole.com.ar\/tema\/valentino-rossi.html\" title=\"Valentino Rossi\" alt=\"Valentino Rossi\" class=\"slug\">Valentino Rossi<\/a>, la leyenda italiana.<\/strong><\/p>\n<\/div>\n<div class=\"custom-text \" readability=\"40\">\n<p>El brit\u00e1nico, <strong>reconocido fan\u00e1tico del Doctor<\/strong> (m\u00e1s de una vez luci\u00f3 un piluso con los colores del motociclista), estuvo dando vueltas por el paddock del MotoGP. Se subi\u00f3 a una moto del VR46 Racing Team, la estructura de Rossi, y Ducati le hizo el mismo agasajo, pero lo m\u00e1s especial lleg\u00f3 despu\u00e9s.<\/p>\n<\/div>\n<div class=\"custom-text \" readability=\"39\">\n<p><strong>Norris pudo presenciar una sesi\u00f3n con Valentino, quien le dio un curso acelerado de motociclismo<\/strong>. &#8220;Cuando te pegas a la moto de adelante, la presi\u00f3n aumenta y empiezas a perder el frente de la moto. El problema es que si frenas justo por detr\u00e1s, es como si la moto que est\u00e1 delante te succionara y es m\u00e1s dif\u00edcil parar&#8221;, le explic\u00f3 el tano de 46 a\u00f1os.<\/p>\n<\/div>\n<p><h2>Lando Norris y Valentino Rossi, juntos en la fecha del MotoGP en Misano<\/h2>\n<\/p>\n<div class=\"sc-3c5a76cc-1 idjLTd\">\n<div class=\"sc-e8b2828-0 fBmEJc\" type=\"embed\">\n<div class=\"sc-e8b2828-1 iPLbWT videoText\" id=\"contentTitleembedDZTR307n\" type=\"embed\"><svg fill=\"#ffffff\"><symbol id=\"play\" viewBox=\"0 0 512 512\"><path d=\"M512 256C512 397.4 397.4 512 256 512C114.6 512 0 397.4 0 256C0 114.6 114.6 0 256 0C397.4 0 512 114.6 512 256zM176 168V344C176 352.7 180.7 360.7 188.3 364.9C195.8 369.2 205.1 369 212.5 364.5L356.5 276.5C363.6 272.1 368 264.4 368 256C368 247.6 363.6 239.9 356.5 235.5L212.5 147.5C205.1 142.1 195.8 142.8 188.3 147.1C180.7 151.3 176 159.3 176 168V168z\" \/><\/symbol><use xlink:href=\"#play\" \/><\/svg><\/p>\n<div class=\"right\">\n<p>Valentino Rossi<!-- --> &#8211; <span>&nbsp;<\/span><\/p>\n<h2 class=\"title-vid\">Valentino Rossi explic\u00e1ndole detalles t\u00e9cnicos de las motos a Lando Norris<\/h2>\n<\/div>\n<\/div>\n<p><span class=\"back\" id=\"spanBackembedDZTR307n\"><\/span><\/div>\n<div class=\"JWvideoNota_title\">\n<p>Cr\u00e9dito: @monsterenergy<\/p>\n<\/div>\n<\/div>\n<p><h2>Kimi Antonelli tambi\u00e9n se pas\u00f3 por el paddock del MotoGP<\/h2>\n<\/p>\n<div class=\"custom-text \" readability=\"34.486301369863\">\n<p>Lando no fue el \u00fanico piloto de la F\u00f3rmula 1 que presenci\u00f3 la fecha del MotoGP. Un local, <strong><a href=\"https:\/\/www.ole.com.ar\/tema\/andrea-kimi-antonelli.html\" title=\"Andrea Kimi Antonelli\" alt=\"Andrea Kimi Antonelli\" class=\"slug\">Kimi Antonelli<\/a><\/strong> (Mercedes), tambi\u00e9n estuvo en el GP de San Marino. Adem\u00e1s de felicitar al espa\u00f1ol <a href=\"https:\/\/www.ole.com.ar\/tema\/marc-marquez.html\" title=\"Marc M\u00e1rquez\" alt=\"Marc M\u00e1rquez\" class=\"slug\">Marc M\u00e1rquez<\/a>, puntero del campeonato y rival de Rossi hace algunos a\u00f1os, <strong>se fotografi\u00f3 con Vale.<\/strong><\/p>\n<\/div>\n<div class=\"sc-e7b891c4-0 ifHnQL image-embed\"><img alt=\"Rossi y Antonelli, felices en Misano. (REUTERS\/Jennifer Lorenzini)\" loading=\"lazy\" width=\"720\" height=\"100\" decoding=\"async\" data-nimg=\"1\" src=\"http:\/\/cordobadirecto.com\/wp-content\/uploads\/2025\/09\/la-figura-de-la-formula-1-que-se-junto-con-valentino-rossi-y-recibio-un-curso-acelerado-de-motociclismo.jpg\"><span class=\"epigraphe\">Rossi y Antonelli, felices en Misano. (REUTERS\/Jennifer Lorenzini)<\/span><\/div>\n<div class=\"sc-a7166897-0 eoLsBE\" readability=\"7\">\n<section readability=\"4\"><picture><img alt=\"Valent\u00edn Perrone sali\u00f3 6\u00b0, fue a buscar a un rival que lo toc\u00f3 y su equipo salt\u00f3 a defenderlo\" loading=\"lazy\" width=\"290\" height=\"290\" decoding=\"async\" data-nimg=\"1\" src=\"http:\/\/cordobadirecto.com\/wp-content\/uploads\/2025\/09\/la-figura-de-la-formula-1-que-se-junto-con-valentino-rossi-y-recibio-un-curso-acelerado-de-motociclismo-1.jpg\"><\/picture>\n<p><span>Mir\u00e1 tambi\u00e9n<\/span><\/p>\n<hr>\n<h3>Valent\u00edn Perrone sali\u00f3 6\u00b0, fue a buscar a un rival que lo toc\u00f3 y su equipo salt\u00f3 a defenderlo<\/h3>\n<\/p>\n<\/section>\n<\/div>\n<div class=\"sc-a7166897-0 eoLsBE\" readability=\"6.5\">\n<section readability=\"3\"><picture><img alt=\"Agust\u00edn Canapino gan\u00f3 la final del TC en San Luis y es recontra puntero de la Copa de Oro\" loading=\"lazy\" width=\"290\" height=\"290\" decoding=\"async\" data-nimg=\"1\" src=\"http:\/\/cordobadirecto.com\/wp-content\/uploads\/2025\/09\/la-figura-de-la-formula-1-que-se-junto-con-valentino-rossi-y-recibio-un-curso-acelerado-de-motociclismo-2.jpg\"><\/picture>\n<p><span>Mir\u00e1 tambi\u00e9n<\/span><\/p>\n<hr>\n<h3>Agust\u00edn Canapino gan\u00f3 la final del TC en San Luis y es recontra puntero de la Copa de Oro<\/h3>\n<\/p>\n<\/section>\n<\/div>\n<div class=\"sc-a7166897-0 eoLsBE\" readability=\"6\">\n<section readability=\"2\"><picture><img alt=\"Verstappen tambi\u00e9n vuela fuera de la F1: obtuvo la licencia GT3 en Nordschleife\" loading=\"lazy\" width=\"290\" height=\"290\" decoding=\"async\" data-nimg=\"1\" src=\"http:\/\/cordobadirecto.com\/wp-content\/uploads\/2025\/09\/la-figura-de-la-formula-1-que-se-junto-con-valentino-rossi-y-recibio-un-curso-acelerado-de-motociclismo-3.jpg\"><\/picture>\n<p><span>Mir\u00e1 tambi\u00e9n<\/span><\/p>\n<hr>\n<h3>Verstappen tambi\u00e9n vuela fuera de la F1: obtuvo la licencia GT3 en Nordschleife<\/h3>\n<\/p>\n<\/section>\n<\/div>\n<div class=\"sc-a7166897-0 eoLsBE\" readability=\"6.5\">\n<section readability=\"3\"><picture><img alt=\"Colapinto le dedic\u00f3 unas palabras al equipo de Alpine: &quot;Vamos a dar el m\u00e1ximo en la pista&quot; y &quot;llegar a donde queremos y merecemos&quot; \" loading=\"lazy\" width=\"290\" height=\"290\" decoding=\"async\" data-nimg=\"1\" src=\"http:\/\/cordobadirecto.com\/wp-content\/uploads\/2025\/09\/la-figura-de-la-formula-1-que-se-junto-con-valentino-rossi-y-recibio-un-curso-acelerado-de-motociclismo-4.jpg\"><\/picture>\n<p><span>Mir\u00e1 tambi\u00e9n<\/span><\/p>\n<hr>\n<h3>Colapinto le dedic\u00f3 unas palabras al equipo de Alpine: &#8220;Vamos a dar el m\u00e1ximo en la pista&#8221; y &#8220;llegar a donde queremos y merecemos&#8221; <\/h3>\n<\/p>\n<\/section>\n<\/div>\n<\/div>\n","protected":false},"excerpt":{"rendered":"<p>14\/09\/2025 13:09hs. La F\u00f3rmula 1 y el MotoGP tienen mucho que ver. Hist\u00f3ricamente, una es la categor\u00eda m\u00e1s importante de automovilismo, y la otra, de motociclismo, pero desde hace un tiempo comparten algo m\u00e1s: las dos son administradas por Liberty Media. Este fin de semana, que tuvo descanso para los pilotos y actividad para los [&hellip;]<\/p>\n","protected":false},"author":1,"featured_media":175229,"comment_status":"closed","ping_status":"closed","sticky":false,"template":"","format":"standard","meta":[],"categories":[21],"tags":[],"_links":{"self":[{"href":"http:\/\/cordobadirecto.com\/index.php\/wp-json\/wp\/v2\/posts\/175228"}],"collection":[{"href":"http:\/\/cordobadirecto.com\/index.php\/wp-json\/wp\/v2\/posts"}],"about":[{"href":"http:\/\/cordobadirecto.com\/index.php\/wp-json\/wp\/v2\/types\/post"}],"author":[{"embeddable":true,"href":"http:\/\/cordobadirecto.com\/index.php\/wp-json\/wp\/v2\/users\/1"}],"replies":[{"embeddable":true,"href":"http:\/\/cordobadirecto.com\/index.php\/wp-json\/wp\/v2\/comments?post=175228"}],"version-history":[{"count":0,"href":"http:\/\/cordobadirecto.com\/index.php\/wp-json\/wp\/v2\/posts\/175228\/revisions"}],"wp:featuredmedia":[{"embeddable":true,"href":"http:\/\/cordobadirecto.com\/index.php\/wp-json\/wp\/v2\/media\/175229"}],"wp:attachment":[{"href":"http:\/\/cordobadirecto.com\/index.php\/wp-json\/wp\/v2\/media?parent=175228"}],"wp:term":[{"taxonomy":"category","embeddable":true,"href":"http:\/\/cordobadirecto.com\/index.php\/wp-json\/wp\/v2\/categories?post=175228"},{"taxonomy":"post_tag","embeddable":true,"href":"http:\/\/cordobadirecto.com\/index.php\/wp-json\/wp\/v2\/tags?post=175228"}],"curies":[{"name":"wp","href":"https:\/\/api.w.org\/{rel}","templated":true}]}}