{"id":17525,"date":"2021-09-08T16:18:59","date_gmt":"2021-09-08T16:18:59","guid":{"rendered":"https:\/\/es.digitaltrends.com\/?p=860171"},"modified":"2021-09-08T16:18:59","modified_gmt":"2021-09-08T16:18:59","slug":"amazon-anuncia-su-primer-western-hecho-en-latinoamerica","status":"publish","type":"post","link":"http:\/\/cordobadirecto.com\/index.php\/2021\/09\/08\/amazon-anuncia-su-primer-western-hecho-en-latinoamerica\/","title":{"rendered":"Amazon anuncia su primer western hecho en Latinoam\u00e9rica"},"content":{"rendered":"<p>Amazon anunci\u00f3 que ya comenz\u00f3 la producci\u00f3n de <em>La Cabeza de Joaqu\u00edn Murrieta<\/em>, su primera <a href=\"https:\/\/es.digitaltrends.com\/entretenimiento\/star-trek-reparto-demencia-peleas-muerte\/\">serie <\/a>original de western hecha en <a href=\"https:\/\/es.digitaltrends.com\/entretenimiento\/star-plus-quejas-memes-estreno-latinoamerica\/\">Latinoam\u00e9rica<\/a>.<\/p>\n<p>La serie ser\u00e1 estrenada el pr\u00f3ximo a\u00f1o en la plataforma de <a href=\"https:\/\/es.digitaltrends.com\/celular\/mejores-aplicaciones-iphone-version-1631109605\/\">Amazon Prime Video<\/a> y estar\u00e1 disponible en m\u00e1s de 240 pa\u00edses.<\/p>\n<p>\u201cEste western lleno de acci\u00f3n sucede en la nueva frontera entre M\u00e9xico y Estados Unidos en 1851, en un periodo impulsado por la avaricia, la ira y la xenofobia, cuando se pelea una guerra sin cuartel gracias a la Fiebre de Oro de California\u201d, se\u00f1ala la sinopsis compartida por la compa\u00f1\u00eda.<\/p>\n<figure id=\"attachment_860177\" aria-describedby=\"caption-attachment-860177\" class=\"wp-caption aligncenter\"><img src=\"http:\/\/cordobadirecto.com\/wp-content\/uploads\/2021\/09\/amazon-anuncia-su-primer-western-hecho-en-latinoamerica.gif\" data-dt-lazy-src=\"https:\/\/icdn.dtcn.com\/image\/digitaltrends_es\/la-cabeza-de-joaquin-murrieta-720x720.jpg\" onerror=\"dti_load_error(this)\" class=\" size-large wp-image-860177 dt-lazy-load dt-lazy-pending\" alt=\"La imagen muestra una escena de la serie La Cabeza de Joaqu\u00edn Murrieta.\"><figcaption id=\"caption-attachment-860177\" class=\"wp-caption-text\"><span class=\"credit\">Amazon.<\/span><\/figcaption><\/figure>\n<p>\u201cLa serie sigue las aventuras de dos hombres\u2014Joaqu\u00edn Murrieta, una legendaria figura tambi\u00e9n conocida como el Robin Hood mexicano, interpretado por Juan Manuel Bernal (<em>Monarca<\/em>, <em>Obediencia Perfecta<\/em>) y Joaqu\u00edn Carrillo, interpretado por Alejandro Speitzer (<em>Oscuro Deseo<\/em>, <em>Alguien tiene que morir<\/em>)\u2014cuyos caminos se encuentran en medio de un violento malentendido\u201d.<\/p>\n<p>La serie es producida por Dynamo, quien tambi\u00e9n ha estado a cargo de <em>Narcos<\/em>, de Netflix, mientras se film\u00f3 en Colombia.<\/p>\n<p>\u201cEstamos emocionados de poder traer historias originales a los clientes de Amazon Prime Video y tambi\u00e9n compartir una producci\u00f3n hecha en M\u00e9xico que, adem\u00e1s de contar con una historia excepcional, tiene los est\u00e1ndares de producci\u00f3n m\u00e1s altos\u201d, dijo Javiera Balmaceda, quien encabeza el equipo de Contenido Original para Am\u00e9rica Latina de Habla Hispana en Amazon Studios.<\/p>\n<p>La Cabeza de Joaqu\u00edn Murrieta podr\u00e1 ser vista en el <a href=\"https:\/\/es.digitaltrends.com\/topic\/streaming\/\">streaming <\/a>a partir de 2022 y forma parte de los esfuerzos de la empresa por generar nuevos contenidos en Latinoam\u00e9rica.<\/p>\n<h4 class=\"h-editors-recs-title\"> Recomendaciones del editor\t<\/h4>\n<p> <span id=\"publisher-md\" itemprop=\"publisher\" itemscope itemtype=\"https:\/\/schema.org\/Organization\"> <span itemprop=\"url\" itemtype=\"https:\/\/schema.org\/Url\" content=\"https:\/\/es.digitaltrends.com\"> <span itemprop=\"logo\" itemscope itemtype=\"https:\/\/schema.org\/ImageObject\"> <meta itemprop=\"url\" content=\"https:\/\/cdn.dtcn.com\/dt\/dt-logo-small.png\"> <meta itemprop=\"width\" content=\"0\"> <meta itemprop=\"height\" content=\"0\"> <\/span> <meta itemprop=\"name\" content=\"Digital Trends Espa\u00f1ol\"> <\/span> <span itemprop=\"image\" itemscope itemtype=\"https:\/\/schema.org\/ImageObject\"> <meta itemprop=\"url\" content=\"https:\/\/icdn.dtcn.com\/image\/digitaltrends_es\/la-cabeza-de-joaquin-murrieta.jpg\"> <\/span> <\/span><\/p>\n","protected":false},"excerpt":{"rendered":"<p>Amazon anunci\u00f3 que ya comenz\u00f3 la producci\u00f3n de La Cabeza de Joaqu\u00edn Murrieta, su primera serie original de western hecha en Latinoam\u00e9rica. La serie ser\u00e1 estrenada el pr\u00f3ximo a\u00f1o en la plataforma de Amazon Prime Video y estar\u00e1 disponible en m\u00e1s de 240 pa\u00edses. \u201cEste western lleno de acci\u00f3n sucede en la nueva frontera entre [&hellip;]<\/p>\n","protected":false},"author":1,"featured_media":17526,"comment_status":"closed","ping_status":"closed","sticky":false,"template":"","format":"standard","meta":[],"categories":[18],"tags":[],"_links":{"self":[{"href":"http:\/\/cordobadirecto.com\/index.php\/wp-json\/wp\/v2\/posts\/17525"}],"collection":[{"href":"http:\/\/cordobadirecto.com\/index.php\/wp-json\/wp\/v2\/posts"}],"about":[{"href":"http:\/\/cordobadirecto.com\/index.php\/wp-json\/wp\/v2\/types\/post"}],"author":[{"embeddable":true,"href":"http:\/\/cordobadirecto.com\/index.php\/wp-json\/wp\/v2\/users\/1"}],"replies":[{"embeddable":true,"href":"http:\/\/cordobadirecto.com\/index.php\/wp-json\/wp\/v2\/comments?post=17525"}],"version-history":[{"count":0,"href":"http:\/\/cordobadirecto.com\/index.php\/wp-json\/wp\/v2\/posts\/17525\/revisions"}],"wp:featuredmedia":[{"embeddable":true,"href":"http:\/\/cordobadirecto.com\/index.php\/wp-json\/wp\/v2\/media\/17526"}],"wp:attachment":[{"href":"http:\/\/cordobadirecto.com\/index.php\/wp-json\/wp\/v2\/media?parent=17525"}],"wp:term":[{"taxonomy":"category","embeddable":true,"href":"http:\/\/cordobadirecto.com\/index.php\/wp-json\/wp\/v2\/categories?post=17525"},{"taxonomy":"post_tag","embeddable":true,"href":"http:\/\/cordobadirecto.com\/index.php\/wp-json\/wp\/v2\/tags?post=17525"}],"curies":[{"name":"wp","href":"https:\/\/api.w.org\/{rel}","templated":true}]}}