{"id":17529,"date":"2021-09-08T16:09:00","date_gmt":"2021-09-08T16:09:00","guid":{"rendered":"http:\/\/cordobadirecto.com\/index.php\/2021\/09\/08\/ghani-se-disculpo-con-el-pueblo-afgano-por-huir-del-pais-y-nego-haberse-llevado-dinero\/"},"modified":"2021-09-08T16:09:00","modified_gmt":"2021-09-08T16:09:00","slug":"ghani-se-disculpo-con-el-pueblo-afgano-por-huir-del-pais-y-nego-haberse-llevado-dinero","status":"publish","type":"post","link":"http:\/\/cordobadirecto.com\/index.php\/2021\/09\/08\/ghani-se-disculpo-con-el-pueblo-afgano-por-huir-del-pais-y-nego-haberse-llevado-dinero\/","title":{"rendered":"Ghani se disculp\u00f3 con el pueblo afgano por huir del pa\u00eds y neg\u00f3 haberse llevado dinero"},"content":{"rendered":"<div class=\"image\" id=\"image\" readability=\"8\"> <img src=\"http:\/\/cordobadirecto.com\/wp-content\/uploads\/2021\/09\/ghani-se-disculpo-con-el-pueblo-afgano-por-huir-del-pais-y-nego-haberse-llevado-dinero.jpg\" alt=\"&quot;Me disculpo ante el pueblo afgano por no haber logrado que fuese diferente&quot;, dijo Ghani.\" title=\"&quot;Me disculpo ante el pueblo afgano por no haber logrado que fuese diferente&quot;, dijo Ghani.\"><\/p>\n<p>&#8220;Me disculpo ante el pueblo afgano por no haber logrado que fuese diferente&#8221;, dijo Ghani.<\/p>\n<\/div>\n<p><strong>El expresidente Ashraf Ghani<\/strong>, quien abandon\u00f3 Afganist\u00e1n el 15 de agosto ante la llegada de los talibanes a Kabul, <strong>pidi\u00f3 disculpas este mi\u00e9rcoles al pueblo afgano<\/strong> <strong>por no haber sabido ofrecerle un mejor futuro<\/strong> y, aunque no dio detalles sobre su huida, s\u00ed asegur\u00f3 que es &#8220;categ\u00f3ricamente falso&#8221; que huyese con dinero oculto.<\/p>\n<p>&#8220;Es con un profundo pesar que mi propio cap\u00edtulo termin\u00f3 con una tragedia similar a la de mis antecesores, sin garantizar la estabilidad ni la prosperidad (de Afganist\u00e1n). Pido disculpas al pueblo afgano por no haber logrado que las cosas terminasen de manera diferente&#8221;, declar\u00f3 el expresidente en un comunicado, inform\u00f3 la agencia de noticias AFP.<\/p>\n<p>Ghani, exiliado en Emiratos \u00c1rabes Unidos, explic\u00f3 que huy\u00f3 el 15 de agosto &#8220;despu\u00e9s de que los talibanes entrasen inesperadamente&#8221; en la capital y para evitar un enfrentamiento armado.<\/p>\n<blockquote readability=\"7\">\n<p>&#8220;Es con un profundo pesar que mi propio cap\u00edtulo termin\u00f3 con una tragedia similar a la de mis antecesores, sin garantizar la estabilidad ni la prosperidad&#8221;<span class=\"comilla\">\u201d<\/span><\/p>\n<p><span>Ashraf Ghani<\/span><\/p>\n<\/blockquote>\n<p><strong>Por su parte, el secretario de Estado de Estados Unidos, Antony Blinken, asegur\u00f3 que Ghani le prometi\u00f3<\/strong> la noche antes de exiliarse <strong>que estaba &#8220;preparado para luchar hasta la muerte&#8221;<\/strong>, lo que en principio descartaba la huida que finalmente termin\u00f3 produci\u00e9ndose.<\/p>\n<p>&#8220;Cre\u00ed que era la \u00fanica manera de mantener en silencio las armas y salvar a los seis millones de ciudadanos de Kabul&#8221;, aleg\u00f3 Ghani, seg\u00fan recogi\u00f3 la agencia de noticias Europa Press.<\/p>\n<p>Agradeci\u00f3 la labor de quienes se sacrificaron por Afganist\u00e1n y expres\u00f3 su &#8220;profundo lamento&#8221; por el hecho de que su etapa como presidente concluyese con una &#8220;tragedia&#8221; similar a la de sus predecesores, &#8220;sin asegurar la estabilidad y la prosperidad&#8221; a un pa\u00eds que se asoma ahora a una nueva etapa de los talibanes en el poder.<\/p>\n<p>&#8220;Me disculpo ante el pueblo afgano por no haber logrado que fuese diferente&#8221;, dijo Ghani en un comunicado publicado en sus redes sociales.<\/p>\n<div class=\"image\" id=\"image\" readability=\"9\"> <img src=\"http:\/\/cordobadirecto.com\/wp-content\/uploads\/2021\/09\/ghani-se-disculpo-con-el-pueblo-afgano-por-huir-del-pais-y-nego-haberse-llevado-dinero-1.jpg\" alt=\"&quot;Cre\u00ed que era la \u00fanica manera de mantener en silencio las armas y salvar a los seis millones de ciudadanos de Kabul&quot;, aleg\u00f3 Ghani.\" title=\"&quot;Cre\u00ed que era la \u00fanica manera de mantener en silencio las armas y salvar a los seis millones de ciudadanos de Kabul&quot;, aleg\u00f3 Ghani.\"><\/p>\n<p>&#8220;Cre\u00ed que era la \u00fanica manera de mantener en silencio las armas y salvar a los seis millones de ciudadanos de Kabul&#8221;, aleg\u00f3 Ghani.<\/p>\n<\/div>\n<p>El Gobierno de Estados Unidos no ocult\u00f3 su malestar con las autoridades afganas y, en particular, con Ghani, con el que no consta ning\u00fan contacto desde que saliese de Afganist\u00e1n.<\/p>\n<p>El expresidente evit\u00f3 expresamente valorar los acontecimientos que terminar\u00edan llev\u00e1ndolo a abandonar Afganist\u00e1n, a la espera de pronunciarse de forma m\u00e1s precisa a este respecto &#8220;en un futuro cercano&#8221;.<\/p>\n<p>Ghani s\u00ed quiso dejar claro que no huy\u00f3 &#8220;con millones de d\u00f3lares propiedad del pueblo afgano&#8221;, como llegaron a decir sus detractores en estas \u00faltimas semanas.<\/p>\n<p>Estas acusaciones -agreg\u00f3- &#8220;son completa y categ\u00f3ricamente falsas&#8221;.<\/p>\n<blockquote readability=\"6\">\n<p>&#8220;La lucha contra la corrupci\u00f3n fue el foco central de mi labor como presidente. Hered\u00e9 un monstruo que no se pod\u00eda derrotar f\u00e1cil ni r\u00e1pidamente&#8221;<span class=\"comilla\">\u201d<\/span><\/p>\n<p><span>Ashraf Ghani<\/span><\/p>\n<\/blockquote>\n<p>&#8220;La corrupci\u00f3n es una plaga que ha lastrado Afganist\u00e1n durante d\u00e9cadas y la lucha contra la corrupci\u00f3n ha sido el foco central de mi labor como presidente. Hered\u00e9 un monstruo que no se pod\u00eda derrotar f\u00e1cil ni r\u00e1pidamente&#8221;, enfatiz\u00f3 Ghani, quien defendi\u00f3 su transparencia durante los \u00faltimos a\u00f1os e incluso se ofreci\u00f3 a que la ONU o cualquier otro organismo independiente audite su fortuna.<\/p>\n<p>La huida de Ghani supuso la vuelta al poder de los talibanes, que ayer configuraron un gabinete con personalidades de la vieja guardia y sin concesiones a minor\u00edas o mujeres.<\/p>\n<p>Blinken est\u00e1 inmerso en una gira que lo llev\u00f3 por Qatar y ahora a Alemania, donde se cit\u00f3 hoy con su hom\u00f3logo Heiko Maas, con quien mantendr\u00e1 un encuentro, convocado en una base a\u00e9rea estadounidense y al que se sumar\u00e1n por videoconferencia otros ministros de Exteriores, para tratar la crisis afgana. <\/p>\n","protected":false},"excerpt":{"rendered":"<p>&#8220;Me disculpo ante el pueblo afgano por no haber logrado que fuese diferente&#8221;, dijo Ghani. El expresidente Ashraf Ghani, quien abandon\u00f3 Afganist\u00e1n el 15 de agosto ante la llegada de los talibanes a Kabul, pidi\u00f3 disculpas este mi\u00e9rcoles al pueblo afgano por no haber sabido ofrecerle un mejor futuro y, aunque no dio detalles sobre [&hellip;]<\/p>\n","protected":false},"author":1,"featured_media":17530,"comment_status":"closed","ping_status":"closed","sticky":false,"template":"","format":"standard","meta":[],"categories":[24],"tags":[],"_links":{"self":[{"href":"http:\/\/cordobadirecto.com\/index.php\/wp-json\/wp\/v2\/posts\/17529"}],"collection":[{"href":"http:\/\/cordobadirecto.com\/index.php\/wp-json\/wp\/v2\/posts"}],"about":[{"href":"http:\/\/cordobadirecto.com\/index.php\/wp-json\/wp\/v2\/types\/post"}],"author":[{"embeddable":true,"href":"http:\/\/cordobadirecto.com\/index.php\/wp-json\/wp\/v2\/users\/1"}],"replies":[{"embeddable":true,"href":"http:\/\/cordobadirecto.com\/index.php\/wp-json\/wp\/v2\/comments?post=17529"}],"version-history":[{"count":0,"href":"http:\/\/cordobadirecto.com\/index.php\/wp-json\/wp\/v2\/posts\/17529\/revisions"}],"wp:featuredmedia":[{"embeddable":true,"href":"http:\/\/cordobadirecto.com\/index.php\/wp-json\/wp\/v2\/media\/17530"}],"wp:attachment":[{"href":"http:\/\/cordobadirecto.com\/index.php\/wp-json\/wp\/v2\/media?parent=17529"}],"wp:term":[{"taxonomy":"category","embeddable":true,"href":"http:\/\/cordobadirecto.com\/index.php\/wp-json\/wp\/v2\/categories?post=17529"},{"taxonomy":"post_tag","embeddable":true,"href":"http:\/\/cordobadirecto.com\/index.php\/wp-json\/wp\/v2\/tags?post=17529"}],"curies":[{"name":"wp","href":"https:\/\/api.w.org\/{rel}","templated":true}]}}