{"id":175310,"date":"2025-09-16T20:38:21","date_gmt":"2025-09-16T20:38:21","guid":{"rendered":"https:\/\/cordoba.gob.ar\/?p=81264"},"modified":"2025-09-16T20:38:21","modified_gmt":"2025-09-16T20:38:21","slug":"junto-a-un-gran-numero-de-vecinos-y-visitantes-las-murcielagas-fueron-homenajeadas-en-el-centro-de-la-ciudad","status":"publish","type":"post","link":"http:\/\/cordobadirecto.com\/index.php\/2025\/09\/16\/junto-a-un-gran-numero-de-vecinos-y-visitantes-las-murcielagas-fueron-homenajeadas-en-el-centro-de-la-ciudad\/","title":{"rendered":"Junto a un gran n\u00famero de vecinos y visitantes, las \u201cMurci\u00e9lagas\u201d fueron homenajeadas en el centro de la ciudad"},"content":{"rendered":"<div><img src=\"http:\/\/cordobadirecto.com\/wp-content\/uploads\/2025\/09\/junto-a-un-gran-numero-de-vecinos-y-visitantes-las-murcielagas-fueron-homenajeadas-en-el-centro-de-la-ciudad.jpg\" class=\"ff-og-image-inserted\"><\/div>\n<ul class=\"ak-ul\" data-prosemirror-content-type=\"node\" data-prosemirror-node-name=\"bulletList\" data-prosemirror-node-block=\"true\" readability=\"1\">\n<li data-prosemirror-content-type=\"node\" data-prosemirror-node-name=\"listItem\" data-prosemirror-node-block=\"true\" readability=\"0\">\n<p data-prosemirror-content-type=\"node\" data-prosemirror-node-name=\"paragraph\" data-prosemirror-node-block=\"true\"><strong>El seleccionado femenino de f\u00fatbol para personas con discapacidad visual realiz\u00f3 un entrenamiento abierto en la Plaza San Mart\u00edn.<\/strong><\/p>\n<\/li>\n<li data-prosemirror-content-type=\"node\" data-prosemirror-node-name=\"listItem\" data-prosemirror-node-block=\"true\" readability=\"2\">\n<p data-prosemirror-content-type=\"node\" data-prosemirror-node-name=\"paragraph\" data-prosemirror-node-block=\"true\"><strong>El equipo albiceleste, que se prepara para defender el t\u00edtulo en el pr\u00f3ximo Mundial de India, cuenta con cuatro jugadoras cordobesas.<\/strong><\/p>\n<\/li>\n<\/ul>\n<hr>\n<p data-prosemirror-content-type=\"node\" data-prosemirror-node-name=\"paragraph\" data-prosemirror-node-block=\"true\">La Selecci\u00f3n Argentina Femenina de F\u00fatbol para Personas con Discapacidad Visual, conocidas como \u00abLas Murci\u00e9lagas\u00bb, realizaron esta ma\u00f1ana, un entrenamiento abierto al p\u00fablico en la Plaza San Mart\u00edn.<\/p>\n<p data-prosemirror-content-type=\"node\" data-prosemirror-node-name=\"paragraph\" data-prosemirror-node-block=\"true\">Las jugadoras compartieron cancha con \u201cLas Guerreras\u201d, equipo de f\u00fatbol femenino para personas con discapacidad visual del Club Municipalidad que se sumaron a la propuesta con demostraciones deportivas con el objetivo de difundir el f\u00fatbol adaptado y promoverlo como herramienta de inclusi\u00f3n.<\/p>\n<p data-prosemirror-content-type=\"node\" data-prosemirror-node-name=\"paragraph\" data-prosemirror-node-block=\"true\">\u201cEstamos felices de estar aqu\u00ed con \u201cLas Murci\u00e9lagas\u201d, concentrando en C\u00f3rdoba y haciendo esta demostraci\u00f3n en la Plaza San Mart\u00edn. La Municipalidad organiz\u00f3 esta peque\u00f1a exhibici\u00f3n para que toda la gente la pueda ver, pueda participar y conocer a las chicas. Es importante que la ciudadan\u00eda sepa que esta selecci\u00f3n sali\u00f3 campeona del Mundo en el a\u00f1o 2023, en Inglaterra, y que en octubre vamos por el segundo mundial de esta disciplina\u201d, expres\u00f3 el entrenador, Gonzalo Abbas Hachach\u00e9.<\/p>\n<p data-prosemirror-content-type=\"node\" data-prosemirror-node-name=\"paragraph\" data-prosemirror-node-block=\"true\">Por su parte, Yohana Aguilar, jugadora que lleva la casaca&nbsp;n\u00famero 10 de la selecci\u00f3n nacional, se expres\u00f3 emocionada al finalizar la jornada: \u201cJugamos en el centro de la ciudad de C\u00f3rdoba y eso significa un mont\u00f3n; yo soy cordobesa y estar ac\u00e1, que la gente conozca sobre este deporte, se anime a preguntar para nosotras es una batalla ganada, as\u00ed que la verdad muy agradecida con eso\u201d.<\/p>\n<p data-prosemirror-content-type=\"node\" data-prosemirror-node-name=\"paragraph\" data-prosemirror-node-block=\"true\">Y a\u00f1adi\u00f3: \u201cNos estamos preparando mucho, estamos haciendo hincapi\u00e9 en todos los detalles porque queremos volver a subirnos al podio y para eso tenemos que entrenar con mucha intensidad\u201d.<\/p>\n<p data-prosemirror-content-type=\"node\" data-prosemirror-node-name=\"paragraph\" data-prosemirror-node-block=\"true\">El secretario de Fortalecimiento Vecinal y Deportes, H\u00e9ctor \u201cPichi\u201d Campana, comparti\u00f3 el entrenamiento con el equipo nacional y manifest\u00f3: \u201cEstamos muy contentos que nuestras campeonas mundiales se est\u00e9n preparando en la ciudad de C\u00f3rdoba. Con esta actividad quisimos que los vecinos puedan apreciar sus habilidades, y animarlos a que se acerquen al f\u00fatbol adaptado para personas no videntes, sabiendo que desde la Municipalidad de C\u00f3rdoba siempre estaremos apoyando estas actividades porque el derecho de hacer deportes es de todos por igual\u201d.<\/p>\n<p data-prosemirror-content-type=\"node\" data-prosemirror-node-name=\"paragraph\" data-prosemirror-node-block=\"true\">Adem\u00e1s de esta actividad, el equipo tiene entrenamientos programados en las instalaciones del Club Municipalidad de C\u00f3rdoba hasta el 17 de septiembre.<\/p>\n<p data-prosemirror-content-type=\"node\" data-prosemirror-node-name=\"paragraph\" data-prosemirror-node-block=\"true\">Las actuales campeonas del mundo llevan a cabo la concentraci\u00f3n en la ciudad de C\u00f3rdoba como parte de sus trabajos previos al Mundial que se llevar\u00e1 a cabo en la India. El torneo, que es organizado por la Federaci\u00f3n Internacional de Deportes para Ciegos (IBSA), se disputar\u00e1 del 5 al 11 de octubre en la ciudad de Kochi.<\/p>\n<p data-prosemirror-content-type=\"node\" data-prosemirror-node-name=\"paragraph\" data-prosemirror-node-block=\"true\"><strong data-prosemirror-content-type=\"mark\" data-prosemirror-mark-name=\"strong\">*Sobre el seleccionado argentino*<\/strong><\/p>\n<p data-prosemirror-content-type=\"node\" data-prosemirror-node-name=\"paragraph\" data-prosemirror-node-block=\"true\">El equipo que dirige el cordob\u00e9s Gonzalo Abbas Hachach\u00e9 ya tiene su plantel definido para la competencia. Las 10 jugadoras son Gracia Sosa, Yohana Aguilar, Milagros Romero, Melisa Flores, Guillermina Corrales, Agustina Medina, Florencia Massenzana, Micaela Aguilar, Sandra Yanaje y Micaela Segovia, siendo las cuatro primeras de la ciudad de C\u00f3rdoba.<\/p>\n<p data-prosemirror-content-type=\"node\" data-prosemirror-node-name=\"paragraph\" data-prosemirror-node-block=\"true\">Adem\u00e1s del entrenador, el cuerpo t\u00e9cnico est\u00e1 conformado por Santiago Jugo, Sof\u00eda Sosa, Julieta Mart\u00edn y Luz Morales.<\/p>\n<p data-prosemirror-content-type=\"node\" data-prosemirror-node-name=\"paragraph\" data-prosemirror-node-block=\"true\"><strong data-prosemirror-content-type=\"mark\" data-prosemirror-mark-name=\"strong\">*F\u00fatbol para personas ciegas en el Club Municipalidad de C\u00f3rdoba*<\/strong><\/p>\n<p data-prosemirror-content-type=\"node\" data-prosemirror-node-name=\"paragraph\" data-prosemirror-node-block=\"true\">Quienes est\u00e9n interesados en sumarse a los entrenamientos al f\u00fatbol para personas ciegas, pueden anotarse en la sede del Club Municipalidad de C\u00f3rdoba ubicado en la calle Avellaneda 2751 del barrio Alta C\u00f3rdoba, o al tel\u00e9fono (351) 373-7620, de lunes a viernes de 8 a 19 horas<\/p>\n<p data-prosemirror-content-type=\"node\" data-prosemirror-node-name=\"paragraph\" data-prosemirror-node-block=\"true\">Las actividades son gratuitas y est\u00e1n abiertas para todas las edades, tanto para varones como para mujeres.<\/p>\n","protected":false},"excerpt":{"rendered":"<p>El seleccionado femenino de f\u00fatbol para personas con discapacidad visual realiz\u00f3 un entrenamiento abierto en la Plaza San Mart\u00edn. El equipo albiceleste, que se prepara para defender el t\u00edtulo en el pr\u00f3ximo Mundial de India, cuenta con cuatro jugadoras cordobesas. La Selecci\u00f3n Argentina Femenina de F\u00fatbol para Personas con Discapacidad Visual, conocidas como \u00abLas Murci\u00e9lagas\u00bb, [&hellip;]<\/p>\n","protected":false},"author":1,"featured_media":175311,"comment_status":"closed","ping_status":"closed","sticky":false,"template":"","format":"standard","meta":[],"categories":[44],"tags":[],"_links":{"self":[{"href":"http:\/\/cordobadirecto.com\/index.php\/wp-json\/wp\/v2\/posts\/175310"}],"collection":[{"href":"http:\/\/cordobadirecto.com\/index.php\/wp-json\/wp\/v2\/posts"}],"about":[{"href":"http:\/\/cordobadirecto.com\/index.php\/wp-json\/wp\/v2\/types\/post"}],"author":[{"embeddable":true,"href":"http:\/\/cordobadirecto.com\/index.php\/wp-json\/wp\/v2\/users\/1"}],"replies":[{"embeddable":true,"href":"http:\/\/cordobadirecto.com\/index.php\/wp-json\/wp\/v2\/comments?post=175310"}],"version-history":[{"count":0,"href":"http:\/\/cordobadirecto.com\/index.php\/wp-json\/wp\/v2\/posts\/175310\/revisions"}],"wp:featuredmedia":[{"embeddable":true,"href":"http:\/\/cordobadirecto.com\/index.php\/wp-json\/wp\/v2\/media\/175311"}],"wp:attachment":[{"href":"http:\/\/cordobadirecto.com\/index.php\/wp-json\/wp\/v2\/media?parent=175310"}],"wp:term":[{"taxonomy":"category","embeddable":true,"href":"http:\/\/cordobadirecto.com\/index.php\/wp-json\/wp\/v2\/categories?post=175310"},{"taxonomy":"post_tag","embeddable":true,"href":"http:\/\/cordobadirecto.com\/index.php\/wp-json\/wp\/v2\/tags?post=175310"}],"curies":[{"name":"wp","href":"https:\/\/api.w.org\/{rel}","templated":true}]}}