{"id":175314,"date":"2025-09-16T20:53:07","date_gmt":"2025-09-16T20:53:07","guid":{"rendered":"https:\/\/www.ole.com.ar\/autos\/flavio-briatore-dijo-autocritica-alpine-temporada-2026-formula-1-f1_0_80wWvEh379.html"},"modified":"2025-09-16T20:53:07","modified_gmt":"2025-09-16T20:53:07","slug":"la-autocritica-de-flavio-briatore-por-el-mal-ano-de-alpine-y-los-planes-de-cara-al-2026","status":"publish","type":"post","link":"http:\/\/cordobadirecto.com\/index.php\/2025\/09\/16\/la-autocritica-de-flavio-briatore-por-el-mal-ano-de-alpine-y-los-planes-de-cara-al-2026\/","title":{"rendered":"La autocr\u00edtica de Flavio Briatore por el mal a\u00f1o de Alpine y los planes de cara al 2026"},"content":{"rendered":"<p><time class=\"createDate\" datetime=\"2025-09-16T17:53:07-03:00\">16\/09\/2025 17:53hs.<\/time><\/p>\n<div id=\"storyBody\">\n<div class=\"custom-text \" readability=\"37.647058823529\">\n<p>La temporada de <strong><a href=\"https:\/\/www.ole.com.ar\/tema\/alpine.html\" title=\"Alpine\" alt=\"Alpine\" class=\"slug\">Alpine<\/a><\/strong> est\u00e1 lejos de ser la que plane\u00f3 al arrancar el a\u00f1o. En una posici\u00f3n inc\u00f3moda, <strong><a href=\"https:\/\/www.ole.com.ar\/tema\/flavio-briatore.html\" title=\"Flavio Briatore\" alt=\"Flavio Briatore\" class=\"slug\">Flavio Briatore<\/a><\/strong>, capo de la escuder\u00eda francesa,<strong> <\/strong>fue autocr\u00edtico en relaci\u00f3n al desempe\u00f1o mostrado hasta el momento y advirti\u00f3 que no cree que la situaci\u00f3n vaya a cambiar. Por eso mismo, puso la mirada en el<strong> 2026<\/strong>, para cuando est\u00e1 esperanzado&#8230;<\/p>\n<\/div>\n<div class=\"custom-text \" readability=\"38\">\n<p>En di\u00e1logo con el medio neerland\u00e9s Formule1.NL, el tano se sincer\u00f3: &#8220;Quiz\u00e1s cometimos un error al no implementar actualizaciones desde el principio, y <strong>ahora lo estamos pagando<\/strong>. Entre 10 y 15 coches est\u00e1n a tres d\u00e9cimas de diferencia. Sabemos que estamos muy por detr\u00e1s en potencia y en motor,<strong> pero por eso queremos olvidarnos de este a\u00f1o r\u00e1pidamente<\/strong>. Esperemos que las cosas nos vayan mejor en el pr\u00f3ximo campeonato&#8221;.<\/p>\n<\/div>\n<div class=\"sc-e7b891c4-0 ifHnQL image-embed\"><img alt=\"El tano fue autocr\u00edtico en la previa del GP de Azerbaiy\u00e1n. (EFE\/EPA\/SHAWN THEW)\" loading=\"lazy\" width=\"720\" height=\"100\" decoding=\"async\" data-nimg=\"1\" src=\"http:\/\/cordobadirecto.com\/wp-content\/uploads\/2025\/09\/la-autocritica-de-flavio-briatore-por-el-mal-ano-de-alpine-y-los-planes-de-cara-al-2026.jpg\"><span class=\"epigraphe\">El tano fue autocr\u00edtico en la previa del GP de Azerbaiy\u00e1n. (EFE\/EPA\/SHAWN THEW)<\/span><\/div>\n<div class=\"custom-text \" readability=\"38\">\n<p>Tras la renuncia del jefe de equipo Oliver Oakes, antes de Imola, Alpine confirm\u00f3 a <strong>Steve Nielsen<\/strong> como el nuevo jefe de la estructura gala. Sobre esa cuesti\u00f3n, Briatore declar\u00f3: &#8220;Es una buena noticia; lo conozco desde hace mucho tiempo y necesitamos a alguien como \u00e9l. <strong>Espero que tome las riendas de principio a fin<\/strong>&#8220;.<\/p>\n<\/div>\n<p><h2>Los planes de Briatore para el 2026<\/h2>\n<\/p>\n<div class=\"custom-text \" readability=\"40\">\n<p>Alpine tiene que dar un volantazo si quiere llegar al <strong>Gran Premio de Azerbaiy\u00e1n<\/strong> del a\u00f1o que viene con m\u00e1s de 20 puntos, como marca la situaci\u00f3n actual, y el Padrino lo tiene claro: <strong>&#8220;Necesitamos mejores resultados, eso tenemos que demostrar, porque el 2025 est\u00e1 muy complicado para nosotros&#8221;.<\/strong> Por lo que dijo, se est\u00e1 armando algo grande para la pr\u00f3xima temporada&#8230;<\/p>\n<\/div>\n<div class=\"custom-text \" readability=\"41\">\n<p>&#8220;<strong>Estamos invirtiendo mucho en el coche de la pr\u00f3xima temporada<\/strong>, como mencion\u00f3 Toto Wolff (NdeR: jefe de Mercedes), <strong>pero interpretar el reglamento sigue siendo complicado<\/strong>&#8220;, asegur\u00f3 en referencia al cambio de motor que tendr\u00e1n los monoplazas franceses. A partir del 2026, Renault dejar\u00e1 de suministrar unidades de potencia, y el equipo con base en Enstone pasar\u00e1 a utilizar los fabricados por <strong>Mercedes<\/strong>. En ese nuevo coraz\u00f3n est\u00e1n puestas las expectativas de los galos para lo que vendr\u00e1, mientras piensan en hacer borr\u00f3n y cuenta.<\/p>\n<\/div>\n<div class=\"sc-e7b891c4-0 ifHnQL image-embed\"><img alt=\"Briatore junto a Colapinto en un evento de Alpine. (@briatoreflavio)\" loading=\"lazy\" width=\"720\" height=\"100\" decoding=\"async\" data-nimg=\"1\" src=\"http:\/\/cordobadirecto.com\/wp-content\/uploads\/2025\/09\/la-autocritica-de-flavio-briatore-por-el-mal-ano-de-alpine-y-los-planes-de-cara-al-2026-1.jpg\"><span class=\"epigraphe\">Briatore junto a Colapinto en un evento de Alpine. (@briatoreflavio)<\/span><\/div>\n<div class=\"sc-a7166897-0 eoLsBE\" readability=\"6\">\n<section readability=\"2\"><picture><img alt=\"Franco Colapinto y Pierre Gasly dieron la clave para tener un buen GP de Azerbaiy\u00e1n\" loading=\"lazy\" width=\"290\" height=\"290\" decoding=\"async\" data-nimg=\"1\" src=\"http:\/\/cordobadirecto.com\/wp-content\/uploads\/2025\/09\/la-autocritica-de-flavio-briatore-por-el-mal-ano-de-alpine-y-los-planes-de-cara-al-2026-2.jpg\"><\/picture>\n<p><span>Mir\u00e1 tambi\u00e9n<\/span><\/p>\n<hr>\n<h3>Franco Colapinto y Pierre Gasly dieron la clave para tener un buen GP de Azerbaiy\u00e1n<\/h3>\n<\/p>\n<\/section>\n<\/div>\n<div class=\"sc-a7166897-0 eoLsBE\" readability=\"7\">\n<section readability=\"4\"><picture><img alt=\"El ping pong de Franco Colapinto con la F1: su mejor amigo en la categor\u00eda, con qui\u00e9nes cenar\u00eda y d\u00f3nde se ve en cinco a\u00f1os\" loading=\"lazy\" width=\"290\" height=\"290\" decoding=\"async\" data-nimg=\"1\" src=\"http:\/\/cordobadirecto.com\/wp-content\/uploads\/2025\/09\/la-autocritica-de-flavio-briatore-por-el-mal-ano-de-alpine-y-los-planes-de-cara-al-2026-3.jpg\"><\/picture>\n<p><span>Mir\u00e1 tambi\u00e9n<\/span><\/p>\n<hr>\n<h3>El ping pong de Franco Colapinto con la F1: su mejor amigo en la categor\u00eda, con qui\u00e9nes cenar\u00eda y d\u00f3nde se ve en cinco a\u00f1os<\/h3>\n<\/p>\n<\/section>\n<\/div>\n<div class=\"sc-a7166897-0 eoLsBE\" readability=\"6\">\n<section readability=\"2\"><picture><img alt=\"Verstappen tambi\u00e9n vuela fuera de la F1: obtuvo la licencia GT3 en Nordschleife\" loading=\"lazy\" width=\"290\" height=\"290\" decoding=\"async\" data-nimg=\"1\" src=\"http:\/\/cordobadirecto.com\/wp-content\/uploads\/2025\/09\/la-autocritica-de-flavio-briatore-por-el-mal-ano-de-alpine-y-los-planes-de-cara-al-2026-4.jpg\"><\/picture>\n<p><span>Mir\u00e1 tambi\u00e9n<\/span><\/p>\n<hr>\n<h3>Verstappen tambi\u00e9n vuela fuera de la F1: obtuvo la licencia GT3 en Nordschleife<\/h3>\n<\/p>\n<\/section>\n<\/div>\n<\/div>\n","protected":false},"excerpt":{"rendered":"<p>16\/09\/2025 17:53hs. La temporada de Alpine est\u00e1 lejos de ser la que plane\u00f3 al arrancar el a\u00f1o. En una posici\u00f3n inc\u00f3moda, Flavio Briatore, capo de la escuder\u00eda francesa, fue autocr\u00edtico en relaci\u00f3n al desempe\u00f1o mostrado hasta el momento y advirti\u00f3 que no cree que la situaci\u00f3n vaya a cambiar. Por eso mismo, puso la mirada [&hellip;]<\/p>\n","protected":false},"author":1,"featured_media":175315,"comment_status":"closed","ping_status":"closed","sticky":false,"template":"","format":"standard","meta":[],"categories":[21],"tags":[],"_links":{"self":[{"href":"http:\/\/cordobadirecto.com\/index.php\/wp-json\/wp\/v2\/posts\/175314"}],"collection":[{"href":"http:\/\/cordobadirecto.com\/index.php\/wp-json\/wp\/v2\/posts"}],"about":[{"href":"http:\/\/cordobadirecto.com\/index.php\/wp-json\/wp\/v2\/types\/post"}],"author":[{"embeddable":true,"href":"http:\/\/cordobadirecto.com\/index.php\/wp-json\/wp\/v2\/users\/1"}],"replies":[{"embeddable":true,"href":"http:\/\/cordobadirecto.com\/index.php\/wp-json\/wp\/v2\/comments?post=175314"}],"version-history":[{"count":0,"href":"http:\/\/cordobadirecto.com\/index.php\/wp-json\/wp\/v2\/posts\/175314\/revisions"}],"wp:featuredmedia":[{"embeddable":true,"href":"http:\/\/cordobadirecto.com\/index.php\/wp-json\/wp\/v2\/media\/175315"}],"wp:attachment":[{"href":"http:\/\/cordobadirecto.com\/index.php\/wp-json\/wp\/v2\/media?parent=175314"}],"wp:term":[{"taxonomy":"category","embeddable":true,"href":"http:\/\/cordobadirecto.com\/index.php\/wp-json\/wp\/v2\/categories?post=175314"},{"taxonomy":"post_tag","embeddable":true,"href":"http:\/\/cordobadirecto.com\/index.php\/wp-json\/wp\/v2\/tags?post=175314"}],"curies":[{"name":"wp","href":"https:\/\/api.w.org\/{rel}","templated":true}]}}