{"id":175323,"date":"2025-09-17T18:22:11","date_gmt":"2025-09-17T18:22:11","guid":{"rendered":"https:\/\/cordoba.gob.ar\/?p=81307"},"modified":"2025-09-17T18:22:11","modified_gmt":"2025-09-17T18:22:11","slug":"flc2025-se-encuentra-abierta-la-convocatoria-para-historietistas-y-editoriales","status":"publish","type":"post","link":"http:\/\/cordobadirecto.com\/index.php\/2025\/09\/17\/flc2025-se-encuentra-abierta-la-convocatoria-para-historietistas-y-editoriales\/","title":{"rendered":"FLC2025: se encuentra abierta la convocatoria para historietistas y editoriales"},"content":{"rendered":"<div><img src=\"http:\/\/cordobadirecto.com\/wp-content\/uploads\/2025\/09\/flc2025-se-encuentra-abierta-la-convocatoria-para-historietistas-y-editoriales.jpg\" class=\"ff-og-image-inserted\"><\/div>\n<ul>\n<li data-prosemirror-content-type=\"node\" data-prosemirror-node-name=\"paragraph\" data-prosemirror-node-block=\"true\"><strong><strong>Hasta el 21 de septiembre estar\u00e1n abiertas las inscripciones para formar parte del ciclo Subte, el espacio dedicado a la historieta en la Feria del Libro.<\/strong><\/strong><br \/>\n<hr>\n<\/li>\n<\/ul>\n<p data-prosemirror-content-type=\"node\" data-prosemirror-node-name=\"paragraph\" data-prosemirror-node-block=\"true\">La Feria del Libro C\u00f3rdoba, que ser\u00e1 del 4 al 19 de octubre, propone el hist\u00f3rico espacio que desde hace nueve ediciones re\u00fane a historietistas, editoriales y amantes de la narrativa gr\u00e1fica en un encuentro plural y creativo dentro de la Feria del Libro C\u00f3rdoba.<\/p>\n<p data-prosemirror-content-type=\"node\" data-prosemirror-node-name=\"paragraph\" data-prosemirror-node-block=\"true\">Hasta el 21 de septiembre la convocatoria estar\u00e1 abierta y est\u00e1 dirigida a personas historietistas e ilustradoras mayores de 18 a\u00f1os, as\u00ed como a editoriales vinculadas al g\u00e9nero.<\/p>\n<p data-prosemirror-content-type=\"node\" data-prosemirror-node-name=\"paragraph\" data-prosemirror-node-block=\"true\">Quienes resulten seleccionados podr\u00e1n feriar sus publicaciones y materiales gr\u00e1ficos en un stand gratuito durante el s\u00e1bado 18 y el domingo 19 de octubre, de 17:00 a 21:00, en la carpa \u201cJulio Carri P\u00e9rez \u2013 Azul\u201d, ubicada en la Supermanzana de la Intendencia, sobre el Paseo Sobremonte.<\/p>\n<p data-prosemirror-content-type=\"node\" data-prosemirror-node-name=\"paragraph\" data-prosemirror-node-block=\"true\">El espacio adem\u00e1s incluye adem\u00e1s talleres, charlas y actividades abiertas al p\u00fablico, todas desarrolladas dentro de la Carpa Julio Carri P\u00e9rez | Azul, consolidando un espacio pensado para la difusi\u00f3n y el disfrute de la historieta en la ciudad.<\/p>\n<p data-prosemirror-content-type=\"node\" data-prosemirror-node-name=\"paragraph\" data-prosemirror-node-block=\"true\">La selecci\u00f3n estar\u00e1 a cargo de la Editorial Municipal de C\u00f3rdoba y del equipo curatorial del ciclo, que elegir\u00e1n hasta quince expositores considerando la originalidad de las publicaciones, la diversidad de t\u00e9cnicas y tem\u00e1ticas, la pertinencia del material para el p\u00fablico general y la coherencia con la Feria del Libro. Tendr\u00e1n preferencia aquellas propuestas que presenten historietas publicadas.<\/p>\n<p data-prosemirror-content-type=\"node\" data-prosemirror-node-name=\"paragraph\" data-prosemirror-node-block=\"true\">Los resultados de la selecci\u00f3n ser\u00e1n comunicados durante los siete d\u00edas posteriores al cierre de la convocatoria a trav\u00e9s de correo electr\u00f3nico. Las consultas podr\u00e1n realizarse al mail <a href=\"mailto:espaciosubte@gmail.com\" data-prosemirror-content-type=\"mark\" data-prosemirror-mark-name=\"link\">espaciosubte@gmail.com<\/a>, mientras que la inscripci\u00f3n se encuentra disponible en el siguiente <a href=\"https:\/\/docs.google.com\/forms\/d\/e\/1FAIpQLSe6Y9iGZxVT-QA8edVqT7EIvZ5q2kSFe0Ao5AkgdpJMGFnCiA\/viewform?pli=1\">enlace<\/a>.<\/p>\n","protected":false},"excerpt":{"rendered":"<p>Hasta el 21 de septiembre estar\u00e1n abiertas las inscripciones para formar parte del ciclo Subte, el espacio dedicado a la historieta en la Feria del Libro. La Feria del Libro C\u00f3rdoba, que ser\u00e1 del 4 al 19 de octubre, propone el hist\u00f3rico espacio que desde hace nueve ediciones re\u00fane a historietistas, editoriales y amantes de [&hellip;]<\/p>\n","protected":false},"author":1,"featured_media":175324,"comment_status":"closed","ping_status":"closed","sticky":false,"template":"","format":"standard","meta":[],"categories":[44],"tags":[],"_links":{"self":[{"href":"http:\/\/cordobadirecto.com\/index.php\/wp-json\/wp\/v2\/posts\/175323"}],"collection":[{"href":"http:\/\/cordobadirecto.com\/index.php\/wp-json\/wp\/v2\/posts"}],"about":[{"href":"http:\/\/cordobadirecto.com\/index.php\/wp-json\/wp\/v2\/types\/post"}],"author":[{"embeddable":true,"href":"http:\/\/cordobadirecto.com\/index.php\/wp-json\/wp\/v2\/users\/1"}],"replies":[{"embeddable":true,"href":"http:\/\/cordobadirecto.com\/index.php\/wp-json\/wp\/v2\/comments?post=175323"}],"version-history":[{"count":0,"href":"http:\/\/cordobadirecto.com\/index.php\/wp-json\/wp\/v2\/posts\/175323\/revisions"}],"wp:featuredmedia":[{"embeddable":true,"href":"http:\/\/cordobadirecto.com\/index.php\/wp-json\/wp\/v2\/media\/175324"}],"wp:attachment":[{"href":"http:\/\/cordobadirecto.com\/index.php\/wp-json\/wp\/v2\/media?parent=175323"}],"wp:term":[{"taxonomy":"category","embeddable":true,"href":"http:\/\/cordobadirecto.com\/index.php\/wp-json\/wp\/v2\/categories?post=175323"},{"taxonomy":"post_tag","embeddable":true,"href":"http:\/\/cordobadirecto.com\/index.php\/wp-json\/wp\/v2\/tags?post=175323"}],"curies":[{"name":"wp","href":"https:\/\/api.w.org\/{rel}","templated":true}]}}