{"id":175325,"date":"2025-09-17T18:14:57","date_gmt":"2025-09-17T18:14:57","guid":{"rendered":"https:\/\/cordoba.gob.ar\/?p=81292"},"modified":"2025-09-17T18:14:57","modified_gmt":"2025-09-17T18:14:57","slug":"este-viernes-habra-una-nueva-edicion-de-la-noche-de-los-cpc-con-atencion-especial-de-1700-a-2100-horas","status":"publish","type":"post","link":"http:\/\/cordobadirecto.com\/index.php\/2025\/09\/17\/este-viernes-habra-una-nueva-edicion-de-la-noche-de-los-cpc-con-atencion-especial-de-1700-a-2100-horas\/","title":{"rendered":"Este viernes habr\u00e1 una nueva edici\u00f3n de La Noche de los CPC con atenci\u00f3n especial de 17:00 a 21:00 horas"},"content":{"rendered":"<div><img src=\"http:\/\/cordobadirecto.com\/wp-content\/uploads\/2025\/09\/este-viernes-habra-una-nueva-edicion-de-la-noche-de-los-cpc-con-atencion-especial-de-1700-a-2100-horas.png\" class=\"ff-og-image-inserted\"><\/div>\n<ul>\n<li><strong>Los 17 Centros de Participaci\u00f3n Comunal ser\u00e1n parte de la propuesta.<\/strong><\/li>\n<li><strong>Tambi\u00e9n habr\u00e1 m\u00fasica en vivo, ferias y actividades para infancias.<\/strong><\/li>\n<\/ul>\n<hr>\n<p>La Municipalidad de C\u00f3rdoba trae una nueva edici\u00f3n de la Noche de los CPC, con atenci\u00f3n especial para que los vecinos y vecinas de la ciudad puedan realizar sus tr\u00e1mites en horario de 17:00 a 21:00 horas. Ser\u00e1 este viernes 19 de septiembre.<\/p>\n<p>La propuesta regresa tambi\u00e9n con m\u00fasica en vivo, espect\u00e1culos culturales, shows, actividades recreativas y propuestas pensadas para toda la familia, con la participaci\u00f3n de los m\u00e1s peque\u00f1os.<\/p>\n<p>Durante la jornada, los CPC brindar\u00e1n atenci\u00f3n con tr\u00e1mites de Registro Civil, carnet de conducir, recursos tributarios, obras p\u00fablicas, inspecci\u00f3n, cultura y deportes, entre otros. Tambi\u00e9n se podr\u00e1 tramitar y retirar la tarjeta SUBE, con un saldo negativo de $1500, correspondiente al valor del pl\u00e1stico.<\/p>\n<p>Cuatro CPC atender\u00e1n de corrido entre las 08:00 horas y las 21:00 horas: ser\u00e1n los de Mercado de la Ciudad, San Vicente, Monse\u00f1or Pablo Cabrera y Centro Am\u00e9rica, que son parte del esquema rotativo de atenci\u00f3n extendida en los CPC de la ciudad. Estos cuatro tambi\u00e9n abrir\u00e1n sus puertas el s\u00e1bado de 08:00 a 14:00 horas.<\/p>\n<p><strong>Qu\u00e9 propuestas ofrecen los CPC<\/strong><\/p>\n<p>El CPC Mercado de la Ciudad presentar\u00e1 la obra teatral \u201cBailemos que se acaba el mundo\u201d. El CPC Jard\u00edn har\u00e1 lo propio con la obra de teatro inclusivo \u201c\u00bfQui\u00e9n habita en m\u00ed? Bella, bestia o las dos\u201d. Este \u00faltimo adem\u00e1s brindar\u00e1 una charla sobre la participaci\u00f3n en el deporte y tendr\u00e1 una instancia de vacunaci\u00f3n de calendario para todas las personas de manera gratuita.<\/p>\n<p>En el CPC Villa El Libertador habr\u00e1 una jornada de ecocanje, una kerm\u00e9s, ajedrez social y una feria de emprendedores. Tambi\u00e9n se ofrecer\u00e1n servicios de castraci\u00f3n y vacunaci\u00f3n antirr\u00e1bica. Habr\u00e1 un show de ventriloqu\u00eda y clases de zumba y epifan\u00eda dance. Sonar\u00e1n en vivo las bandas Gira y Suena y Boris y la R\u00e9plica.<\/p>\n<p>En el CPC Empalme las bandas que musicalizar\u00e1n la noche ser\u00e1n Luciana y Teor\u00eda 23. Tambi\u00e9n habr\u00e1 feria de emprendedores y un stand con entrega de obsequios sustentables. Otro CPC que tendr\u00e1 m\u00fasica en vivo ser\u00e1 el de Monse\u00f1or Pablo Cabrera, donde se realizar\u00e1 un Encuentro de Coros y tambi\u00e9n habr\u00e1 actividades de bienvenida a la primavera.<\/p>\n<p>En el CPC Capdevila se presentar\u00e1 Ritmo Kids, una banda de cuarteto y otra de folclore. Tambi\u00e9n habr\u00e1 una clase p\u00fablica de taekwondo y una instancia de corte de pelo solidario. El CPC de Ruta 20 tendr\u00e1 la feria de la mujer emprendedora, espect\u00e1culos de danzas y m\u00fasica en vivo, sorteos y una celebraci\u00f3n especial por la primavera y el d\u00eda del Jubilado. El CPC Mercantil tendr\u00e1 m\u00fasica en vivo con el grupo Son Guayabos, adem\u00e1s de n\u00fameros art\u00edsticos de instituciones locales, su propia feria de emprendedores, kerm\u00e9s de juegos y talleres art\u00edsticos.<\/p>\n<p>Con esta propuesta, la Municipalidad de C\u00f3rdoba refuerza su compromiso con la descentralizaci\u00f3n de la gesti\u00f3n, la participaci\u00f3n ciudadana y el acceso a la cultura en cada barrio de la ciudad.<\/p>\n","protected":false},"excerpt":{"rendered":"<p>Los 17 Centros de Participaci\u00f3n Comunal ser\u00e1n parte de la propuesta. Tambi\u00e9n habr\u00e1 m\u00fasica en vivo, ferias y actividades para infancias. La Municipalidad de C\u00f3rdoba trae una nueva edici\u00f3n de la Noche de los CPC, con atenci\u00f3n especial para que los vecinos y vecinas de la ciudad puedan realizar sus tr\u00e1mites en horario de 17:00 [&hellip;]<\/p>\n","protected":false},"author":1,"featured_media":175326,"comment_status":"closed","ping_status":"closed","sticky":false,"template":"","format":"standard","meta":[],"categories":[44],"tags":[],"_links":{"self":[{"href":"http:\/\/cordobadirecto.com\/index.php\/wp-json\/wp\/v2\/posts\/175325"}],"collection":[{"href":"http:\/\/cordobadirecto.com\/index.php\/wp-json\/wp\/v2\/posts"}],"about":[{"href":"http:\/\/cordobadirecto.com\/index.php\/wp-json\/wp\/v2\/types\/post"}],"author":[{"embeddable":true,"href":"http:\/\/cordobadirecto.com\/index.php\/wp-json\/wp\/v2\/users\/1"}],"replies":[{"embeddable":true,"href":"http:\/\/cordobadirecto.com\/index.php\/wp-json\/wp\/v2\/comments?post=175325"}],"version-history":[{"count":0,"href":"http:\/\/cordobadirecto.com\/index.php\/wp-json\/wp\/v2\/posts\/175325\/revisions"}],"wp:featuredmedia":[{"embeddable":true,"href":"http:\/\/cordobadirecto.com\/index.php\/wp-json\/wp\/v2\/media\/175326"}],"wp:attachment":[{"href":"http:\/\/cordobadirecto.com\/index.php\/wp-json\/wp\/v2\/media?parent=175325"}],"wp:term":[{"taxonomy":"category","embeddable":true,"href":"http:\/\/cordobadirecto.com\/index.php\/wp-json\/wp\/v2\/categories?post=175325"},{"taxonomy":"post_tag","embeddable":true,"href":"http:\/\/cordobadirecto.com\/index.php\/wp-json\/wp\/v2\/tags?post=175325"}],"curies":[{"name":"wp","href":"https:\/\/api.w.org\/{rel}","templated":true}]}}