{"id":175327,"date":"2025-09-17T21:06:53","date_gmt":"2025-09-17T21:06:53","guid":{"rendered":"http:\/\/cordobadirecto.com\/index.php\/2025\/09\/17\/plegaria-a-cordoba-cada-vez-mas-golpeado-javier-milei-vuelve-al-kilometro-cero-para\/"},"modified":"2025-09-17T21:06:53","modified_gmt":"2025-09-17T21:06:53","slug":"plegaria-a-cordoba-cada-vez-mas-golpeado-javier-milei-vuelve-al-kilometro-cero-para","status":"publish","type":"post","link":"http:\/\/cordobadirecto.com\/index.php\/2025\/09\/17\/plegaria-a-cordoba-cada-vez-mas-golpeado-javier-milei-vuelve-al-kilometro-cero-para\/","title":{"rendered":"Plegaria a <b>C\u00f3rdoba<\/b>: cada vez m\u00e1s golpeado, Javier Milei vuelve al kil\u00f3metro cero para &#8230;"},"content":{"rendered":"<p>El Presidente encabezar\u00e1 un acto abierto despu\u00e9s de disertar ante el C\u00edrculo Rojo. Volver\u00e1 al Parque Sarmiento, donde agit\u00f3 su ambici\u00f3n nacional&nbsp;&#8230; <\/p>\n","protected":false},"excerpt":{"rendered":"<p>El Presidente encabezar\u00e1 un acto abierto despu\u00e9s de disertar ante el C\u00edrculo Rojo. Volver\u00e1 al Parque Sarmiento, donde agit\u00f3 su ambici\u00f3n nacional&nbsp;&#8230;<\/p>\n","protected":false},"author":1,"featured_media":0,"comment_status":"closed","ping_status":"closed","sticky":false,"template":"","format":"standard","meta":[],"categories":[40],"tags":[],"_links":{"self":[{"href":"http:\/\/cordobadirecto.com\/index.php\/wp-json\/wp\/v2\/posts\/175327"}],"collection":[{"href":"http:\/\/cordobadirecto.com\/index.php\/wp-json\/wp\/v2\/posts"}],"about":[{"href":"http:\/\/cordobadirecto.com\/index.php\/wp-json\/wp\/v2\/types\/post"}],"author":[{"embeddable":true,"href":"http:\/\/cordobadirecto.com\/index.php\/wp-json\/wp\/v2\/users\/1"}],"replies":[{"embeddable":true,"href":"http:\/\/cordobadirecto.com\/index.php\/wp-json\/wp\/v2\/comments?post=175327"}],"version-history":[{"count":0,"href":"http:\/\/cordobadirecto.com\/index.php\/wp-json\/wp\/v2\/posts\/175327\/revisions"}],"wp:attachment":[{"href":"http:\/\/cordobadirecto.com\/index.php\/wp-json\/wp\/v2\/media?parent=175327"}],"wp:term":[{"taxonomy":"category","embeddable":true,"href":"http:\/\/cordobadirecto.com\/index.php\/wp-json\/wp\/v2\/categories?post=175327"},{"taxonomy":"post_tag","embeddable":true,"href":"http:\/\/cordobadirecto.com\/index.php\/wp-json\/wp\/v2\/tags?post=175327"}],"curies":[{"name":"wp","href":"https:\/\/api.w.org\/{rel}","templated":true}]}}