{"id":175401,"date":"2025-09-17T19:40:27","date_gmt":"2025-09-17T19:40:27","guid":{"rendered":"https:\/\/cordoba.gob.ar\/?p=81328"},"modified":"2025-09-17T19:40:27","modified_gmt":"2025-09-17T19:40:27","slug":"passerini-y-llaryora-acompanaron-a-feriantes-en-un-multitudinario-encuentro-de-los-paseos-populares","status":"publish","type":"post","link":"http:\/\/cordobadirecto.com\/index.php\/2025\/09\/17\/passerini-y-llaryora-acompanaron-a-feriantes-en-un-multitudinario-encuentro-de-los-paseos-populares\/","title":{"rendered":"Passerini y Llaryora acompa\u00f1aron a feriantes en un multitudinario encuentro de los paseos populares"},"content":{"rendered":"<div><img src=\"http:\/\/cordobadirecto.com\/wp-content\/uploads\/2025\/09\/passerini-y-llaryora-acompanaron-a-feriantes-en-un-multitudinario-encuentro-de-los-paseos-populares.jpg\" class=\"ff-og-image-inserted\"><\/div>\n<ul>\n<li><strong>Anunciaron que cada feriante recibir\u00e1 un aporte econ\u00f3mico para fortalecer su labor diaria en cada uno de los 129 espacios de la ciudad.<\/strong><\/li>\n<\/ul>\n<p>El intendente Daniel Passerini junto al gobernador Mart\u00edn Llaryora participaron del Encuentro de Paseos Populares realizado en el Quality Arena, que reuni\u00f3 a feriantes de los 129 paseos que funcionan en la ciudad.<\/p>\n<p>La jornada tuvo como prop\u00f3sito visibilizar la producci\u00f3n local, consolidar espacios de di\u00e1logo y fortalecer las pol\u00edticas p\u00fablicas que acompa\u00f1an a trabajadores de estos espacios. Durante el encuentro, se anunci\u00f3 un fortalecimiento econ\u00f3mico para cada feriante, destinada a potenciar el trabajo de quienes forman parte de los paseos.<\/p>\n<p><em>\u201cUstedes hacen de la Econom\u00eda Popular un motor para la ciudad. Como intendente es un orgullo, y vamos a seguir trabajando juntos para que tengan las mejores condiciones, como cada acci\u00f3n que hemos realizado con Mart\u00edn\u201d<\/em>, les dijo Passerini a los feriantes.<\/p>\n<p><em>\u201cNosotros queremos construir una sociedad m\u00e1s justa con todos los cordobeses y cordobesas adentro, sin motosierra. Construyamos juntos una Argentina que se parezca a esta C\u00f3rdoba solidaria, digna y que quiere trabajar\u201d<\/em>, sentenci\u00f3 el intendente al cierre de su discurso.<\/p>\n<p>Desde 2019, el ecosistema de ferias populares de la ciudad creci\u00f3: pas\u00f3 de 14 ferias informales a 129 paseos populares activos en 2025, con 5.550 feriantes registrados, de los cuales el 85% son mujeres.<\/p>\n<p>El evento cont\u00f3 con la presencia de autoridades provinciales y municipales, entre ellas la ministra de Desarrollo Humano, Liliana Montero; la ministra de Desarrollo y Empleo, Laura Jure; el secretario de Pol\u00edticas Sociales y Desarrollo Humano, Ra\u00fal La Cava y el legislador provincial Miguel Siciliano.<\/p>\n<p>Los Paseos Populares ya son una red consolidada en C\u00f3rdoba, que cada fin de semana genera oportunidades reales, impulsa el consumo responsable, fortalece los v\u00ednculos barriales y aporta a la recuperaci\u00f3n del espacio p\u00fablico con una mirada inclusiva. Con este tipo de pol\u00edticas p\u00fablicas, el Municipio reafirma su compromiso con la generaci\u00f3n de empleo, el desarrollo con equidad y la visibilizaci\u00f3n de los sectores hist\u00f3ricamente postergados.<\/p>\n","protected":false},"excerpt":{"rendered":"<p>Anunciaron que cada feriante recibir\u00e1 un aporte econ\u00f3mico para fortalecer su labor diaria en cada uno de los 129 espacios de la ciudad. El intendente Daniel Passerini junto al gobernador Mart\u00edn Llaryora participaron del Encuentro de Paseos Populares realizado en el Quality Arena, que reuni\u00f3 a feriantes de los 129 paseos que funcionan en la [&hellip;]<\/p>\n","protected":false},"author":1,"featured_media":175402,"comment_status":"closed","ping_status":"closed","sticky":false,"template":"","format":"standard","meta":[],"categories":[44],"tags":[],"_links":{"self":[{"href":"http:\/\/cordobadirecto.com\/index.php\/wp-json\/wp\/v2\/posts\/175401"}],"collection":[{"href":"http:\/\/cordobadirecto.com\/index.php\/wp-json\/wp\/v2\/posts"}],"about":[{"href":"http:\/\/cordobadirecto.com\/index.php\/wp-json\/wp\/v2\/types\/post"}],"author":[{"embeddable":true,"href":"http:\/\/cordobadirecto.com\/index.php\/wp-json\/wp\/v2\/users\/1"}],"replies":[{"embeddable":true,"href":"http:\/\/cordobadirecto.com\/index.php\/wp-json\/wp\/v2\/comments?post=175401"}],"version-history":[{"count":0,"href":"http:\/\/cordobadirecto.com\/index.php\/wp-json\/wp\/v2\/posts\/175401\/revisions"}],"wp:featuredmedia":[{"embeddable":true,"href":"http:\/\/cordobadirecto.com\/index.php\/wp-json\/wp\/v2\/media\/175402"}],"wp:attachment":[{"href":"http:\/\/cordobadirecto.com\/index.php\/wp-json\/wp\/v2\/media?parent=175401"}],"wp:term":[{"taxonomy":"category","embeddable":true,"href":"http:\/\/cordobadirecto.com\/index.php\/wp-json\/wp\/v2\/categories?post=175401"},{"taxonomy":"post_tag","embeddable":true,"href":"http:\/\/cordobadirecto.com\/index.php\/wp-json\/wp\/v2\/tags?post=175401"}],"curies":[{"name":"wp","href":"https:\/\/api.w.org\/{rel}","templated":true}]}}