{"id":175405,"date":"2025-09-18T21:07:13","date_gmt":"2025-09-18T21:07:13","guid":{"rendered":"http:\/\/cordobadirecto.com\/index.php\/2025\/09\/18\/llaryora-viajo-a-europa-para-buscar-financiamiento-mientras-milei-desembarca-en-cordoba-perfil\/"},"modified":"2025-09-18T21:07:13","modified_gmt":"2025-09-18T21:07:13","slug":"llaryora-viajo-a-europa-para-buscar-financiamiento-mientras-milei-desembarca-en-cordoba-perfil","status":"publish","type":"post","link":"http:\/\/cordobadirecto.com\/index.php\/2025\/09\/18\/llaryora-viajo-a-europa-para-buscar-financiamiento-mientras-milei-desembarca-en-cordoba-perfil\/","title":{"rendered":"Llaryora viaj\u00f3 a Europa para buscar financiamiento mientras Milei desembarca en <b>C\u00f3rdoba<\/b> &#8230; &#8211; Perfil"},"content":{"rendered":"<p>Est\u00e1 acompa\u00f1ado por el ministro de <b>Econom\u00eda<\/b> y Gesti\u00f3n P\u00fablica, Guillermo Acosta, y el ministro de Vinculaci\u00f3n Comunitaria y Comunicaci\u00f3n, Daniel&nbsp;&#8230; <\/p>\n","protected":false},"excerpt":{"rendered":"<p>Est\u00e1 acompa\u00f1ado por el ministro de Econom\u00eda y Gesti\u00f3n P\u00fablica, Guillermo Acosta, y el ministro de Vinculaci\u00f3n Comunitaria y Comunicaci\u00f3n, Daniel&nbsp;&#8230;<\/p>\n","protected":false},"author":1,"featured_media":0,"comment_status":"closed","ping_status":"closed","sticky":false,"template":"","format":"standard","meta":[],"categories":[40],"tags":[],"_links":{"self":[{"href":"http:\/\/cordobadirecto.com\/index.php\/wp-json\/wp\/v2\/posts\/175405"}],"collection":[{"href":"http:\/\/cordobadirecto.com\/index.php\/wp-json\/wp\/v2\/posts"}],"about":[{"href":"http:\/\/cordobadirecto.com\/index.php\/wp-json\/wp\/v2\/types\/post"}],"author":[{"embeddable":true,"href":"http:\/\/cordobadirecto.com\/index.php\/wp-json\/wp\/v2\/users\/1"}],"replies":[{"embeddable":true,"href":"http:\/\/cordobadirecto.com\/index.php\/wp-json\/wp\/v2\/comments?post=175405"}],"version-history":[{"count":0,"href":"http:\/\/cordobadirecto.com\/index.php\/wp-json\/wp\/v2\/posts\/175405\/revisions"}],"wp:attachment":[{"href":"http:\/\/cordobadirecto.com\/index.php\/wp-json\/wp\/v2\/media?parent=175405"}],"wp:term":[{"taxonomy":"category","embeddable":true,"href":"http:\/\/cordobadirecto.com\/index.php\/wp-json\/wp\/v2\/categories?post=175405"},{"taxonomy":"post_tag","embeddable":true,"href":"http:\/\/cordobadirecto.com\/index.php\/wp-json\/wp\/v2\/tags?post=175405"}],"curies":[{"name":"wp","href":"https:\/\/api.w.org\/{rel}","templated":true}]}}