{"id":175454,"date":"2025-09-18T21:19:34","date_gmt":"2025-09-18T21:19:34","guid":{"rendered":"https:\/\/www.ole.com.ar\/autos\/franco-colapinto-cena-camiseta-boca-previa-gp-azerbaiyan-baku_0_rtQ1XDPxUo.html"},"modified":"2025-09-18T21:19:34","modified_gmt":"2025-09-18T21:19:34","slug":"colapinto-con-la-camiseta-de-boca-en-la-cena-previa-al-arranque-del-gp-de-azerbaiyan","status":"publish","type":"post","link":"http:\/\/cordobadirecto.com\/index.php\/2025\/09\/18\/colapinto-con-la-camiseta-de-boca-en-la-cena-previa-al-arranque-del-gp-de-azerbaiyan\/","title":{"rendered":"Colapinto, con la camiseta de Boca en la cena previa al arranque del GP\u00a0de\u00a0Azerbaiy\u00e1n"},"content":{"rendered":"<p><span class=\"createDate\">18\/09\/2025 18:19hs.<\/span><time class=\"modificatedDate\" datetime=\"2025-09-18T19:59:32-03:00\"> Actualizado al 18\/09\/2025 19:59hs.<\/time><\/p>\n<div id=\"storyBody\">\n<div class=\"custom-text \" readability=\"35.816326530612\">\n<p>Este fin de semana ser\u00e1 especial para <strong><a href=\"https:\/\/www.ole.com.ar\/tema\/franco-colapinto.html\" title=\"Franco Colapinto\" alt=\"Franco Colapinto\" class=\"slug\">Franco Colapinto<\/a><\/strong>, porque vuelve a la pista en la que obtuvo <strong>su mejor resultado en la <a href=\"https:\/\/www.ole.com.ar\/tema\/formula-1.html\" title=\"F\u00f3rmula 1\" alt=\"F\u00f3rmula 1\" class=\"slug\">F\u00f3rmula 1<\/a>: el circuito de Baku, por el Gran Premio de Azerbaiy\u00e1n<\/strong>. A solo unas horas de salir al asfalto por primera vez, el pilarense tuvo una cena especial con una parte de su garage en <strong><a href=\"https:\/\/www.ole.com.ar\/tema\/alpine.html\" title=\"Alpine\" alt=\"Alpine\" class=\"slug\">Alpine<\/a><\/strong>, donde <strong>destac\u00f3 por un detalle en su vestimenta: \u00a1una camiseta de Boca! <\/strong><\/p>\n<\/div>\n<div class=\"custom-text \" readability=\"40\">\n<p>A trav\u00e9s de sus redes sociales, <strong>el piloto de la escuder\u00eda francesa poste\u00f3 una foto de la comida que comparti\u00f3 con su equipo<\/strong> antes del comienzo de la actividad de la M\u00e1xima. Los usuarios no tardaron en darse cuenta del factor distintivo de la imagen: un bonito lugar, algunos de camisa, otros de su\u00e9ter&#8230; <strong>y, como no pod\u00eda ser de otra manera, Franco dando la nota con los colores de su amado club.<\/strong><\/p>\n<\/div>\n<div class=\"sc-e7b891c4-0 ifHnQL image-embed\"><img alt=\"Colapinto termin\u00f3 el media day vestido del Xeneize. (EFE)\" loading=\"lazy\" width=\"720\" height=\"100\" decoding=\"async\" data-nimg=\"1\" src=\"http:\/\/cordobadirecto.com\/wp-content\/uploads\/2025\/09\/colapinto-con-la-camiseta-de-boca-en-la-cena-previa-al-arranque-del-gp-de-azerbaiyan.jpg\"><span class=\"epigraphe\">Colapinto termin\u00f3 el media day vestido del Xeneize. (EFE)<\/span><\/div>\n<p><h2>Colapinto y su pasi\u00f3n por Boca<\/h2>\n<\/p>\n<div class=\"custom-text \" readability=\"39\">\n<p>No es la primera vez que a <strong>Colapinto se lo ve con los colores del Xeneize. <\/strong>Incluso, a fines del a\u00f1o pasado confes\u00f3 tiene m\u00e1s camisetas de boca que remeras cl\u00e1sicas: &#8220;<strong>La camiseta de Boca la uso mucho: de pijama, en los partidos<\/strong>. Me hace sentir como si estuviera mirando el partido en casa con amigos. Tengo demasiadas, m\u00e1s que normales. <strong>Soy hincha del f\u00fatbol, de los deportes y especialmente bostero<\/strong>&#8220;.<\/p>\n<\/div>\n<div class=\"custom-text \" readability=\"38\">\n<p>Pero ojo, porque <strong>no hace falta ir tan atr\u00e1s para ver el \u00faltimo cap\u00edtulo de Franco con el pueblo bostero<\/strong>. Hace apenas una semana, al piloto argentino le regalaron <strong>un casco con los colores y el escudo de la instituci\u00f3n azul y oro<\/strong>, que adem\u00e1s lleg\u00f3 con un detalle especial:<strong> la firma de Mart\u00edn Palermo. \u00bfEstrenar\u00e1 el obsequio en Baku?<\/strong><\/p>\n<\/div>\n<div class=\"sc-e7b891c4-0 ifHnQL image-embed\"><img alt=\"El casco de Boca con la firma de Palermo que le regalaron a Colapinto. (@_manudesigns_)\" loading=\"lazy\" width=\"720\" height=\"100\" decoding=\"async\" data-nimg=\"1\" src=\"http:\/\/cordobadirecto.com\/wp-content\/uploads\/2025\/09\/colapinto-con-la-camiseta-de-boca-en-la-cena-previa-al-arranque-del-gp-de-azerbaiyan-1.jpg\"><span class=\"epigraphe\">El casco de Boca con la firma de Palermo que le regalaron a Colapinto. (@_manudesigns_)<\/span><\/div>\n<p><h2>Cu\u00e1ndo corre y por d\u00f3nde ver a Franco Colapinto en el Gran Premio de Azerbaiy\u00e1n<\/h2>\n<\/p>\n<div class=\"custom-text \" readability=\"40.603878116343\">\n<p>Para saber si <strong>Colapinto <\/strong>usar\u00e1 el accesorio, habr\u00e1 que estar atento a la actividad del finde, <strong>donde \u00e9l y <a href=\"https:\/\/www.ole.com.ar\/tema\/pierre-gasly.html\" title=\"Pierre Gasly\" alt=\"Pierre Gasly\" class=\"slug\">Pierre Gasly<\/a> correr\u00e1n con el A525 de Alpine: el viernes<\/strong> habr\u00e1 dos pr\u00e1cticas, a las 6.30 y a las 10, y <strong>el s\u00e1bado<\/strong> se realizar\u00e1 una \u00faltima prueba a las 5.30, y m\u00e1s tarde, a las 9, los pilotos competir\u00e1n por el puesto de largada en la clasificaci\u00f3n.<\/p>\n<\/div>\n<div class=\"custom-text \" readability=\"37\">\n<p>Finalmente, <strong>el domingo a las 8 se disputar\u00e1 la carrera final<\/strong>, donde se pondr\u00e1n en juego los puntos. Toda la acci\u00f3n del <strong>Gran Premio de Azerbaiy\u00e1n<\/strong> ser\u00e1 transmitida a trav\u00e9s de las se\u00f1al televisiva de<strong> Fox Sports<\/strong>, y online por el <strong>Plan Premium de Disney+.<\/strong><\/p>\n<\/div>\n<div class=\"sc-e7b891c4-0 ifHnQL image-embed\"><img alt=\"Colapinto, con la 10 de Boca.\" loading=\"lazy\" width=\"720\" height=\"100\" decoding=\"async\" data-nimg=\"1\" src=\"http:\/\/cordobadirecto.com\/wp-content\/uploads\/2025\/09\/colapinto-con-la-camiseta-de-boca-en-la-cena-previa-al-arranque-del-gp-de-azerbaiyan-2.jpg\"><span class=\"epigraphe\">Colapinto, con la 10 de Boca.<\/span><\/div>\n<div class=\"sc-a7166897-0 eoLsBE\" readability=\"7\">\n<section readability=\"4\"><picture><img alt=\"Franco Colapinto en Bak\u00fa: d\u00edas, horarios y por d\u00f3nde ver el GP de Azerbaiy\u00e1n de F1\" loading=\"lazy\" width=\"290\" height=\"290\" decoding=\"async\" data-nimg=\"1\" src=\"http:\/\/cordobadirecto.com\/wp-content\/uploads\/2025\/09\/colapinto-con-la-camiseta-de-boca-en-la-cena-previa-al-arranque-del-gp-de-azerbaiyan-3.jpg\"><\/picture>\n<p><span>Mir\u00e1 tambi\u00e9n<\/span><\/p>\n<hr>\n<h3>Franco Colapinto en Bak\u00fa: d\u00edas, horarios y por d\u00f3nde ver el GP de Azerbaiy\u00e1n de F1<\/h3>\n<\/p>\n<\/section>\n<\/div>\n<div class=\"sc-a7166897-0 eoLsBE\" readability=\"7\">\n<section readability=\"4\"><picture><img alt=\"El ping pong de Franco Colapinto con la F1: su mejor amigo en la categor\u00eda, con qui\u00e9nes cenar\u00eda y d\u00f3nde se ve en cinco a\u00f1os\" loading=\"lazy\" width=\"290\" height=\"290\" decoding=\"async\" data-nimg=\"1\" src=\"http:\/\/cordobadirecto.com\/wp-content\/uploads\/2025\/09\/colapinto-con-la-camiseta-de-boca-en-la-cena-previa-al-arranque-del-gp-de-azerbaiyan-4.jpg\"><\/picture>\n<p><span>Mir\u00e1 tambi\u00e9n<\/span><\/p>\n<hr>\n<h3>El ping pong de Franco Colapinto con la F1: su mejor amigo en la categor\u00eda, con qui\u00e9nes cenar\u00eda y d\u00f3nde se ve en cinco a\u00f1os<\/h3>\n<\/p>\n<\/section>\n<\/div>\n<\/div>\n","protected":false},"excerpt":{"rendered":"<p>18\/09\/2025 18:19hs. Actualizado al 18\/09\/2025 19:59hs. Este fin de semana ser\u00e1 especial para Franco Colapinto, porque vuelve a la pista en la que obtuvo su mejor resultado en la F\u00f3rmula 1: el circuito de Baku, por el Gran Premio de Azerbaiy\u00e1n. A solo unas horas de salir al asfalto por primera vez, el pilarense tuvo [&hellip;]<\/p>\n","protected":false},"author":1,"featured_media":175455,"comment_status":"closed","ping_status":"closed","sticky":false,"template":"","format":"standard","meta":[],"categories":[21],"tags":[],"_links":{"self":[{"href":"http:\/\/cordobadirecto.com\/index.php\/wp-json\/wp\/v2\/posts\/175454"}],"collection":[{"href":"http:\/\/cordobadirecto.com\/index.php\/wp-json\/wp\/v2\/posts"}],"about":[{"href":"http:\/\/cordobadirecto.com\/index.php\/wp-json\/wp\/v2\/types\/post"}],"author":[{"embeddable":true,"href":"http:\/\/cordobadirecto.com\/index.php\/wp-json\/wp\/v2\/users\/1"}],"replies":[{"embeddable":true,"href":"http:\/\/cordobadirecto.com\/index.php\/wp-json\/wp\/v2\/comments?post=175454"}],"version-history":[{"count":0,"href":"http:\/\/cordobadirecto.com\/index.php\/wp-json\/wp\/v2\/posts\/175454\/revisions"}],"wp:featuredmedia":[{"embeddable":true,"href":"http:\/\/cordobadirecto.com\/index.php\/wp-json\/wp\/v2\/media\/175455"}],"wp:attachment":[{"href":"http:\/\/cordobadirecto.com\/index.php\/wp-json\/wp\/v2\/media?parent=175454"}],"wp:term":[{"taxonomy":"category","embeddable":true,"href":"http:\/\/cordobadirecto.com\/index.php\/wp-json\/wp\/v2\/categories?post=175454"},{"taxonomy":"post_tag","embeddable":true,"href":"http:\/\/cordobadirecto.com\/index.php\/wp-json\/wp\/v2\/tags?post=175454"}],"curies":[{"name":"wp","href":"https:\/\/api.w.org\/{rel}","templated":true}]}}