{"id":175462,"date":"2025-09-19T05:47:25","date_gmt":"2025-09-19T05:47:25","guid":{"rendered":"http:\/\/cordobadirecto.com\/index.php\/2025\/09\/19\/en-agosto-volvio-el-superavit-fiscal-destaco-el-ministerio-de-economia-radio-continental\/"},"modified":"2025-09-19T05:47:25","modified_gmt":"2025-09-19T05:47:25","slug":"en-agosto-volvio-el-superavit-fiscal-destaco-el-ministerio-de-economia-radio-continental","status":"publish","type":"post","link":"http:\/\/cordobadirecto.com\/index.php\/2025\/09\/19\/en-agosto-volvio-el-superavit-fiscal-destaco-el-ministerio-de-economia-radio-continental\/","title":{"rendered":"En agosto volvi\u00f3 el super\u00e1vit fiscal, destac\u00f3 el Ministerio de <b>Econom\u00eda<\/b> &#8211; Radio Continental"},"content":{"rendered":"<p>De acuerdo con datos del Ministerio de <b>Econom\u00eda<\/b>, la balanza fiscal, excluyendo los intereses de la deuda, alcanz\u00f3 un super\u00e1vit de $1.556.864&nbsp;&#8230; <\/p>\n","protected":false},"excerpt":{"rendered":"<p>De acuerdo con datos del Ministerio de Econom\u00eda, la balanza fiscal, excluyendo los intereses de la deuda, alcanz\u00f3 un super\u00e1vit de $1.556.864&nbsp;&#8230;<\/p>\n","protected":false},"author":1,"featured_media":0,"comment_status":"closed","ping_status":"closed","sticky":false,"template":"","format":"standard","meta":[],"categories":[40],"tags":[],"_links":{"self":[{"href":"http:\/\/cordobadirecto.com\/index.php\/wp-json\/wp\/v2\/posts\/175462"}],"collection":[{"href":"http:\/\/cordobadirecto.com\/index.php\/wp-json\/wp\/v2\/posts"}],"about":[{"href":"http:\/\/cordobadirecto.com\/index.php\/wp-json\/wp\/v2\/types\/post"}],"author":[{"embeddable":true,"href":"http:\/\/cordobadirecto.com\/index.php\/wp-json\/wp\/v2\/users\/1"}],"replies":[{"embeddable":true,"href":"http:\/\/cordobadirecto.com\/index.php\/wp-json\/wp\/v2\/comments?post=175462"}],"version-history":[{"count":0,"href":"http:\/\/cordobadirecto.com\/index.php\/wp-json\/wp\/v2\/posts\/175462\/revisions"}],"wp:attachment":[{"href":"http:\/\/cordobadirecto.com\/index.php\/wp-json\/wp\/v2\/media?parent=175462"}],"wp:term":[{"taxonomy":"category","embeddable":true,"href":"http:\/\/cordobadirecto.com\/index.php\/wp-json\/wp\/v2\/categories?post=175462"},{"taxonomy":"post_tag","embeddable":true,"href":"http:\/\/cordobadirecto.com\/index.php\/wp-json\/wp\/v2\/tags?post=175462"}],"curies":[{"name":"wp","href":"https:\/\/api.w.org\/{rel}","templated":true}]}}