{"id":175468,"date":"2025-09-20T01:16:31","date_gmt":"2025-09-20T01:16:31","guid":{"rendered":"https:\/\/puntoapunto.com.ar\/?p=377365"},"modified":"2025-09-20T01:16:31","modified_gmt":"2025-09-20T01:16:31","slug":"volkswagen-tera-auto-haus-presenta-el-suv-que-busca-liderar-el-segmento-en-cordoba","status":"publish","type":"post","link":"http:\/\/cordobadirecto.com\/index.php\/2025\/09\/20\/volkswagen-tera-auto-haus-presenta-el-suv-que-busca-liderar-el-segmento-en-cordoba\/","title":{"rendered":"Volkswagen Tera: Auto Haus presenta el SUV que busca liderar el segmento en C\u00f3rdoba"},"content":{"rendered":"<p data-start=\"366\" data-end=\"829\"><strong>Auto Haus, concesionaria oficial de Volkswagen en C\u00f3rdoba,<\/strong> present\u00f3 oficialmente el<strong> Volkswagen Tera,<\/strong> un SUV que promete convertirse en un referente de la marca en Sudam\u00e9rica. Con un dise\u00f1o vanguardista, equipamiento tecnol\u00f3gico de \u00faltima generaci\u00f3n y altos est\u00e1ndares de seguridad, el Tera se posiciona entre el Polo y el Nivus, reforzando la apuesta de Volkswagen por dominar el segmento SUV, donde ya cuenta con modelos reconocidos como Nivus, T-Cross y Taos.<\/p>\n<p data-start=\"831\" data-end=\"1283\">El lanzamiento se realiz\u00f3 en la concesionaria de Av. Castro Barros, con la presencia de directivos de la marca, colaboradores, medios de prensa, clientes y amigos. Entre los oradores estuvieron Gonzalo Rey, gerente general de Auto Haus; Maximiliano Carballido, gerente de Ventas Corporativas de VW; Marcelo Michelena, gerente comercial de Auto Haus; y Sergio Taraborelli, gerente zonal de Volkswagen.<\/p>\n<p data-start=\"831\" data-end=\"1283\"><img decoding=\"async\" class=\"aligncenter size-full wp-image-377368\" src=\"http:\/\/cordobadirecto.com\/wp-content\/uploads\/2025\/09\/volkswagen-tera-auto-haus-presenta-el-suv-que-busca-liderar-el-segmento-en-cordoba.jpg\" alt width=\"2560\" height=\"1706\" srcset=\"http:\/\/cordobadirecto.com\/wp-content\/uploads\/2025\/09\/volkswagen-tera-auto-haus-presenta-el-suv-que-busca-liderar-el-segmento-en-cordoba.jpg 2560w, http:\/\/cordobadirecto.com\/wp-content\/uploads\/2025\/09\/volkswagen-tera-auto-haus-presenta-el-suv-que-busca-liderar-el-segmento-en-cordoba-2.jpg 300w, http:\/\/cordobadirecto.com\/wp-content\/uploads\/2025\/09\/volkswagen-tera-auto-haus-presenta-el-suv-que-busca-liderar-el-segmento-en-cordoba-3.jpg 1024w, http:\/\/cordobadirecto.com\/wp-content\/uploads\/2025\/09\/volkswagen-tera-auto-haus-presenta-el-suv-que-busca-liderar-el-segmento-en-cordoba-4.jpg 768w, http:\/\/cordobadirecto.com\/wp-content\/uploads\/2025\/09\/volkswagen-tera-auto-haus-presenta-el-suv-que-busca-liderar-el-segmento-en-cordoba-5.jpg 1536w, http:\/\/cordobadirecto.com\/wp-content\/uploads\/2025\/09\/volkswagen-tera-auto-haus-presenta-el-suv-que-busca-liderar-el-segmento-en-cordoba-6.jpg 2048w, http:\/\/cordobadirecto.com\/wp-content\/uploads\/2025\/09\/volkswagen-tera-auto-haus-presenta-el-suv-que-busca-liderar-el-segmento-en-cordoba-7.jpg 750w, http:\/\/cordobadirecto.com\/wp-content\/uploads\/2025\/09\/volkswagen-tera-auto-haus-presenta-el-suv-que-busca-liderar-el-segmento-en-cordoba-8.jpg 1140w\" sizes=\"(max-width: 2560px) 100vw, 2560px\" loading=\"lazy\"><\/p>\n<p data-start=\"1285\" data-end=\"1554\">\u201c<strong>C\u00f3rdoba es una plaza muy importante para Volkswagen y Auto Haus nos ha acompa\u00f1ado desde los inicios. Tenemos muchas expectativas con el nuevo Tera y esperamos captar un porcentaje significativo del mercado buscando el liderazgo\u201d<\/strong>, afirm\u00f3 Carballido durante el evento.<\/p>\n<p data-start=\"1556\" data-end=\"1864\">El Tera, desarrollado y producido completamente en Sudam\u00e9rica, se incorpora al competitivo segmento B de los SUV, uno de los de mayor crecimiento en la regi\u00f3n. Auto Haus ofrece opciones de financiamiento de hasta $12.500.000 en 12 cuotas con tasa 0% y hasta $20.000.000 en 18 cuotas con una tasa del 29,5%.<\/p>\n<p data-start=\"1866\" data-end=\"2212\">Gonzalo Rey destac\u00f3 la trayectoria de Auto Haus en C\u00f3rdoba y celebr\u00f3 los 30 a\u00f1os de la empresa: \u201cEs un orgullo presentar un veh\u00edculo totalmente desarrollado en Sudam\u00e9rica, que seguramente replicar\u00e1 el \u00e9xito del Gol y el Polo\u201d. Por su parte, Marcelo Michelena detall\u00f3 los diferenciales del Tera, que lo posicionan como un referente del segmento.<\/p>\n<p data-start=\"1866\" data-end=\"2212\"><img loading=\"lazy\" decoding=\"async\" class=\"aligncenter size-full wp-image-377367\" src=\"http:\/\/cordobadirecto.com\/wp-content\/uploads\/2025\/09\/volkswagen-tera-auto-haus-presenta-el-suv-que-busca-liderar-el-segmento-en-cordoba-1.jpg\" alt width=\"2560\" height=\"1707\" srcset=\"http:\/\/cordobadirecto.com\/wp-content\/uploads\/2025\/09\/volkswagen-tera-auto-haus-presenta-el-suv-que-busca-liderar-el-segmento-en-cordoba-1.jpg 2560w, http:\/\/cordobadirecto.com\/wp-content\/uploads\/2025\/09\/volkswagen-tera-auto-haus-presenta-el-suv-que-busca-liderar-el-segmento-en-cordoba-9.jpg 300w, http:\/\/cordobadirecto.com\/wp-content\/uploads\/2025\/09\/volkswagen-tera-auto-haus-presenta-el-suv-que-busca-liderar-el-segmento-en-cordoba-10.jpg 1024w, http:\/\/cordobadirecto.com\/wp-content\/uploads\/2025\/09\/volkswagen-tera-auto-haus-presenta-el-suv-que-busca-liderar-el-segmento-en-cordoba-11.jpg 768w, http:\/\/cordobadirecto.com\/wp-content\/uploads\/2025\/09\/volkswagen-tera-auto-haus-presenta-el-suv-que-busca-liderar-el-segmento-en-cordoba-12.jpg 1536w, http:\/\/cordobadirecto.com\/wp-content\/uploads\/2025\/09\/volkswagen-tera-auto-haus-presenta-el-suv-que-busca-liderar-el-segmento-en-cordoba-13.jpg 2048w, http:\/\/cordobadirecto.com\/wp-content\/uploads\/2025\/09\/volkswagen-tera-auto-haus-presenta-el-suv-que-busca-liderar-el-segmento-en-cordoba-14.jpg 750w, http:\/\/cordobadirecto.com\/wp-content\/uploads\/2025\/09\/volkswagen-tera-auto-haus-presenta-el-suv-que-busca-liderar-el-segmento-en-cordoba-15.jpg 1140w\" sizes=\"auto, (max-width: 2560px) 100vw, 2560px\"><\/p>\n<p data-start=\"2214\" data-end=\"2246\"><strong>Equipamiento y tecnolog\u00eda<\/strong><\/p>\n<p data-start=\"2248\" data-end=\"2462\">El Volkswagen Tera est\u00e1 disponible en versiones Trendline con motor 1.6 MSI, y Comfortline, Highline y Outfit con motor 170 TSI de 101 CV y 170 Nm de torque, acoplado a una transmisi\u00f3n Tiptronic de 6 velocidades.<\/p>\n<p data-start=\"2464\" data-end=\"2495\">Entre sus atributos destacan:<\/p>\n<ul data-start=\"2496\" data-end=\"2974\" readability=\"4.5\">\n<li data-start=\"2496\" data-end=\"2532\" readability=\"-1\">\n<p data-start=\"2498\" data-end=\"2532\">Capacidad de ba\u00fal de 350 litros.<\/p>\n<\/li>\n<li data-start=\"2533\" data-end=\"2611\" readability=\"-1\">\n<p data-start=\"2535\" data-end=\"2611\">Interior con tapizado en cuero ecol\u00f3gico (versi\u00f3n Outfit) y Ambient Light.<\/p>\n<\/li>\n<li data-start=\"2612\" data-end=\"2691\" readability=\"0\">\n<p data-start=\"2614\" data-end=\"2691\">Easter Eggs, peque\u00f1os detalles de dise\u00f1o que crean conexi\u00f3n con el usuario.<\/p>\n<\/li>\n<li data-start=\"2692\" data-end=\"2871\" readability=\"2\">\n<p data-start=\"2694\" data-end=\"2871\">M\u00e1xima seguridad con 5 estrellas Latin NCAP 2020-2025, 6 airbags y asistentes de conducci\u00f3n como freno aut\u00f3nomo de emergencia, line assistance y control de crucero adaptativo.<\/p>\n<\/li>\n<li data-start=\"2872\" data-end=\"2974\" readability=\"0\">\n<p data-start=\"2874\" data-end=\"2974\">Tecnolog\u00eda VW Play con pantalla de 10\u201d y Mi VW Connect para integrar el veh\u00edculo al mundo digital.<\/p>\n<\/li>\n<\/ul>\n<p data-start=\"3003\" data-end=\"3305\">El Tera combina estilo y modernidad con detalles distintivos: faros delanteros VW LED, traseros LED Click Clack, llantas de aleaci\u00f3n de 17\u201d en la versi\u00f3n Outfit, techo bitono exclusivo y seis colores disponibles: Blanco Cristal, Negro Universal, Gris Platino, Azul Malibu, Gris Alba y Rojo Hypernova.<\/p>\n","protected":false},"excerpt":{"rendered":"<p>Auto Haus, concesionaria oficial de Volkswagen en C\u00f3rdoba, present\u00f3 oficialmente el Volkswagen Tera, un SUV que promete convertirse en un referente de la marca en Sudam\u00e9rica. Con un dise\u00f1o vanguardista, equipamiento tecnol\u00f3gico de \u00faltima generaci\u00f3n y altos est\u00e1ndares de seguridad, el Tera se posiciona entre el Polo y el Nivus, reforzando la apuesta de Volkswagen [&hellip;]<\/p>\n","protected":false},"author":1,"featured_media":175469,"comment_status":"closed","ping_status":"closed","sticky":false,"template":"","format":"standard","meta":[],"categories":[25],"tags":[],"_links":{"self":[{"href":"http:\/\/cordobadirecto.com\/index.php\/wp-json\/wp\/v2\/posts\/175468"}],"collection":[{"href":"http:\/\/cordobadirecto.com\/index.php\/wp-json\/wp\/v2\/posts"}],"about":[{"href":"http:\/\/cordobadirecto.com\/index.php\/wp-json\/wp\/v2\/types\/post"}],"author":[{"embeddable":true,"href":"http:\/\/cordobadirecto.com\/index.php\/wp-json\/wp\/v2\/users\/1"}],"replies":[{"embeddable":true,"href":"http:\/\/cordobadirecto.com\/index.php\/wp-json\/wp\/v2\/comments?post=175468"}],"version-history":[{"count":0,"href":"http:\/\/cordobadirecto.com\/index.php\/wp-json\/wp\/v2\/posts\/175468\/revisions"}],"wp:featuredmedia":[{"embeddable":true,"href":"http:\/\/cordobadirecto.com\/index.php\/wp-json\/wp\/v2\/media\/175469"}],"wp:attachment":[{"href":"http:\/\/cordobadirecto.com\/index.php\/wp-json\/wp\/v2\/media?parent=175468"}],"wp:term":[{"taxonomy":"category","embeddable":true,"href":"http:\/\/cordobadirecto.com\/index.php\/wp-json\/wp\/v2\/categories?post=175468"},{"taxonomy":"post_tag","embeddable":true,"href":"http:\/\/cordobadirecto.com\/index.php\/wp-json\/wp\/v2\/tags?post=175468"}],"curies":[{"name":"wp","href":"https:\/\/api.w.org\/{rel}","templated":true}]}}