{"id":175532,"date":"2025-09-20T19:43:26","date_gmt":"2025-09-20T19:43:26","guid":{"rendered":"https:\/\/puntoapunto.com.ar\/?p=377354"},"modified":"2025-09-20T19:43:26","modified_gmt":"2025-09-20T19:43:26","slug":"en-cordoba-milei-dijo-que-todo-el-panico-es-politico-y-defendio-su-plan-economico","status":"publish","type":"post","link":"http:\/\/cordobadirecto.com\/index.php\/2025\/09\/20\/en-cordoba-milei-dijo-que-todo-el-panico-es-politico-y-defendio-su-plan-economico\/","title":{"rendered":"En C\u00f3rdoba, Milei dijo que \u00abtodo el p\u00e1nico es pol\u00edtico\u00bb y defendi\u00f3 su plan econ\u00f3mico"},"content":{"rendered":"<p data-start=\"227\" data-end=\"476\">El<strong> presidente Javier Milei disert\u00f3 este viernes en la <a href=\"https:\/\/www.bolsacba.com.ar\/\">Bolsa de Comercio de C\u00f3rdoba<\/a><\/strong>, donde volvi\u00f3 a trazar un duro diagn\u00f3stico sobre la herencia econ\u00f3mica recibida y defendi\u00f3 el plan de ajuste y reformas estructurales que impulsa su administraci\u00f3n.<\/p>\n<div class=\"g g-36\">\n<div class=\"g-dyn a-165 c-1\"><a class=\"gofollow\" data-track=\"MTY1LDM2LDYw\" href=\"https:\/\/azoteaeventos.com.ar\/\" target=\"_blank\" rel=\"noopener\"><img src=\"http:\/\/cordobadirecto.com\/wp-content\/uploads\/2025\/09\/en-cordoba-milei-dijo-que-todo-el-panico-es-politico-y-defendio-su-plan-economico.jpg\" loading=\"lazy\"><\/a><\/div>\n<\/div>\n<p data-start=\"478\" data-end=\"752\">\u201c<strong>Tratar de doblegar al status quo no es f\u00e1cil. Los procesos de cambio siempre generan resistencia, y cuanto m\u00e1s profundo es el cambio, mayor es la resistencia\u201d<\/strong>, afirm\u00f3 al inicio de su exposici\u00f3n, ante un auditorio colmado de empresarios y referentes del sector productivo.\n<\/p>\n<p data-start=\"754\" data-end=\"977\">El mandatario subray\u00f3 que el d\u00e9ficit fiscal ha sido la ra\u00edz com\u00fan de todas las crisis argentinas: \u201cCuando llegamos al gobierno, ese rojo equival\u00eda a 15 puntos del PBI. Es imposible crecer con semejante nivel de desorden\u201d.\n<\/p>\n<p data-start=\"1024\" data-end=\"1444\">Milei describi\u00f3 el punto de partida de su gesti\u00f3n en diciembre de 2023 como \u201cla peor herencia de la historia\u201d: reservas netas negativas por 11.500 millones de d\u00f3lares, un desequilibrio en el balance del Banco Central \u201cpeor que en la antesala de la hiperinflaci\u00f3n alfonsinista\u201d, vencimientos de deuda en pesos inmediatos, riesgo pa\u00eds cercano a los 3.000 puntos, inflaci\u00f3n anual del 211% y una brecha cambiaria del 200%.\n<\/p>\n<p data-start=\"1024\" data-end=\"1444\"><img decoding=\"async\" class=\"aligncenter size-full wp-image-377376\" src=\"http:\/\/cordobadirecto.com\/wp-content\/uploads\/2025\/09\/en-cordoba-milei-dijo-que-todo-el-panico-es-politico-y-defendio-su-plan-economico-1.jpg\" alt width=\"1600\" height=\"1066\" srcset=\"http:\/\/cordobadirecto.com\/wp-content\/uploads\/2025\/09\/en-cordoba-milei-dijo-que-todo-el-panico-es-politico-y-defendio-su-plan-economico-1.jpg 1600w, http:\/\/cordobadirecto.com\/wp-content\/uploads\/2025\/09\/en-cordoba-milei-dijo-que-todo-el-panico-es-politico-y-defendio-su-plan-economico-4.jpg 300w, http:\/\/cordobadirecto.com\/wp-content\/uploads\/2025\/09\/en-cordoba-milei-dijo-que-todo-el-panico-es-politico-y-defendio-su-plan-economico-5.jpg 1024w, http:\/\/cordobadirecto.com\/wp-content\/uploads\/2025\/09\/en-cordoba-milei-dijo-que-todo-el-panico-es-politico-y-defendio-su-plan-economico-6.jpg 768w, http:\/\/cordobadirecto.com\/wp-content\/uploads\/2025\/09\/en-cordoba-milei-dijo-que-todo-el-panico-es-politico-y-defendio-su-plan-economico-7.jpg 1536w, http:\/\/cordobadirecto.com\/wp-content\/uploads\/2025\/09\/en-cordoba-milei-dijo-que-todo-el-panico-es-politico-y-defendio-su-plan-economico-8.jpg 750w, http:\/\/cordobadirecto.com\/wp-content\/uploads\/2025\/09\/en-cordoba-milei-dijo-que-todo-el-panico-es-politico-y-defendio-su-plan-economico-9.jpg 1140w\" sizes=\"(max-width: 1600px) 100vw, 1600px\" loading=\"lazy\"><!-- \u00a1O bien no hay banners, estan desactivados o no estan programados para esta ubicaci\u00f3n! -->\n<\/p>\n<p data-start=\"1446\" data-end=\"1613\"><strong>\u201cRecibimos indicadores sociales incluso m\u00e1s graves que en 2001.<\/strong> Era una situaci\u00f3n de crisis multidimensional que nos dejaba a un paso de la hiperinflaci\u00f3n\u201d, asegur\u00f3.<\/p>\n<p data-start=\"1627\" data-end=\"1771\">El Presidente repas\u00f3 los pilares de su plan econ\u00f3mico: disciplina fiscal, fin de la emisi\u00f3n monetaria, reformas estructurales y orden p\u00fablico.\n<\/p>\n<p data-start=\"1773\" data-end=\"2123\">\u201cEn el primer mes equilibramos las cuentas despu\u00e9s de 123 a\u00f1os de d\u00e9ficit. Cortamos la emisi\u00f3n de ra\u00edz, porque la inflaci\u00f3n es siempre un fen\u00f3meno monetario. Y demostramos que el ajuste pod\u00eda ser expansivo: al reducir el gasto del Estado, liberamos recursos para el sector privado, que desde abril de 2024 empez\u00f3 a recuperar la actividad\u201d, sostuvo.\n<\/p>\n<p data-start=\"2125\" data-end=\"2382\">Entre los resultados mencion\u00f3 la ca\u00edda de la inflaci\u00f3n mensual a niveles del 1,5% al 2%, la reducci\u00f3n de la pobreza del 57% al 30%, la salida de seis millones de personas de la indigencia y la disminuci\u00f3n de la deuda p\u00fablica en 50.000 millones de d\u00f3lares.\n<\/p>\n<p data-start=\"2125\" data-end=\"2382\"><img loading=\"lazy\" decoding=\"async\" class=\"aligncenter size-full wp-image-377377\" src=\"http:\/\/cordobadirecto.com\/wp-content\/uploads\/2025\/09\/en-cordoba-milei-dijo-que-todo-el-panico-es-politico-y-defendio-su-plan-economico-2.jpg\" alt width=\"1600\" height=\"1066\" srcset=\"http:\/\/cordobadirecto.com\/wp-content\/uploads\/2025\/09\/en-cordoba-milei-dijo-que-todo-el-panico-es-politico-y-defendio-su-plan-economico-2.jpg 1600w, http:\/\/cordobadirecto.com\/wp-content\/uploads\/2025\/09\/en-cordoba-milei-dijo-que-todo-el-panico-es-politico-y-defendio-su-plan-economico-10.jpg 300w, http:\/\/cordobadirecto.com\/wp-content\/uploads\/2025\/09\/en-cordoba-milei-dijo-que-todo-el-panico-es-politico-y-defendio-su-plan-economico-11.jpg 1024w, http:\/\/cordobadirecto.com\/wp-content\/uploads\/2025\/09\/en-cordoba-milei-dijo-que-todo-el-panico-es-politico-y-defendio-su-plan-economico-12.jpg 768w, http:\/\/cordobadirecto.com\/wp-content\/uploads\/2025\/09\/en-cordoba-milei-dijo-que-todo-el-panico-es-politico-y-defendio-su-plan-economico-13.jpg 1536w, http:\/\/cordobadirecto.com\/wp-content\/uploads\/2025\/09\/en-cordoba-milei-dijo-que-todo-el-panico-es-politico-y-defendio-su-plan-economico-14.jpg 750w, http:\/\/cordobadirecto.com\/wp-content\/uploads\/2025\/09\/en-cordoba-milei-dijo-que-todo-el-panico-es-politico-y-defendio-su-plan-economico-15.jpg 1140w\" sizes=\"auto, (max-width: 1600px) 100vw, 1600px\">\n<\/p>\n<p data-start=\"2384\" data-end=\"2441\"><strong>La estrategia central: reformas y secuencia cr\u00edtica<\/strong>\n<\/p>\n<p data-start=\"2442\" data-end=\"2620\">El mandatario dedic\u00f3 un tramo de su exposici\u00f3n a detallar la <strong data-start=\"2503\" data-end=\"2543\">estrategia de reformas estructurales<\/strong> que, seg\u00fan dijo, sentar\u00e1 las bases para un ciclo de crecimiento sostenido.\n<\/p>\n<p data-start=\"2622\" data-end=\"2844\">\u201cEstamos avanzando en un plan integral con tres pilares: una reforma tributaria para bajar impuestos, una reforma laboral para desregular el mercado de trabajo y una desregulaci\u00f3n general de todos los mercados\u201d, explic\u00f3.\n<\/p>\n<p data-start=\"2846\" data-end=\"3314\">Milei subray\u00f3 que la <strong data-start=\"2867\" data-end=\"2898\">secuencia de implementaci\u00f3n<\/strong> es clave para evitar \u201ccostos sociales negativos\u201d: primero reducir impuestos, luego flexibilizar el mercado laboral y finalmente avanzar con la apertura comercial. \u201cEse orden genera un loop permanente de crecimiento\u201d, asegur\u00f3, y advirti\u00f3 que intentos anteriores de reforma \u2014como el de la gesti\u00f3n de De la R\u00faa\u2014 fueron \u201ctorpedeados\u201d por la pol\u00edtica, lo que marc\u00f3 una alerta sobre los obst\u00e1culos que enfrenta su plan.\n<\/p>\n<p data-start=\"2846\" data-end=\"3314\"><img loading=\"lazy\" decoding=\"async\" class=\"aligncenter size-full wp-image-377378\" src=\"http:\/\/cordobadirecto.com\/wp-content\/uploads\/2025\/09\/en-cordoba-milei-dijo-que-todo-el-panico-es-politico-y-defendio-su-plan-economico-3.jpg\" alt width=\"1600\" height=\"1066\" srcset=\"http:\/\/cordobadirecto.com\/wp-content\/uploads\/2025\/09\/en-cordoba-milei-dijo-que-todo-el-panico-es-politico-y-defendio-su-plan-economico-3.jpg 1600w, http:\/\/cordobadirecto.com\/wp-content\/uploads\/2025\/09\/en-cordoba-milei-dijo-que-todo-el-panico-es-politico-y-defendio-su-plan-economico-16.jpg 300w, http:\/\/cordobadirecto.com\/wp-content\/uploads\/2025\/09\/en-cordoba-milei-dijo-que-todo-el-panico-es-politico-y-defendio-su-plan-economico-17.jpg 1024w, http:\/\/cordobadirecto.com\/wp-content\/uploads\/2025\/09\/en-cordoba-milei-dijo-que-todo-el-panico-es-politico-y-defendio-su-plan-economico-18.jpg 768w, http:\/\/cordobadirecto.com\/wp-content\/uploads\/2025\/09\/en-cordoba-milei-dijo-que-todo-el-panico-es-politico-y-defendio-su-plan-economico-19.jpg 1536w, http:\/\/cordobadirecto.com\/wp-content\/uploads\/2025\/09\/en-cordoba-milei-dijo-que-todo-el-panico-es-politico-y-defendio-su-plan-economico-20.jpg 750w, http:\/\/cordobadirecto.com\/wp-content\/uploads\/2025\/09\/en-cordoba-milei-dijo-que-todo-el-panico-es-politico-y-defendio-su-plan-economico-21.jpg 1140w\" sizes=\"auto, (max-width: 1600px) 100vw, 1600px\">\n<\/p>\n<p data-start=\"2509\" data-end=\"2561\"><strong>Cruce con Schiaretti y cr\u00edticas a la oposici\u00f3n<\/strong>\n<\/p>\n<p data-start=\"2562\" data-end=\"2991\">Milei dedic\u00f3 un pasaje de su discurso a responder al exgobernador cordob\u00e9s <a href=\"https:\/\/puntoapunto.com.ar\/schiaretti-a-los-gobiernos-kirchneristas-les-importaba-un-rabano-si-habia-movilidad-ascendente\/\">Juan Schiaretti,<\/a> quien cuestion\u00f3 la dureza del ajuste oficial. \u201cPropon\u00eda gastar m\u00e1s, lo que hubiese elevado el d\u00e9ficit en siete puntos del PBI. \u00bfCon qu\u00e9 lo iba a financiar? \u00bfCon emisi\u00f3n para generar hiperinflaci\u00f3n? \u00bfCon deuda? \u00bfO llevando el IVA al 42% para hundir m\u00e1s gente en la pobreza? Esa es la l\u00f3gica gastoman\u00edaca que nos trajo hasta ac\u00e1\u201d, lanz\u00f3.\n<\/p>\n<p data-start=\"2993\" data-end=\"3228\">Tambi\u00e9n critic\u00f3 a lo que denomin\u00f3 \u201cel partido del Estado\u201d, en referencia a la oposici\u00f3n pol\u00edtica: \u201cSu \u00fanica propuesta es destruir lo que hemos construido. Pero si estuvieran para ganar, no estar\u00edan tratando de romper todo el tiempo\u201d.\n<\/p>\n<p data-start=\"143\" data-end=\"312\">\u00abSigamos adelante. Falta mucho por hacer, pero no tiremos por la borda lo que ya hemos logrado.<br data-start=\"237\" data-end=\"240\"><strong>\u00bfQuieren que volvamos a escuchar la receta que fracas\u00f3 una y otra vez? Sabemos que a\u00fan falta, pero estamos a mitad de camino. Del otro lado est\u00e1 la senda de la prosperidad\u00bb<\/strong>, plante\u00f3 y agreg\u00f3: \u00abSi tomamos conciencia del monstruo que tenemos enfrente, la sociedad va a recapacitar y en octubre va a te\u00f1ir de violeta todo el pa\u00eds\u00bb.\n<\/p>\n<p data-start=\"3262\" data-end=\"3632\"><strong>\u201cNuestro objetivo es transformar a la Argentina en un pa\u00eds de altos ingresos en diez a\u00f1os, en una potencia mundial en veinte y en una de las tres econom\u00edas m\u00e1s grandes del planeta en treinta. El camino es claro: equilibrio fiscal, desregulaci\u00f3n, reforma tributaria y desarrollo del capital humano\u201d.<\/strong>\n<\/p>\n<div class=\"g g-38\">\n<div class=\"g-dyn a-12 c-1\"><a class=\"gofollow\" data-track=\"MTIsMzgsNjA=\" href=\"https:\/\/hospitalprivado.com.ar\/\" target=\"_blank\" rel=\"noopener\"><img src=\"http:\/\/cordobadirecto.com\/wp-content\/uploads\/2025\/09\/en-cordoba-milei-dijo-que-todo-el-panico-es-politico-y-defendio-su-plan-economico.gif\" loading=\"lazy\"><\/a><\/div>\n<\/div>\n","protected":false},"excerpt":{"rendered":"<p>El presidente Javier Milei disert\u00f3 este viernes en la Bolsa de Comercio de C\u00f3rdoba, donde volvi\u00f3 a trazar un duro diagn\u00f3stico sobre la herencia econ\u00f3mica recibida y defendi\u00f3 el plan de ajuste y reformas estructurales que impulsa su administraci\u00f3n. \u201cTratar de doblegar al status quo no es f\u00e1cil. Los procesos de cambio siempre generan resistencia, [&hellip;]<\/p>\n","protected":false},"author":1,"featured_media":175533,"comment_status":"closed","ping_status":"closed","sticky":false,"template":"","format":"standard","meta":[],"categories":[25],"tags":[],"_links":{"self":[{"href":"http:\/\/cordobadirecto.com\/index.php\/wp-json\/wp\/v2\/posts\/175532"}],"collection":[{"href":"http:\/\/cordobadirecto.com\/index.php\/wp-json\/wp\/v2\/posts"}],"about":[{"href":"http:\/\/cordobadirecto.com\/index.php\/wp-json\/wp\/v2\/types\/post"}],"author":[{"embeddable":true,"href":"http:\/\/cordobadirecto.com\/index.php\/wp-json\/wp\/v2\/users\/1"}],"replies":[{"embeddable":true,"href":"http:\/\/cordobadirecto.com\/index.php\/wp-json\/wp\/v2\/comments?post=175532"}],"version-history":[{"count":0,"href":"http:\/\/cordobadirecto.com\/index.php\/wp-json\/wp\/v2\/posts\/175532\/revisions"}],"wp:featuredmedia":[{"embeddable":true,"href":"http:\/\/cordobadirecto.com\/index.php\/wp-json\/wp\/v2\/media\/175533"}],"wp:attachment":[{"href":"http:\/\/cordobadirecto.com\/index.php\/wp-json\/wp\/v2\/media?parent=175532"}],"wp:term":[{"taxonomy":"category","embeddable":true,"href":"http:\/\/cordobadirecto.com\/index.php\/wp-json\/wp\/v2\/categories?post=175532"},{"taxonomy":"post_tag","embeddable":true,"href":"http:\/\/cordobadirecto.com\/index.php\/wp-json\/wp\/v2\/tags?post=175532"}],"curies":[{"name":"wp","href":"https:\/\/api.w.org\/{rel}","templated":true}]}}