{"id":175534,"date":"2025-09-20T21:08:02","date_gmt":"2025-09-20T21:08:02","guid":{"rendered":"http:\/\/cordobadirecto.com\/index.php\/2025\/09\/20\/milei-en-cordoba-el-panico-politico-espiraliza-la-crisis-en-los-mercados-hoy-rojas\/"},"modified":"2025-09-20T21:08:02","modified_gmt":"2025-09-20T21:08:02","slug":"milei-en-cordoba-el-panico-politico-espiraliza-la-crisis-en-los-mercados-hoy-rojas","status":"publish","type":"post","link":"http:\/\/cordobadirecto.com\/index.php\/2025\/09\/20\/milei-en-cordoba-el-panico-politico-espiraliza-la-crisis-en-los-mercados-hoy-rojas\/","title":{"rendered":"Milei en <b>C\u00f3rdoba<\/b>: &quot;El p\u00e1nico pol\u00edtico espiraliza la crisis en los mercados&quot; &#8211; HOY ROJAS"},"content":{"rendered":"<p>En el 125\u00ba aniversario de la Bolsa de Comercio de <b>C\u00f3rdoba<\/b>, el Presidente defendi\u00f3 su plan econ\u00f3mico, critic\u00f3 a la oposici\u00f3n y llam\u00f3 a &quot;pintar de&nbsp;&#8230; <\/p>\n","protected":false},"excerpt":{"rendered":"<p>En el 125\u00ba aniversario de la Bolsa de Comercio de C\u00f3rdoba, el Presidente defendi\u00f3 su plan econ\u00f3mico, critic\u00f3 a la oposici\u00f3n y llam\u00f3 a &quot;pintar de&nbsp;&#8230;<\/p>\n","protected":false},"author":1,"featured_media":0,"comment_status":"closed","ping_status":"closed","sticky":false,"template":"","format":"standard","meta":[],"categories":[40],"tags":[],"_links":{"self":[{"href":"http:\/\/cordobadirecto.com\/index.php\/wp-json\/wp\/v2\/posts\/175534"}],"collection":[{"href":"http:\/\/cordobadirecto.com\/index.php\/wp-json\/wp\/v2\/posts"}],"about":[{"href":"http:\/\/cordobadirecto.com\/index.php\/wp-json\/wp\/v2\/types\/post"}],"author":[{"embeddable":true,"href":"http:\/\/cordobadirecto.com\/index.php\/wp-json\/wp\/v2\/users\/1"}],"replies":[{"embeddable":true,"href":"http:\/\/cordobadirecto.com\/index.php\/wp-json\/wp\/v2\/comments?post=175534"}],"version-history":[{"count":0,"href":"http:\/\/cordobadirecto.com\/index.php\/wp-json\/wp\/v2\/posts\/175534\/revisions"}],"wp:attachment":[{"href":"http:\/\/cordobadirecto.com\/index.php\/wp-json\/wp\/v2\/media?parent=175534"}],"wp:term":[{"taxonomy":"category","embeddable":true,"href":"http:\/\/cordobadirecto.com\/index.php\/wp-json\/wp\/v2\/categories?post=175534"},{"taxonomy":"post_tag","embeddable":true,"href":"http:\/\/cordobadirecto.com\/index.php\/wp-json\/wp\/v2\/tags?post=175534"}],"curies":[{"name":"wp","href":"https:\/\/api.w.org\/{rel}","templated":true}]}}