{"id":175590,"date":"2025-09-20T22:47:28","date_gmt":"2025-09-20T22:47:28","guid":{"rendered":"https:\/\/www.ole.com.ar\/autos\/formula-1-colapinto-choque-qualy-clasificacion-bandera-roja-record-carrera-larga-historia_0_pRt48I9yIZ.html"},"modified":"2025-09-20T22:47:28","modified_gmt":"2025-09-20T22:47:28","slug":"el-record-que-alcanzo-la-formula-1-con-las-seis-banderas-rojas-y-el-choque-de-colapinto","status":"publish","type":"post","link":"http:\/\/cordobadirecto.com\/index.php\/2025\/09\/20\/el-record-que-alcanzo-la-formula-1-con-las-seis-banderas-rojas-y-el-choque-de-colapinto\/","title":{"rendered":"El r\u00e9cord que alcanz\u00f3 la F\u00f3rmula 1 con las seis banderas rojas y el choque de Colapinto"},"content":{"rendered":"<p><time class=\"createDate\" datetime=\"2025-09-20T19:47:28-03:00\">20\/09\/2025 19:47hs.<\/time><\/p>\n<div id=\"storyBody\">\n<div class=\"custom-text \" readability=\"36.526829268293\">\n<p>El <strong>Gran Premio de Azerbaiy\u00e1n<\/strong> siempre supone una dificultad extra para los pilotos por la precisi\u00f3n que los conductores necesitan en todas las curvas del circuito de Bak\u00fa. Y fue en esta edici\u00f3n del 2025 que, producto de los <strong>seis choques que se dieron durante la qualy<\/strong>, dentro de los que apareci\u00f3 el de <strong><a href=\"https:\/\/www.ole.com.ar\/tema\/franco-colapinto.html\" title=\"Franco Colapinto\" alt=\"Franco Colapinto\" class=\"slug\">Franco Colapinto<\/a><\/strong>, la clasificaci\u00f3n <strong>dur\u00f3 118 minutos, registro que rompi\u00f3 un r\u00e9cord en la<\/strong> <strong><a href=\"https:\/\/www.ole.com.ar\/tema\/formula-1.html\" title=\"F\u00f3rmula 1\" alt=\"F\u00f3rmula 1\" class=\"slug\">F\u00f3rmula 1<\/a><\/strong>.<\/p>\n<\/div>\n<div class=\"custom-text \" readability=\"36\">\n<p>A causa de las reiteradas interrupciones, <strong>la qualy de este GP se convirti\u00f3 en la m\u00e1s larga de la historia de la competici\u00f3n en pista seca<\/strong>, algo que se dio por las seis banderas rojas que se mostraron durante la jornada de s\u00e1bado.<\/p>\n<\/div>\n<div class=\"sc-e7b891c4-0 ifHnQL image-embed\"><img alt=\"As\u00ed se marchaba Franco Colapinto tras su choque en la clasificaci\u00f3n de la F\u00f3rmula 1 en Bak\u00fa.\" loading=\"lazy\" width=\"720\" height=\"100\" decoding=\"async\" data-nimg=\"1\" src=\"http:\/\/cordobadirecto.com\/wp-content\/uploads\/2025\/09\/el-record-que-alcanzo-la-formula-1-con-las-seis-banderas-rojas-y-el-choque-de-colapinto.jpg\"><span class=\"epigraphe\">As\u00ed se marchaba Franco Colapinto tras su choque en la clasificaci\u00f3n de la F\u00f3rmula 1 en Bak\u00fa.<\/span><\/div>\n<div class=\"custom-text \" readability=\"42\">\n<p>El primero de estos choques lo protagoniz\u00f3 <strong>Alex Albon<\/strong>, piloto de Williams que se la peg\u00f3 contra el muro de la curva 1 durante la Q1. En esta primera tanda de clasificaci\u00f3n, <strong>Nico Hulkenberg<\/strong>, conductor de Sauber, y <strong>Colapinto<\/strong>, de Alpine, <strong>tambi\u00e9n hicieron que se muestre la bandera roja por sus golpes en las curvas 4 y 14, respectivamente<\/strong>.<\/p>\n<\/div>\n<div class=\"sc-e7b891c4-0 ifHnQL image-embed\"><img alt=\"As\u00ed sacaron el auto de Albon (Reuters).\" loading=\"lazy\" width=\"720\" height=\"100\" decoding=\"async\" data-nimg=\"1\" src=\"http:\/\/cordobadirecto.com\/wp-content\/uploads\/2025\/09\/el-record-que-alcanzo-la-formula-1-con-las-seis-banderas-rojas-y-el-choque-de-colapinto-1.jpg\"><span class=\"epigraphe\">As\u00ed sacaron el auto de Albon (Reuters).<\/span><\/div>\n<div class=\"custom-text \" readability=\"38\">\n<p>Tras esta Q1, en la que el conductor argentino finaliz\u00f3 16\u00b0, <strong>la Q2 tambi\u00e9n lleg\u00f3 con un choque<\/strong>, el cual protagoniz\u00f3 <strong>Oliver Bearman<\/strong> (Haas) en el muro que se encuentra a la salida de la segunda curva, impacto que hizo que nuevamente se tenga que interrumpir la carrera.<\/p>\n<\/div>\n<div class=\"custom-text \" readability=\"32.238805970149\">\n<p>Por \u00faltimo, la Q3 tambi\u00e9n trajo accidentes que hicieron que se deba mostrar la bandera roja. El primero de ellos fue el que tuvo <strong><a href=\"https:\/\/www.ole.com.ar\/tema\/charles-leclerc.html\" title=\"Charles Leclerc\" alt=\"Charles Leclerc\" class=\"slug\">Charles Leclerc<\/a><\/strong> (Ferrari) en la curva 15, y el \u00faltimo lo protagoniz\u00f3 <strong><a href=\"https:\/\/www.ole.com.ar\/tema\/oscar-piastri.html\" title=\"Oscar Piastri\" alt=\"Oscar Piastri\" class=\"slug\">Oscar Piastri<\/a><\/strong> (McLaren) en la tercera curva del circuito de Bak\u00fa.<\/p>\n<\/div>\n<div class=\"sc-e7b891c4-0 ifHnQL image-embed\"><img alt=\"Leclerc, otro que se la peg\u00f3 (Reuters).\" loading=\"lazy\" width=\"720\" height=\"100\" decoding=\"async\" data-nimg=\"1\" src=\"http:\/\/cordobadirecto.com\/wp-content\/uploads\/2025\/09\/el-record-que-alcanzo-la-formula-1-con-las-seis-banderas-rojas-y-el-choque-de-colapinto-2.jpg\"><span class=\"epigraphe\">Leclerc, otro que se la peg\u00f3 (Reuters).<\/span><\/div>\n<p><h2><strong>As\u00ed qued\u00f3 la grilla de partida para el Gran Premio de Azerbaiy\u00e1n<\/strong><\/h2>\n<\/p>\n<div class=\"custom-text \" readability=\"32\">\n<p>1- Max Verstappen (Red Bull)<\/p>\n<\/div>\n<div class=\"custom-text \" readability=\"32\">\n<p>2- Carlos Sainz (Williams)<\/p>\n<\/div>\n<div class=\"custom-text \" readability=\"32\">\n<p>3- Liam Lawson (Racing Bulls)<\/p>\n<\/div>\n<div class=\"custom-text \" readability=\"32\">\n<p>4- Kimi Antonelli (Mercedes)<\/p>\n<\/div>\n<div class=\"custom-text \" readability=\"32\">\n<p>5- George Russell (Mercedes)<\/p>\n<\/div>\n<div class=\"custom-text \" readability=\"32\">\n<p>6- Yuki Tsunoda (Red Bull)<\/p>\n<\/div>\n<div class=\"custom-text \" readability=\"32\">\n<p>7- Lando Norris (McLaren)<\/p>\n<\/div>\n<div class=\"custom-text \" readability=\"32\">\n<p>8- Isack Hadjar (Racing Bulls)<\/p>\n<\/div>\n<div class=\"custom-text \" readability=\"32\">\n<p>9- Oscar Piastri (McLaren)<\/p>\n<\/div>\n<div class=\"custom-text \" readability=\"32\">\n<p>10- Charles Leclerc (Ferrari)<\/p>\n<\/div>\n<div class=\"custom-text \" readability=\"32\">\n<p>11- Fernando Alonso (Aston Martin)<\/p>\n<\/div>\n<div class=\"custom-text \" readability=\"32\">\n<p>12- Lewis Hamilton (Ferrari)<\/p>\n<\/div>\n<div class=\"custom-text \" readability=\"32\">\n<p>13- Gabriel Bortoleto (Kick Sauber)<\/p>\n<\/div>\n<div class=\"custom-text \" readability=\"32\">\n<p>14- Lance Stroll (Aston Martin)<\/p>\n<\/div>\n<div class=\"custom-text \" readability=\"32\">\n<p>15- Oliver Bearman (Haas)<\/p>\n<\/div>\n<div class=\"custom-text \" readability=\"32\">\n<p>16- Franco Colapinto (Alpine)<\/p>\n<\/div>\n<div class=\"custom-text \" readability=\"32\">\n<p>17- Nico Hulkenberg (Kick Sauber)<\/p>\n<\/div>\n<div class=\"custom-text \" readability=\"32\">\n<p>18- Pierre Gasly (Alpine)<\/p>\n<\/div>\n<div class=\"custom-text \" readability=\"32\">\n<p>19- Alex Albon (Williams)<\/p>\n<\/div>\n<div class=\"custom-text \">\n<p>20- Esteban Ocon (Haas)<\/p>\n<\/div>\n<div class=\"sc-e7b891c4-0 ifHnQL image-embed\"><img alt=\"La grilla del GP en Azerbaiy\u00e1n.\" loading=\"lazy\" width=\"720\" height=\"100\" decoding=\"async\" data-nimg=\"1\" src=\"http:\/\/cordobadirecto.com\/wp-content\/uploads\/2025\/09\/el-record-que-alcanzo-la-formula-1-con-las-seis-banderas-rojas-y-el-choque-de-colapinto-3.jpg\"><span class=\"epigraphe\">La grilla del GP en Azerbaiy\u00e1n.<\/span><\/div>\n<p><h2><strong>Video: as\u00ed fue el choque de Colapinto<\/strong><\/h2>\n<\/p>\n<div class=\"sc-3c5a76cc-1 idjLTd\">\n<div class=\"sc-e8b2828-0 fBmEJc\" type=\"embed\">\n<div class=\"sc-e8b2828-1 iPLbWT videoText\" id=\"contentTitleembedQjUfodE0\" type=\"embed\"><svg fill=\"#ffffff\"><symbol id=\"play\" viewBox=\"0 0 512 512\"><path d=\"M512 256C512 397.4 397.4 512 256 512C114.6 512 0 397.4 0 256C0 114.6 114.6 0 256 0C397.4 0 512 114.6 512 256zM176 168V344C176 352.7 180.7 360.7 188.3 364.9C195.8 369.2 205.1 369 212.5 364.5L356.5 276.5C363.6 272.1 368 264.4 368 256C368 247.6 363.6 239.9 356.5 235.5L212.5 147.5C205.1 142.1 195.8 142.8 188.3 147.1C180.7 151.3 176 159.3 176 168V168z\" \/><\/symbol><use xlink:href=\"#play\" \/><\/svg><\/p>\n<div class=\"right\">\n<p>Franco Colapinto<!-- --> &#8211; <span>&nbsp;<\/span><\/p>\n<h2 class=\"title-vid\">El choque de Franco Colapinto en la qualy de Bak\u00fa<\/h2>\n<\/div>\n<\/div>\n<p><span class=\"back\" id=\"spanBackembedQjUfodE0\"><\/span><\/div>\n<div class=\"JWvideoNota_title\">\n<p>Video: ESPN<\/p>\n<\/div>\n<\/div>\n<div class=\"sc-a7166897-0 eoLsBE\" readability=\"6.5\">\n<section readability=\"3\"><picture><img alt=\"Ultimo momento: descalificaron a Esteban Ocon y cambia la parrilla del GP de Azerbaiy\u00e1n de F1\" loading=\"lazy\" width=\"290\" height=\"290\" decoding=\"async\" data-nimg=\"1\" src=\"http:\/\/cordobadirecto.com\/wp-content\/uploads\/2025\/09\/el-record-que-alcanzo-la-formula-1-con-las-seis-banderas-rojas-y-el-choque-de-colapinto-4.jpg\"><\/picture>\n<p><span>Mir\u00e1 tambi\u00e9n<\/span><\/p>\n<hr>\n<h3>Ultimo momento: descalificaron a Esteban Ocon y cambia la parrilla del GP de Azerbaiy\u00e1n de F1<\/h3>\n<\/p>\n<\/section>\n<\/div>\n<div class=\"sc-a7166897-0 eoLsBE\" readability=\"6.5\">\n<section readability=\"3\"><picture><img alt=\"El alentador mensaje de Alpine tras el choque de Franco Colapinto en la qualy del GP de Azerbaiy\u00e1n \" loading=\"lazy\" width=\"290\" height=\"290\" decoding=\"async\" data-nimg=\"1\" src=\"http:\/\/cordobadirecto.com\/wp-content\/uploads\/2025\/09\/el-record-que-alcanzo-la-formula-1-con-las-seis-banderas-rojas-y-el-choque-de-colapinto-5.jpg\"><\/picture>\n<p><span>Mir\u00e1 tambi\u00e9n<\/span><\/p>\n<hr>\n<h3>El alentador mensaje de Alpine tras el choque de Franco Colapinto en la qualy del GP de Azerbaiy\u00e1n <\/h3>\n<\/p>\n<\/section>\n<\/div>\n<div class=\"sc-a7166897-0 eoLsBE\" readability=\"6\">\n<section readability=\"2\"><picture><img alt=\"Los choques calcados de Franco Colapinto en Bak\u00fa en 2024 y 2025\" loading=\"lazy\" width=\"290\" height=\"290\" decoding=\"async\" data-nimg=\"1\" src=\"http:\/\/cordobadirecto.com\/wp-content\/uploads\/2025\/09\/el-record-que-alcanzo-la-formula-1-con-las-seis-banderas-rojas-y-el-choque-de-colapinto-6.jpg\"><\/picture>\n<p><span>Mir\u00e1 tambi\u00e9n<\/span><\/p>\n<hr>\n<h3>Los choques calcados de Franco Colapinto en Bak\u00fa en 2024 y 2025<\/h3>\n<\/p>\n<\/section>\n<\/div>\n<\/div>\n","protected":false},"excerpt":{"rendered":"<p>20\/09\/2025 19:47hs. El Gran Premio de Azerbaiy\u00e1n siempre supone una dificultad extra para los pilotos por la precisi\u00f3n que los conductores necesitan en todas las curvas del circuito de Bak\u00fa. Y fue en esta edici\u00f3n del 2025 que, producto de los seis choques que se dieron durante la qualy, dentro de los que apareci\u00f3 el [&hellip;]<\/p>\n","protected":false},"author":1,"featured_media":175591,"comment_status":"closed","ping_status":"closed","sticky":false,"template":"","format":"standard","meta":[],"categories":[21],"tags":[],"_links":{"self":[{"href":"http:\/\/cordobadirecto.com\/index.php\/wp-json\/wp\/v2\/posts\/175590"}],"collection":[{"href":"http:\/\/cordobadirecto.com\/index.php\/wp-json\/wp\/v2\/posts"}],"about":[{"href":"http:\/\/cordobadirecto.com\/index.php\/wp-json\/wp\/v2\/types\/post"}],"author":[{"embeddable":true,"href":"http:\/\/cordobadirecto.com\/index.php\/wp-json\/wp\/v2\/users\/1"}],"replies":[{"embeddable":true,"href":"http:\/\/cordobadirecto.com\/index.php\/wp-json\/wp\/v2\/comments?post=175590"}],"version-history":[{"count":0,"href":"http:\/\/cordobadirecto.com\/index.php\/wp-json\/wp\/v2\/posts\/175590\/revisions"}],"wp:featuredmedia":[{"embeddable":true,"href":"http:\/\/cordobadirecto.com\/index.php\/wp-json\/wp\/v2\/media\/175591"}],"wp:attachment":[{"href":"http:\/\/cordobadirecto.com\/index.php\/wp-json\/wp\/v2\/media?parent=175590"}],"wp:term":[{"taxonomy":"category","embeddable":true,"href":"http:\/\/cordobadirecto.com\/index.php\/wp-json\/wp\/v2\/categories?post=175590"},{"taxonomy":"post_tag","embeddable":true,"href":"http:\/\/cordobadirecto.com\/index.php\/wp-json\/wp\/v2\/tags?post=175590"}],"curies":[{"name":"wp","href":"https:\/\/api.w.org\/{rel}","templated":true}]}}