{"id":175592,"date":"2025-09-20T17:49:50","date_gmt":"2025-09-20T17:49:50","guid":{"rendered":"https:\/\/www.ole.com.ar\/autos\/franco-colapinto-alpine-choque-qualy-mensaje-baku_0_YaFD1aXUbe.html"},"modified":"2025-09-20T17:49:50","modified_gmt":"2025-09-20T17:49:50","slug":"el-alentador-mensaje-de-alpine-tras-el-choque-de-franco-colapinto-en-la-qualy-del-gp-de-azerbaiyan","status":"publish","type":"post","link":"http:\/\/cordobadirecto.com\/index.php\/2025\/09\/20\/el-alentador-mensaje-de-alpine-tras-el-choque-de-franco-colapinto-en-la-qualy-del-gp-de-azerbaiyan\/","title":{"rendered":"El alentador mensaje de Alpine tras el choque de Franco Colapinto en la qualy del GP de Azerbaiy\u00e1n"},"content":{"rendered":"<p><span class=\"createDate\">20\/09\/2025 14:49hs.<\/span><time class=\"modificatedDate\" datetime=\"2025-09-20T14:54:50-03:00\"> Actualizado al 20\/09\/2025 14:54hs.<\/time><\/p>\n<div id=\"storyBody\">\n<div class=\"custom-text \" readability=\"33.795275590551\">\n<p>Al ir en busca de un giro superador que lo mandara a la Q2 en Bak\u00fa, <strong><a href=\"https:\/\/www.ole.com.ar\/tema\/franco-colapinto.html\" title=\"Franco Colapinto\" alt=\"Franco Colapinto\" class=\"slug\">Franco Colapinto<\/a><\/strong> choc\u00f3. Por lo tanto, el monoplaza deber\u00e1 ser arreglado en tiempo r\u00e9cord por <strong><a href=\"https:\/\/www.ole.com.ar\/tema\/alpine.html\" title=\"Alpine\" alt=\"Alpine\" class=\"slug\">Alpine<\/a> <\/strong>antes de la carrera. Sin embargo, la escuder\u00eda se mostr\u00f3 confiada para lograrlo.<\/p>\n<\/div>\n<div class=\"custom-text \" readability=\"36\">\n<p>Con una foto en la que se lo puede ver al piloto argentino en boxes y un video en el que se aprecia a los mec\u00e1nicos e ingenieros trabajando sobre el veh\u00edculo, el equipo apost\u00f3 fuerte de cara al domingo. &#8220;<strong>Tiramos juntos. Repararemos el auto y volveremos ma\u00f1ana<\/strong>&#8220;, lanzaron.<\/p>\n<\/div>\n<p><h2>El choque de Franco Colapinto en la qualy de Bak\u00fa<\/h2>\n<\/p>\n<div class=\"custom-text \" readability=\"34\">\n<p>Sobre el final de la primera sesi\u00f3n de la clasificaci\u00f3n, Franco choc\u00f3 contra un muro cuando intent\u00f3 hacer una maniobra superadora para meterse en Q2. <\/p>\n<\/div>\n<div class=\"custom-text \" readability=\"39.77\">\n<p>Segundos antes de que el argentino se estrellara, <strong><a href=\"https:\/\/www.ole.com.ar\/tema\/pierre-gasly.html\" title=\"Pierre Gasly\" alt=\"Pierre Gasly\" class=\"slug\">Pierre Gasl<\/a><a href=\"https:\/\/www.ole.com.ar\/tema\/pierre-gasly.html\" title=\"Pierre Gasly\" alt=\"Pierre Gasly\" class=\"slug\">y<\/a> <\/strong>se despist\u00f3 en la misma zona. &#8220;No sab\u00eda si era bandera amarilla o blanca, y cuando \u00e9l (su compa\u00f1ero) se fue, fren\u00e9 un pel\u00edn de m\u00e1s y<strong> <\/strong>el auto se me gir\u00f3. <strong>No s\u00e9 bien qu\u00e9 pas\u00f3, no entiendo por qu\u00e9<\/strong>, pero obviamente que me desconcentr\u00f3 un poco. Pens\u00e9 que iba a dar marcha atr\u00e1s y estuve pendiente de eso&#8221;, reconoci\u00f3 Colapinto.<\/p>\n<\/div>\n<div class=\"sc-3c5a76cc-1 idjLTd\">\n<div class=\"sc-e8b2828-0 fBmEJc\" type=\"embed\">\n<div class=\"sc-e8b2828-1 iPLbWT videoText\" id=\"contentTitleembedsB6LnRy6\" type=\"embed\"><svg fill=\"#ffffff\"><symbol id=\"play\" viewBox=\"0 0 512 512\"><path d=\"M512 256C512 397.4 397.4 512 256 512C114.6 512 0 397.4 0 256C0 114.6 114.6 0 256 0C397.4 0 512 114.6 512 256zM176 168V344C176 352.7 180.7 360.7 188.3 364.9C195.8 369.2 205.1 369 212.5 364.5L356.5 276.5C363.6 272.1 368 264.4 368 256C368 247.6 363.6 239.9 356.5 235.5L212.5 147.5C205.1 142.1 195.8 142.8 188.3 147.1C180.7 151.3 176 159.3 176 168V168z\" \/><\/symbol><use xlink:href=\"#play\" \/><\/svg><\/p>\n<div class=\"right\">\n<p>Chelsea<!-- --> &#8211; <span>&nbsp;<\/span><\/p>\n<h2 class=\"title-vid\">La temprana expulsi\u00f3n para Robert S\u00e1nchez<\/h2>\n<\/div>\n<\/div>\n<p><span class=\"back\" id=\"spanBackembedsB6LnRy6\"><\/span><\/div>\n<div class=\"JWvideoNota_title\">\n<p>(Video: ESPN)<\/p>\n<\/div>\n<\/div>\n<div class=\"custom-text \" readability=\"26.6\">\n<p>De todas formas, no fue el \u00fanico en accidentarse. De hecho, en distintos sectores del circuito, tambi\u00e9n lo hicieron <strong><a href=\"https:\/\/www.ole.com.ar\/tema\/alexander-albon.html\" title=\"Alexander Albon\" alt=\"Alexander Albon\" class=\"slug\">Alex Albon<\/a><\/strong>, <strong><a href=\"https:\/\/www.ole.com.ar\/autos\/hulkenberg-antonelli-investigados-despues-qualy-gp-azerbaiyan_0_4Bk6CukAVW.html\" title=\"Nico Hulkenberg\" alt=\"Nico Hulkenberg\">Nico Hulkenberg<\/a><\/strong>,<strong> <a href=\"https:\/\/www.ole.com.ar\/tema\/oliver-bearman.html\" title=\"Oliver Bearman\" alt=\"Oliver Bearman\" class=\"slug\">Oliver Bearman<\/a> <\/strong>y <strong><a href=\"https:\/\/www.ole.com.ar\/tema\/charles-leclerc.html\" target=\"_blank\" title=\"Charles Leclerc\" alt=\"Charles Leclerc\" class=\"slug\" rel=\"noopener\">Charles Leclerc<\/a><\/strong>.<\/p>\n<\/div>\n<p><h2>\u00bfEn qu\u00e9 posici\u00f3n largar\u00e1 Franco Colapinto en Bak\u00fa?<\/h2>\n<\/p>\n<div class=\"custom-text \" readability=\"32\">\n<p><strong>Franco Colapinto<\/strong> largar\u00e1 <strong>16\u00b0<\/strong> en el Gran Premio de Azerbaiy\u00e1n.<\/p>\n<\/div>\n<p><h2>\u00bfCu\u00e1ndo es la pr\u00f3xima carrera de Franco Colapinto?<\/h2>\n<\/p>\n<div class=\"custom-text \" readability=\"36\">\n<p><strong>Franco Colapinto<\/strong> volver\u00e1 a correr el <strong>domingo 21 de septiembre<\/strong> en Bak\u00fa, donde a las 8 horas de Argentina se pondr\u00e1n en juego los puntos. Toda la acci\u00f3n del Gran Premio de Azerbaiy\u00e1n ser\u00e1 transmitida a trav\u00e9s de las se\u00f1al televisiva de Fox Sports, y online por el Plan Premium de Disney+.<\/p>\n<\/div>\n<div class=\"sc-a7166897-0 eoLsBE\" readability=\"6.5\">\n<section readability=\"3\"><picture><img alt=\"Ultimo momento: descalificaron a Esteban Ocon y cambia la parrilla del GP de Azerbaiy\u00e1n de F1\" loading=\"lazy\" width=\"290\" height=\"290\" decoding=\"async\" data-nimg=\"1\" src=\"http:\/\/cordobadirecto.com\/wp-content\/uploads\/2025\/09\/el-alentador-mensaje-de-alpine-tras-el-choque-de-franco-colapinto-en-la-qualy-del-gp-de-azerbaiyan.jpg\"><\/picture>\n<p><span>Mir\u00e1 tambi\u00e9n<\/span><\/p>\n<hr>\n<h3>Ultimo momento: descalificaron a Esteban Ocon y cambia la parrilla del GP de Azerbaiy\u00e1n de F1<\/h3>\n<\/p>\n<\/section>\n<\/div>\n<div class=\"sc-a7166897-0 eoLsBE\" readability=\"6.5\">\n<section readability=\"3\"><picture><img alt=\"Atenci\u00f3n: un auto no pas\u00f3 la revisi\u00f3n post qualy y puede cambiar la parrilla del GP de Azerbaiy\u00e1n de F1 por sanci\u00f3n\" loading=\"lazy\" width=\"290\" height=\"290\" decoding=\"async\" data-nimg=\"1\" src=\"http:\/\/cordobadirecto.com\/wp-content\/uploads\/2025\/09\/el-alentador-mensaje-de-alpine-tras-el-choque-de-franco-colapinto-en-la-qualy-del-gp-de-azerbaiyan-1.jpg\"><\/picture>\n<p><span>Mir\u00e1 tambi\u00e9n<\/span><\/p>\n<hr>\n<h3>Atenci\u00f3n: un auto no pas\u00f3 la revisi\u00f3n post qualy y puede cambiar la parrilla del GP de Azerbaiy\u00e1n de F1 por sanci\u00f3n<\/h3>\n<\/p>\n<\/section>\n<\/div>\n<div class=\"sc-a7166897-0 eoLsBE\" readability=\"6.5\">\n<section readability=\"3\"><picture><img alt=\"Antonelli y Hulkenberg, investigados post qualy del GP de Azerbaiy\u00e1n\" loading=\"lazy\" width=\"290\" height=\"290\" decoding=\"async\" data-nimg=\"1\" src=\"http:\/\/cordobadirecto.com\/wp-content\/uploads\/2025\/09\/el-alentador-mensaje-de-alpine-tras-el-choque-de-franco-colapinto-en-la-qualy-del-gp-de-azerbaiyan-2.jpg\"><\/picture>\n<p><span>Mir\u00e1 tambi\u00e9n<\/span><\/p>\n<hr>\n<h3>Antonelli y Hulkenberg, investigados post qualy del GP de Azerbaiy\u00e1n<\/h3>\n<\/p>\n<\/section>\n<\/div>\n<\/div>\n","protected":false},"excerpt":{"rendered":"<p>20\/09\/2025 14:49hs. Actualizado al 20\/09\/2025 14:54hs. Al ir en busca de un giro superador que lo mandara a la Q2 en Bak\u00fa, Franco Colapinto choc\u00f3. Por lo tanto, el monoplaza deber\u00e1 ser arreglado en tiempo r\u00e9cord por Alpine antes de la carrera. Sin embargo, la escuder\u00eda se mostr\u00f3 confiada para lograrlo. Con una foto en [&hellip;]<\/p>\n","protected":false},"author":1,"featured_media":175593,"comment_status":"closed","ping_status":"closed","sticky":false,"template":"","format":"standard","meta":[],"categories":[21],"tags":[],"_links":{"self":[{"href":"http:\/\/cordobadirecto.com\/index.php\/wp-json\/wp\/v2\/posts\/175592"}],"collection":[{"href":"http:\/\/cordobadirecto.com\/index.php\/wp-json\/wp\/v2\/posts"}],"about":[{"href":"http:\/\/cordobadirecto.com\/index.php\/wp-json\/wp\/v2\/types\/post"}],"author":[{"embeddable":true,"href":"http:\/\/cordobadirecto.com\/index.php\/wp-json\/wp\/v2\/users\/1"}],"replies":[{"embeddable":true,"href":"http:\/\/cordobadirecto.com\/index.php\/wp-json\/wp\/v2\/comments?post=175592"}],"version-history":[{"count":0,"href":"http:\/\/cordobadirecto.com\/index.php\/wp-json\/wp\/v2\/posts\/175592\/revisions"}],"wp:featuredmedia":[{"embeddable":true,"href":"http:\/\/cordobadirecto.com\/index.php\/wp-json\/wp\/v2\/media\/175593"}],"wp:attachment":[{"href":"http:\/\/cordobadirecto.com\/index.php\/wp-json\/wp\/v2\/media?parent=175592"}],"wp:term":[{"taxonomy":"category","embeddable":true,"href":"http:\/\/cordobadirecto.com\/index.php\/wp-json\/wp\/v2\/categories?post=175592"},{"taxonomy":"post_tag","embeddable":true,"href":"http:\/\/cordobadirecto.com\/index.php\/wp-json\/wp\/v2\/tags?post=175592"}],"curies":[{"name":"wp","href":"https:\/\/api.w.org\/{rel}","templated":true}]}}