{"id":175599,"date":"2025-09-19T18:57:03","date_gmt":"2025-09-19T18:57:03","guid":{"rendered":"https:\/\/cordoba.gob.ar\/?p=81398"},"modified":"2025-09-19T18:57:03","modified_gmt":"2025-09-19T18:57:03","slug":"passerini-participo-del-125-aniversario-de-la-bolsa-de-comercio-de-cordoba","status":"publish","type":"post","link":"http:\/\/cordobadirecto.com\/index.php\/2025\/09\/19\/passerini-participo-del-125-aniversario-de-la-bolsa-de-comercio-de-cordoba\/","title":{"rendered":"Passerini particip\u00f3 del 125 aniversario de la Bolsa de Comercio de C\u00f3rdoba"},"content":{"rendered":"<div><img src=\"http:\/\/cordobadirecto.com\/wp-content\/uploads\/2025\/09\/passerini-participo-del-125-aniversario-de-la-bolsa-de-comercio-de-cordoba.jpg\" class=\"ff-og-image-inserted\"><\/div>\n<p>El intendente Daniel Passerini particip\u00f3 de la celebraci\u00f3n por los 125 a\u00f1os de la fundaci\u00f3n de la Bolsa de Comercio de C\u00f3rdoba. El acto tuvo lugar en la sede central del organismo, ubicada en el Parque Empresarial Aeropuerto.<\/p>\n<p>\u201c<em>Hemos crecido y progresado juntos cuando nos atrevimos a ejecutar pol\u00edticas p\u00fablicas, simplificar tr\u00e1mites, transparentar, capacitar talento para las demandas reales de nuestro tiempo y nuestra matriz productiva, construir di\u00e1logo, escucharnos e institucionalizar el debate con mesas sectoriales<\/em>\u201d, expres\u00f3 Passerini en el estrado, en relaci\u00f3n al trabajo conjunto de la Municipalidad con la Bolsa de Comercio de C\u00f3rdoba.<\/p>\n<p>\u201c<em>Ah\u00ed donde hubo acuerdos hubo obras, donde hubo previsibilidad hubo inversiones, donde hubo respeto por la ley hubo trabajo de calidad. Hoy, en un mundo que se mueve a una velocidad vertiginosa, el progreso nos exige ir m\u00e1s all\u00e1 de las cifras: progresar es crear valor econ\u00f3mico, pero tambi\u00e9n valor social, cultural y respeto ambiental. Que esa confianza se derrame a toda la comunidad<\/em>\u201d, a\u00f1adi\u00f3.<\/p>\n<p>El acto cont\u00f3 con la presencia del presidente Javier Milei; el ministro de Gobierno de la Provincia, Manuel Calvo; el viceintendente Javier Pretto; el presidente de la Bolsa de Comercio de C\u00f3rdoba, Manuel Tagle; el presidente de la Fundaci\u00f3n Ecosur, Guido Sandleris; funcionarios y legisladores nacionales, provinciales y locales; y presidentes de c\u00e1maras empresarias.<\/p>\n<p>La Bolsa de Comercio de C\u00f3rdoba fue fundada el 5 de septiembre de 1900 con la finalidad de impulsar el desarrollo econ\u00f3mico regional, integrando a empresarios, comerciantes, productores agropecuarios y actores financieros. Actualmente, busca facilitar las operaciones comerciales, fortalecer el mercado de capitales y ampliar la interacci\u00f3n entre distintos sectores productivos.<\/p>\n","protected":false},"excerpt":{"rendered":"<p>El intendente Daniel Passerini particip\u00f3 de la celebraci\u00f3n por los 125 a\u00f1os de la fundaci\u00f3n de la Bolsa de Comercio de C\u00f3rdoba. El acto tuvo lugar en la sede central del organismo, ubicada en el Parque Empresarial Aeropuerto. \u201cHemos crecido y progresado juntos cuando nos atrevimos a ejecutar pol\u00edticas p\u00fablicas, simplificar tr\u00e1mites, transparentar, capacitar talento [&hellip;]<\/p>\n","protected":false},"author":1,"featured_media":175600,"comment_status":"closed","ping_status":"closed","sticky":false,"template":"","format":"standard","meta":[],"categories":[44],"tags":[],"_links":{"self":[{"href":"http:\/\/cordobadirecto.com\/index.php\/wp-json\/wp\/v2\/posts\/175599"}],"collection":[{"href":"http:\/\/cordobadirecto.com\/index.php\/wp-json\/wp\/v2\/posts"}],"about":[{"href":"http:\/\/cordobadirecto.com\/index.php\/wp-json\/wp\/v2\/types\/post"}],"author":[{"embeddable":true,"href":"http:\/\/cordobadirecto.com\/index.php\/wp-json\/wp\/v2\/users\/1"}],"replies":[{"embeddable":true,"href":"http:\/\/cordobadirecto.com\/index.php\/wp-json\/wp\/v2\/comments?post=175599"}],"version-history":[{"count":0,"href":"http:\/\/cordobadirecto.com\/index.php\/wp-json\/wp\/v2\/posts\/175599\/revisions"}],"wp:featuredmedia":[{"embeddable":true,"href":"http:\/\/cordobadirecto.com\/index.php\/wp-json\/wp\/v2\/media\/175600"}],"wp:attachment":[{"href":"http:\/\/cordobadirecto.com\/index.php\/wp-json\/wp\/v2\/media?parent=175599"}],"wp:term":[{"taxonomy":"category","embeddable":true,"href":"http:\/\/cordobadirecto.com\/index.php\/wp-json\/wp\/v2\/categories?post=175599"},{"taxonomy":"post_tag","embeddable":true,"href":"http:\/\/cordobadirecto.com\/index.php\/wp-json\/wp\/v2\/tags?post=175599"}],"curies":[{"name":"wp","href":"https:\/\/api.w.org\/{rel}","templated":true}]}}