{"id":175601,"date":"2025-09-19T18:34:56","date_gmt":"2025-09-19T18:34:56","guid":{"rendered":"https:\/\/cordoba.gob.ar\/?p=81258"},"modified":"2025-09-19T18:34:56","modified_gmt":"2025-09-19T18:34:56","slug":"sabado-de-gala-la-banda-sinfonica-municipal-actua-en-el-teatro-comedia","status":"publish","type":"post","link":"http:\/\/cordobadirecto.com\/index.php\/2025\/09\/19\/sabado-de-gala-la-banda-sinfonica-municipal-actua-en-el-teatro-comedia\/","title":{"rendered":"S\u00e1bado de gala: la Banda Sinf\u00f3nica Municipal act\u00faa en el Teatro Comedia"},"content":{"rendered":"<div><img src=\"http:\/\/cordobadirecto.com\/wp-content\/uploads\/2025\/09\/sabado-de-gala-la-banda-sinfonica-municipal-actua-en-el-teatro-comedia.jpg\" class=\"ff-og-image-inserted\"><\/div>\n<ul>\n<li data-prosemirror-content-type=\"node\" data-prosemirror-node-name=\"paragraph\" data-prosemirror-node-block=\"true\"><strong>Es con entrada gratuita y los tickets se retiran desde una hora antes en las boleter\u00edas de Rivadavia 254.<\/strong><\/li>\n<li data-prosemirror-content-type=\"node\" data-prosemirror-node-name=\"paragraph\" data-prosemirror-node-block=\"true\"><strong>El cuerpo municipal ofrecer\u00e1 varias novedades y tendr\u00e1 invitados especiales.<\/strong><\/li>\n<\/ul>\n<hr>\n<p data-prosemirror-content-type=\"node\" data-prosemirror-node-name=\"paragraph\" data-prosemirror-node-block=\"true\">Este s\u00e1bado act\u00faa la Banda Sinf\u00f3nica Municipal, desde las 20:00 en el Teatro Comedia (Rivadavia 254). El ingreso es gratuito y las entradas pueden retirarse desde una hora antes en las boleter\u00edas de la sala municipal. Una funci\u00f3n de gala ideal para palpitar la llegada de la primavera.<\/p>\n<p data-prosemirror-content-type=\"node\" data-prosemirror-node-name=\"paragraph\" data-prosemirror-node-block=\"true\">El concierto se denomina \u201cImpresiones en el Camino\u201d y promete varios estrenos. Entre ellos se encuentran los arreglos que realiz\u00f3 Nicol\u00e1s Mazza para \u201cA mi vieja\u201d, autor\u00eda de Daniel Mazza. Tambi\u00e9n se podr\u00e1n apreciar los arreglos que desarroll\u00f3 Lucas Gordillo para el tema \u201cLe Grand Tango\u201d del recordado Astor Piazzolla.<\/p>\n<p data-prosemirror-content-type=\"node\" data-prosemirror-node-name=\"paragraph\" data-prosemirror-node-block=\"true\">Del espect\u00e1culo, que tendr\u00e1 lugar en el Comedia, tambi\u00e9n participar\u00e1n los j\u00f3venes solistas de la Tecnicatura de la Universidad Provincial de C\u00f3rdoba y el solista en viola Arturo Ib\u00e1\u00f1ez, entre varios invitados especiales para la jornada.<\/p>\n<p data-prosemirror-content-type=\"node\" data-prosemirror-node-name=\"paragraph\" data-prosemirror-node-block=\"true\">El cuerpo musical es dirigido por Pablo Almada desde hace seis a\u00f1os, y cuenta con aproximadamente 50 integrantes. Si bien sus actuaciones se focalizan principalmente en la ciudad de C\u00f3rdoba, tambi\u00e9n recorre el interior provincial. Al respecto, Almada adelant\u00f3 que el 26 del corriente mes actuar\u00e1n en la ciudad de R\u00edo Segundo.<\/p>\n<p data-prosemirror-content-type=\"node\" data-prosemirror-node-name=\"paragraph\" data-prosemirror-node-block=\"true\"><strong data-prosemirror-content-type=\"mark\" data-prosemirror-mark-name=\"strong\">Banda Sinf\u00f3nica Municipal<\/strong><\/p>\n<p data-prosemirror-content-type=\"node\" data-prosemirror-node-name=\"paragraph\" data-prosemirror-node-block=\"true\">El grupo desarrolla una intensa actividad desde 1994. Interpreta una amplia variedad de estilos musicales. La m\u00fasica cl\u00e1sica, el jazz, m\u00fasica de pel\u00edculas, el folklore nacional y el sonido latinoamericano aparecen en sus ciclos de conciertos.<\/p>\n<p data-prosemirror-content-type=\"node\" data-prosemirror-node-name=\"paragraph\" data-prosemirror-node-block=\"true\">Su recorrido incluye actuaciones en espacios p\u00fablicos como centros culturales, centros de participaci\u00f3n comunal, centros vecinales, teatros, auditorios e iglesias.<\/p>\n<p data-prosemirror-content-type=\"node\" data-prosemirror-node-name=\"paragraph\" data-prosemirror-node-block=\"true\">Simult\u00e1neamente lleva adelante una actividad pedag\u00f3gica y educativa, con actividades did\u00e1cticas en escuelas municipales y otros colegios de la capital y del interior provincial.<\/p>\n<p data-prosemirror-content-type=\"node\" data-prosemirror-node-name=\"paragraph\" data-prosemirror-node-block=\"true\">Pablo Almada, su director, es trombonista y tambi\u00e9n ejecuta la viola. Empez\u00f3 a dirigir bandas desde chico y comenz\u00f3 a especializarse en proyectos sinf\u00f3nicos sociales y educativos.<\/p>\n","protected":false},"excerpt":{"rendered":"<p>Es con entrada gratuita y los tickets se retiran desde una hora antes en las boleter\u00edas de Rivadavia 254. El cuerpo municipal ofrecer\u00e1 varias novedades y tendr\u00e1 invitados especiales. Este s\u00e1bado act\u00faa la Banda Sinf\u00f3nica Municipal, desde las 20:00 en el Teatro Comedia (Rivadavia 254). El ingreso es gratuito y las entradas pueden retirarse desde [&hellip;]<\/p>\n","protected":false},"author":1,"featured_media":175602,"comment_status":"closed","ping_status":"closed","sticky":false,"template":"","format":"standard","meta":[],"categories":[44],"tags":[],"_links":{"self":[{"href":"http:\/\/cordobadirecto.com\/index.php\/wp-json\/wp\/v2\/posts\/175601"}],"collection":[{"href":"http:\/\/cordobadirecto.com\/index.php\/wp-json\/wp\/v2\/posts"}],"about":[{"href":"http:\/\/cordobadirecto.com\/index.php\/wp-json\/wp\/v2\/types\/post"}],"author":[{"embeddable":true,"href":"http:\/\/cordobadirecto.com\/index.php\/wp-json\/wp\/v2\/users\/1"}],"replies":[{"embeddable":true,"href":"http:\/\/cordobadirecto.com\/index.php\/wp-json\/wp\/v2\/comments?post=175601"}],"version-history":[{"count":0,"href":"http:\/\/cordobadirecto.com\/index.php\/wp-json\/wp\/v2\/posts\/175601\/revisions"}],"wp:featuredmedia":[{"embeddable":true,"href":"http:\/\/cordobadirecto.com\/index.php\/wp-json\/wp\/v2\/media\/175602"}],"wp:attachment":[{"href":"http:\/\/cordobadirecto.com\/index.php\/wp-json\/wp\/v2\/media?parent=175601"}],"wp:term":[{"taxonomy":"category","embeddable":true,"href":"http:\/\/cordobadirecto.com\/index.php\/wp-json\/wp\/v2\/categories?post=175601"},{"taxonomy":"post_tag","embeddable":true,"href":"http:\/\/cordobadirecto.com\/index.php\/wp-json\/wp\/v2\/tags?post=175601"}],"curies":[{"name":"wp","href":"https:\/\/api.w.org\/{rel}","templated":true}]}}