{"id":175607,"date":"2025-09-21T21:03:11","date_gmt":"2025-09-21T21:03:11","guid":{"rendered":"http:\/\/cordobadirecto.com\/index.php\/2025\/09\/21\/alerta-para-milei-su-imagen-positiva-toco-nuevo-piso-del-39-tendencia-de-noticias\/"},"modified":"2025-09-21T21:03:11","modified_gmt":"2025-09-21T21:03:11","slug":"alerta-para-milei-su-imagen-positiva-toco-nuevo-piso-del-39-tendencia-de-noticias","status":"publish","type":"post","link":"http:\/\/cordobadirecto.com\/index.php\/2025\/09\/21\/alerta-para-milei-su-imagen-positiva-toco-nuevo-piso-del-39-tendencia-de-noticias\/","title":{"rendered":"Alerta para Milei: su imagen positiva toc\u00f3 <b>nuevo<\/b> piso del 39% &#8211; Tendencia de Noticias"},"content":{"rendered":"<p>Un punto clave de esta ca\u00edda es el derrumbe catastr\u00f3fico de las expectativas econ\u00f3micas: apenas el 27,5 por ciento de los ciudadanos cree que la&nbsp;&#8230; <\/p>\n","protected":false},"excerpt":{"rendered":"<p>Un punto clave de esta ca\u00edda es el derrumbe catastr\u00f3fico de las expectativas econ\u00f3micas: apenas el 27,5 por ciento de los ciudadanos cree que la&nbsp;&#8230;<\/p>\n","protected":false},"author":1,"featured_media":0,"comment_status":"closed","ping_status":"closed","sticky":false,"template":"","format":"standard","meta":[],"categories":[40],"tags":[],"_links":{"self":[{"href":"http:\/\/cordobadirecto.com\/index.php\/wp-json\/wp\/v2\/posts\/175607"}],"collection":[{"href":"http:\/\/cordobadirecto.com\/index.php\/wp-json\/wp\/v2\/posts"}],"about":[{"href":"http:\/\/cordobadirecto.com\/index.php\/wp-json\/wp\/v2\/types\/post"}],"author":[{"embeddable":true,"href":"http:\/\/cordobadirecto.com\/index.php\/wp-json\/wp\/v2\/users\/1"}],"replies":[{"embeddable":true,"href":"http:\/\/cordobadirecto.com\/index.php\/wp-json\/wp\/v2\/comments?post=175607"}],"version-history":[{"count":0,"href":"http:\/\/cordobadirecto.com\/index.php\/wp-json\/wp\/v2\/posts\/175607\/revisions"}],"wp:attachment":[{"href":"http:\/\/cordobadirecto.com\/index.php\/wp-json\/wp\/v2\/media?parent=175607"}],"wp:term":[{"taxonomy":"category","embeddable":true,"href":"http:\/\/cordobadirecto.com\/index.php\/wp-json\/wp\/v2\/categories?post=175607"},{"taxonomy":"post_tag","embeddable":true,"href":"http:\/\/cordobadirecto.com\/index.php\/wp-json\/wp\/v2\/tags?post=175607"}],"curies":[{"name":"wp","href":"https:\/\/api.w.org\/{rel}","templated":true}]}}