{"id":175668,"date":"2025-09-22T19:26:57","date_gmt":"2025-09-22T19:26:57","guid":{"rendered":"https:\/\/cordoba.gob.ar\/?p=81454"},"modified":"2025-09-22T19:26:57","modified_gmt":"2025-09-22T19:26:57","slug":"manana-las-charlas-ambientales-llegaran-a-los-cpc-de-colon-y-guinazu","status":"publish","type":"post","link":"http:\/\/cordobadirecto.com\/index.php\/2025\/09\/22\/manana-las-charlas-ambientales-llegaran-a-los-cpc-de-colon-y-guinazu\/","title":{"rendered":"Ma\u00f1ana las charlas ambientales llegar\u00e1n a los CPC de Col\u00f3n y Gui\u00f1az\u00fa"},"content":{"rendered":"<div><img src=\"http:\/\/cordobadirecto.com\/wp-content\/uploads\/2025\/09\/manana-las-charlas-ambientales-llegaran-a-los-cpc-de-colon-y-guinazu.jpg\" class=\"ff-og-image-inserted\"><\/div>\n<ul>\n<li data-prosemirror-content-type=\"node\" data-prosemirror-node-name=\"paragraph\" data-prosemirror-node-block=\"true\"><strong><strong>Comenzar\u00e1n a las 16:00 horas, de forma libre y gratuita para todos los vecinos.<\/strong><\/strong><br \/>\n<hr>\n<\/li>\n<\/ul>\n<p data-prosemirror-content-type=\"node\" data-prosemirror-node-name=\"paragraph\" data-prosemirror-node-block=\"true\">Los vecinos y vecinas de las jurisdicciones de los CPC Col\u00f3n y Gui\u00f1az\u00fa tendr\u00e1n este martes una charla ambiental en sus barrios, en el marco del programa \u201cAmbientando: creando comunidad ambiental en los CPC\u201d.<\/p>\n<p data-prosemirror-content-type=\"node\" data-prosemirror-node-name=\"paragraph\" data-prosemirror-node-block=\"true\">Ambas tendr\u00e1n lugar en las sedes de cada CPC, a donde los oyentes podr\u00e1n asistir de manera libre y gratuita a partir de las 16:00.<\/p>\n<p data-prosemirror-content-type=\"node\" data-prosemirror-node-name=\"paragraph\" data-prosemirror-node-block=\"true\">Podr\u00e1n aprovechar la visita adem\u00e1s para realizar los tr\u00e1mites habituales de Registro Civil, carnet de conducir, recursos tributarios y obras p\u00fablicas, entre otros, hasta las 18:00.<\/p>\n<p data-prosemirror-content-type=\"node\" data-prosemirror-node-name=\"paragraph\" data-prosemirror-node-block=\"true\">Tambi\u00e9n atender\u00e1n en horario extendido de 8:00 a 18:00 los CPC de Jard\u00edn y Pueyrred\u00f3n. Los cuatro CPC mencionados abrir\u00e1n de lunes a viernes en este horario y de 8:00 a 14:00 el s\u00e1bado.<\/p>\n<p data-prosemirror-content-type=\"node\" data-prosemirror-node-name=\"paragraph\" data-prosemirror-node-block=\"true\"><strong data-prosemirror-content-type=\"mark\" data-prosemirror-mark-name=\"strong\">Qu\u00e9 otras propuestas ofrecer\u00e1n esta semana estos CPC<\/strong><\/p>\n<p data-prosemirror-content-type=\"node\" data-prosemirror-node-name=\"paragraph\" data-prosemirror-node-block=\"true\">El mismo martes 23, pero de 9:00 a 12:00, habr\u00e1 una jornada de testeos de Infecciones de Transmisi\u00f3n Sexual \u201cMejor es saber\u201d en la sede del CPC Gui\u00f1az\u00fa.<\/p>\n<p data-prosemirror-content-type=\"node\" data-prosemirror-node-name=\"paragraph\" data-prosemirror-node-block=\"true\">Por otra parte, el viernes 26, de 9:30 a 12:30, el CPC Col\u00f3n organizar\u00e1 una jornada de vacunaci\u00f3n antirr\u00e1bica gratuita en el Centro Vecinal de barrio Obrero, ubicado en Haedo 403. Se pueden llevar perros y gatos a partir de tres meses con bolsa de red o transportadora.<\/p>\n","protected":false},"excerpt":{"rendered":"<p>Comenzar\u00e1n a las 16:00 horas, de forma libre y gratuita para todos los vecinos. Los vecinos y vecinas de las jurisdicciones de los CPC Col\u00f3n y Gui\u00f1az\u00fa tendr\u00e1n este martes una charla ambiental en sus barrios, en el marco del programa \u201cAmbientando: creando comunidad ambiental en los CPC\u201d. Ambas tendr\u00e1n lugar en las sedes de [&hellip;]<\/p>\n","protected":false},"author":1,"featured_media":175669,"comment_status":"closed","ping_status":"closed","sticky":false,"template":"","format":"standard","meta":[],"categories":[44],"tags":[],"_links":{"self":[{"href":"http:\/\/cordobadirecto.com\/index.php\/wp-json\/wp\/v2\/posts\/175668"}],"collection":[{"href":"http:\/\/cordobadirecto.com\/index.php\/wp-json\/wp\/v2\/posts"}],"about":[{"href":"http:\/\/cordobadirecto.com\/index.php\/wp-json\/wp\/v2\/types\/post"}],"author":[{"embeddable":true,"href":"http:\/\/cordobadirecto.com\/index.php\/wp-json\/wp\/v2\/users\/1"}],"replies":[{"embeddable":true,"href":"http:\/\/cordobadirecto.com\/index.php\/wp-json\/wp\/v2\/comments?post=175668"}],"version-history":[{"count":0,"href":"http:\/\/cordobadirecto.com\/index.php\/wp-json\/wp\/v2\/posts\/175668\/revisions"}],"wp:featuredmedia":[{"embeddable":true,"href":"http:\/\/cordobadirecto.com\/index.php\/wp-json\/wp\/v2\/media\/175669"}],"wp:attachment":[{"href":"http:\/\/cordobadirecto.com\/index.php\/wp-json\/wp\/v2\/media?parent=175668"}],"wp:term":[{"taxonomy":"category","embeddable":true,"href":"http:\/\/cordobadirecto.com\/index.php\/wp-json\/wp\/v2\/categories?post=175668"},{"taxonomy":"post_tag","embeddable":true,"href":"http:\/\/cordobadirecto.com\/index.php\/wp-json\/wp\/v2\/tags?post=175668"}],"curies":[{"name":"wp","href":"https:\/\/api.w.org\/{rel}","templated":true}]}}