{"id":175672,"date":"2025-09-22T20:34:25","date_gmt":"2025-09-22T20:34:25","guid":{"rendered":"http:\/\/cordobadirecto.com\/index.php\/2025\/09\/22\/emanuel-alvarez-agis-estamos-yendo-un-poco-mas-abajo-del-fondo-del-tacho-cba24n\/"},"modified":"2025-09-22T20:34:25","modified_gmt":"2025-09-22T20:34:25","slug":"emanuel-alvarez-agis-estamos-yendo-un-poco-mas-abajo-del-fondo-del-tacho-cba24n","status":"publish","type":"post","link":"http:\/\/cordobadirecto.com\/index.php\/2025\/09\/22\/emanuel-alvarez-agis-estamos-yendo-un-poco-mas-abajo-del-fondo-del-tacho-cba24n\/","title":{"rendered":"Emanuel \u00c1lvarez Ag\u00eds: \u201cEstamos yendo un poco m\u00e1s abajo del fondo del tacho\u201d &#8211; Cba24n"},"content":{"rendered":"<p>El economista volvi\u00f3 a ponderar lo grave de la situaci\u00f3n <b>econ\u00f3mica<\/b> y el deterioro que significa depender de una <b>nueva<\/b> ayuda externa, esta vez del&nbsp;&#8230; <\/p>\n","protected":false},"excerpt":{"rendered":"<p>El economista volvi\u00f3 a ponderar lo grave de la situaci\u00f3n econ\u00f3mica y el deterioro que significa depender de una nueva ayuda externa, esta vez del&nbsp;&#8230;<\/p>\n","protected":false},"author":1,"featured_media":0,"comment_status":"closed","ping_status":"closed","sticky":false,"template":"","format":"standard","meta":[],"categories":[40],"tags":[],"_links":{"self":[{"href":"http:\/\/cordobadirecto.com\/index.php\/wp-json\/wp\/v2\/posts\/175672"}],"collection":[{"href":"http:\/\/cordobadirecto.com\/index.php\/wp-json\/wp\/v2\/posts"}],"about":[{"href":"http:\/\/cordobadirecto.com\/index.php\/wp-json\/wp\/v2\/types\/post"}],"author":[{"embeddable":true,"href":"http:\/\/cordobadirecto.com\/index.php\/wp-json\/wp\/v2\/users\/1"}],"replies":[{"embeddable":true,"href":"http:\/\/cordobadirecto.com\/index.php\/wp-json\/wp\/v2\/comments?post=175672"}],"version-history":[{"count":0,"href":"http:\/\/cordobadirecto.com\/index.php\/wp-json\/wp\/v2\/posts\/175672\/revisions"}],"wp:attachment":[{"href":"http:\/\/cordobadirecto.com\/index.php\/wp-json\/wp\/v2\/media?parent=175672"}],"wp:term":[{"taxonomy":"category","embeddable":true,"href":"http:\/\/cordobadirecto.com\/index.php\/wp-json\/wp\/v2\/categories?post=175672"},{"taxonomy":"post_tag","embeddable":true,"href":"http:\/\/cordobadirecto.com\/index.php\/wp-json\/wp\/v2\/tags?post=175672"}],"curies":[{"name":"wp","href":"https:\/\/api.w.org\/{rel}","templated":true}]}}