{"id":17570,"date":"2021-09-08T18:42:00","date_gmt":"2021-09-08T18:42:00","guid":{"rendered":"https:\/\/lmdiario.com.ar\/contenido\/306612\/vuelve-bada-la-primera-feria-del-ano-en-forma-presencial-en-la-rural"},"modified":"2021-09-08T18:42:00","modified_gmt":"2021-09-08T18:42:00","slug":"vuelve-bada-la-primera-feria-del-ano-en-forma-presencial-en-la-rural","status":"publish","type":"post","link":"http:\/\/cordobadirecto.com\/index.php\/2021\/09\/08\/vuelve-bada-la-primera-feria-del-ano-en-forma-presencial-en-la-rural\/","title":{"rendered":"Vuelve BADA: la primera feria del a\u00f1o en forma presencial en La Rural"},"content":{"rendered":"<p><strong>Vuelve el arte a la Ciudad de Buenos Aires, luego de casi dos a\u00f1os sin la posibilidad de que el arte se vincule con el p\u00fablico, BADA-BUENOS AIRES DIRECTO DE ARTISTA.<\/strong><\/p>\n<p>El evento tiene confirmada la fecha de su 9 \u00aa edici\u00f3n que &nbsp;se realizar\u00e1 &nbsp;del 14 al 17 de octubre en La Rural Predio Ferial de Buenos Aires (Av. Sarmiento 2704 \u2013 CABA). &nbsp;<\/p>\n<p>Luego de la Crisis Sanitaria, ser\u00e1 la primera gran feria que devuelva la movida cultural a la ciudad en forma presencial. El arte sana y da esperanza, emociones que el p\u00fablico est\u00e1 necesitando. <strong>Abrir\u00e1 sus puertas garantizando todos los protocolos sanitarios, con una ampliaci\u00f3n de la superficie original de 8.000 a 18.000 metros cuadrados para asegurarles al p\u00fablico y a los artistas el perfecto desarrollo de la feria<\/strong>.&nbsp;<\/p>\n<p>Unos 250 artistas consagrados y emergentes, esperan ansiosos ese encuentro directo con el p\u00fablico. En el lugar se podr\u00e1n disfrutar <strong>obras de pintura, dibujo, escultura, textiles, fotograf\u00eda, collage, instalaciones, arte digital, mosaiquismo, muralismo, tatuaje, y Street Art<\/strong>.<\/p>\n<p><img loading=\"lazy\" alt=\"bada 1\" class=\"img-responsive lazyload\" data-src=\"http:\/\/cordobadirecto.com\/wp-content\/uploads\/2021\/09\/vuelve-bada-la-primera-feria-del-ano-en-forma-presencial-en-la-rural.jpg\" data-srcset=\"\/download\/multimedia.normal.af1f5c3bcdceb465.6261646120315f6e6f726d616c2e6a706567.jpeg 1000w, \/download\/multimedia.miniatura.a4cb453d749afb67.6261646120315f6d696e6961747572612e6a706567.jpeg 400w\" height=\"666\" src=\"data:,\" width=\"1000\"><\/p>\n<p>La directora de BADA, Ana Spinetto, reflexion\u00f3: \u201cMi objetivo siempre fue derribar los mitos que se fueron construyendo en el mercado del arte y alejaron a las personas de la posibilidad de adquirir una obra original y de relacionarse directamente con los artistas. De repente, <strong>el arte se hab\u00eda convertido en algo snob, elitista, caro, inaccesible y distante. <\/strong>Se cre\u00eda que nadie pod\u00eda hablar con los artistas porque eran seres muy raros; parec\u00eda que necesit\u00e1bamos que otros nos dijeran qu\u00e9 nos gustaba y qu\u00e9 ten\u00edamos que comprar. Incluso que nuestros presupuestos nunca iban a estar a la altura de una obra. El mercado del arte, entonces, fue alejando a los artistas del p\u00fablico, haci\u00e9ndonos creer que sus obras eran inaccesibles y dif\u00edciles de comprender. Para m\u00ed, el arte es algo que llega al alma. No tiene explicaci\u00f3n, mucho menos una racional. No es necesario saber de arte para enamorarse de una obra y querer compartir tu vida con ella para que alegre tus d\u00edas. <strong>El arte nos acerca y nos conmueve. Nos emociona, nos muestra lo bello y lo tr\u00e1gico de la vida. Es tan simple como universal\u201d.<\/strong><\/p>\n<p>BADA se convirti\u00f3 en una plataforma que brinda soporte comercial a los artistas. Adem\u00e1s de la feria, ha desarrollado Capacitaciones BADA, con diferentes cursos que proveen de herramientas para &nbsp;poder vivir del arte, en &nbsp;Marketing y Comunicaci\u00f3n &nbsp;dirigidos especialmente para artistas pl\u00e1sticos.&nbsp;<\/p>\n<p>Desde hace 2 a\u00f1os siguiendo con el concepto &nbsp;de la feria, los artistas tienen la posibilidad de difundir y vender sus obras en forma directa, los 365 d\u00edas del a\u00f1o, desde su plataforma online BADA SHOP <a href=\"http:\/\/www.shop.bada.com.ar\" rel=\"noopener\" target=\"_blank\">www.shop.bada.com.ar<\/a>, m\u00e1s de 100 artistas seleccionados a tan solo un click.&nbsp;<\/p>\n<p>Para m\u00e1s informaci\u00f3n visite: www.bada.com.ar &nbsp;<br \/>www.facebook.com\/directodeartista<br \/>Instagram: @bada_oficial<br \/>Twitter: @bada_oficial<\/p>\n<p class=\"embed-responsive embed-responsive-16by9\" contenteditable=\"false\"><iframe allowfullscreen=\"allowfullscreen\" class=\"embed-responsive-item\" height=\"300\" loading=\"lazy\" src=\"https:\/\/www.youtube.com\/embed\/tJcEx3RGP84\" width=\"500\">[embedded content]<\/iframe><\/p>\n","protected":false},"excerpt":{"rendered":"<p>Vuelve el arte a la Ciudad de Buenos Aires, luego de casi dos a\u00f1os sin la posibilidad de que el arte se vincule con el p\u00fablico, BADA-BUENOS AIRES DIRECTO DE ARTISTA. El evento tiene confirmada la fecha de su 9 \u00aa edici\u00f3n que &nbsp;se realizar\u00e1 &nbsp;del 14 al 17 de octubre en La Rural Predio [&hellip;]<\/p>\n","protected":false},"author":1,"featured_media":17571,"comment_status":"closed","ping_status":"closed","sticky":false,"template":"","format":"standard","meta":[],"categories":[20],"tags":[],"_links":{"self":[{"href":"http:\/\/cordobadirecto.com\/index.php\/wp-json\/wp\/v2\/posts\/17570"}],"collection":[{"href":"http:\/\/cordobadirecto.com\/index.php\/wp-json\/wp\/v2\/posts"}],"about":[{"href":"http:\/\/cordobadirecto.com\/index.php\/wp-json\/wp\/v2\/types\/post"}],"author":[{"embeddable":true,"href":"http:\/\/cordobadirecto.com\/index.php\/wp-json\/wp\/v2\/users\/1"}],"replies":[{"embeddable":true,"href":"http:\/\/cordobadirecto.com\/index.php\/wp-json\/wp\/v2\/comments?post=17570"}],"version-history":[{"count":0,"href":"http:\/\/cordobadirecto.com\/index.php\/wp-json\/wp\/v2\/posts\/17570\/revisions"}],"wp:featuredmedia":[{"embeddable":true,"href":"http:\/\/cordobadirecto.com\/index.php\/wp-json\/wp\/v2\/media\/17571"}],"wp:attachment":[{"href":"http:\/\/cordobadirecto.com\/index.php\/wp-json\/wp\/v2\/media?parent=17570"}],"wp:term":[{"taxonomy":"category","embeddable":true,"href":"http:\/\/cordobadirecto.com\/index.php\/wp-json\/wp\/v2\/categories?post=17570"},{"taxonomy":"post_tag","embeddable":true,"href":"http:\/\/cordobadirecto.com\/index.php\/wp-json\/wp\/v2\/tags?post=17570"}],"curies":[{"name":"wp","href":"https:\/\/api.w.org\/{rel}","templated":true}]}}