{"id":175718,"date":"2025-09-22T22:26:24","date_gmt":"2025-09-22T22:26:24","guid":{"rendered":"https:\/\/www.ole.com.ar\/autos\/valentin-perrone-moto3-2026-tech3-nuevo-companero_0_F9ALgLrDy5.html"},"modified":"2025-09-22T22:26:24","modified_gmt":"2025-09-22T22:26:24","slug":"valentin-perrone-seguira-en-moto3-en-2026-y-lo-hara-con-un-nuevo-companero","status":"publish","type":"post","link":"http:\/\/cordobadirecto.com\/index.php\/2025\/09\/22\/valentin-perrone-seguira-en-moto3-en-2026-y-lo-hara-con-un-nuevo-companero\/","title":{"rendered":"Valent\u00edn Perrone seguir\u00e1 en Moto3 en 2026 y lo har\u00e1 con un nuevo compa\u00f1ero"},"content":{"rendered":"<p><time class=\"createDate\" datetime=\"2025-09-22T19:26:24-03:00\">22\/09\/2025 19:26hs.<\/time><\/p>\n<div id=\"storyBody\">\n<div class=\"custom-text \" readability=\"37.924528301887\">\n<p>Mientras se prepara para la fecha en Motegi, Jap\u00f3n, el <strong>Tech3 <\/strong>dio a conocer su alineaci\u00f3n para la temporada siguiente de <strong><a href=\"https:\/\/www.ole.com.ar\/tema\/moto3.html\" title=\"Moto3\" alt=\"Moto3\" class=\"slug\">Moto3<\/a><\/strong>. Aunque era un hecho, porque su producci\u00f3n hab\u00eda sido muy buena y su contrato era multianual, <strong>se reafirm\u00f3 a <a href=\"https:\/\/www.ole.com.ar\/tema\/valentin-perrone.html\" title=\"valentin perrone\" alt=\"valentin perrone\" class=\"slug\">Valent\u00edn Perrone<\/a> en su KTM<\/strong>. La novedad m\u00e1s grande estar\u00e1 en la otra moto, que dejar\u00e1 de ser ocupada por el australiano Jacob Roulstone y pasar\u00e1 a manos del finland\u00e9s Rico Salmela.<\/p>\n<\/div>\n<div class=\"custom-text \" readability=\"42\">\n<p>En las fotograf\u00edas institucionales, el Coyote pos\u00f3 con su pr\u00f3ximo coequiper y con el jefe de la estructura, <strong>Herv\u00e9 Poncheral, quien remarc\u00f3 la importancia de seguir contando con \u00e9l y alz\u00f3 la vara<\/strong>: \u201cHabr\u00e1 una joven dupla finlandesa-argentina, emocionante y bastante inusual&#8230; Estoy seguro de que ambos se apoyar\u00e1n mucho mutuamente, y Rico tendr\u00e1 un gran ejemplo en su nuevo compa\u00f1ero de equipo,<strong> quien est\u00e1 teniendo una fant\u00e1stica temporada de debut este a\u00f1o, y se espera que luche por el campeonato en 2026<\/strong>\u201d.<\/p>\n<\/div>\n<div class=\"sc-e7b891c4-0 ifHnQL image-embed\"><img alt=\"Rico Salmela y Valent\u00edn Perrone. Poncheral dijo que el finland\u00e9s tendr\u00e1 que aprender del Coyote. (Prensa Tech3)\" loading=\"lazy\" width=\"720\" height=\"100\" decoding=\"async\" data-nimg=\"1\" src=\"http:\/\/cordobadirecto.com\/wp-content\/uploads\/2025\/09\/valentin-perrone-seguira-en-moto3-en-2026-y-lo-hara-con-un-nuevo-companero.jpg\"><span class=\"epigraphe\">Rico Salmela y Valent\u00edn Perrone. Poncheral dijo que el finland\u00e9s tendr\u00e1 que aprender del Coyote. (Prensa Tech3)<\/span><\/div>\n<div class=\"custom-text \" readability=\"36.033755274262\">\n<p>La buena onda es mutua. Hace poco m\u00e1s de dos meses, tras su primer podio, <a href=\"https:\/\/www.ole.com.ar\/autos\/valentin-perrone-ole-moto3-podio-assen-champagne-ganar-carrera_0_PkLHYPIslK.html\" target=\"_self\" title=\"el pibe charl\u00f3 con Ol\u00e9 y habl\u00f3 sobre Poncheral\" alt=\"el pibe charl\u00f3 con Ol\u00e9 y habl\u00f3 sobre Poncheral\" rel=\"noopener\">el pibe charl\u00f3 con <\/a><strong><a href=\"https:\/\/www.ole.com.ar\/autos\/valentin-perrone-ole-moto3-podio-assen-champagne-ganar-carrera_0_PkLHYPIslK.html\" target=\"_self\" title=\"el pibe charl\u00f3 con Ol\u00e9 y habl\u00f3 sobre Poncheral\" alt=\"el pibe charl\u00f3 con Ol\u00e9 y habl\u00f3 sobre Poncheral\" rel=\"noopener\">Ol\u00e9 <\/a><\/strong><a href=\"https:\/\/www.ole.com.ar\/autos\/valentin-perrone-ole-moto3-podio-assen-champagne-ganar-carrera_0_PkLHYPIslK.html\" target=\"_self\" title=\"el pibe charl\u00f3 con Ol\u00e9 y habl\u00f3 sobre Poncheral\" alt=\"el pibe charl\u00f3 con Ol\u00e9 y habl\u00f3 sobre Poncheral\" rel=\"noopener\">y opin\u00f3 sobre Poncheral<\/a>: &#8220;Es una persona incre\u00edble y estoy s\u00faper agradecido con \u00e9l porque, no s\u00e9 si se puede decir o no, <strong>pero tuvo los huevos para decir &#8216;vamos con este piloto&#8217;<\/strong>. Confi\u00f3 en m\u00ed desde el principio, por lo que en todas las entrevistas dije que el podio iba dedicado a \u00e9l por haber confiado en m\u00ed. Estoy muy contento de poder formar parte de su familia&#8221;.<\/p>\n<\/div>\n<div class=\"custom-text \" readability=\"39\">\n<p><strong>Con dos podios (2\u00b0 en Balaton Park y 3\u00b0 en Assen) y dos pole positions<\/strong>, Perrone promete ir por m\u00e1s incluso esta temporada, que lo tiene ubicado en el 8\u00b0 puesto con 108 unidades y con el deseo ferviente de <strong>terminar el a\u00f1o en el top 5<\/strong>, algo que defini\u00f3 como un &#8220;s\u00faper objetivo&#8221; en charla con este diario (y el top 10, como el m\u00e1s realista). <\/p>\n<\/div>\n<p><h2>Valent\u00edn Perrone no ser\u00e1 el \u00fanico argentino en Moto3<\/h2>\n<\/p>\n<div class=\"custom-text \" readability=\"43\">\n<p>Desde el pr\u00f3ximo a\u00f1o, otro argento se le sumar\u00e1 a tiempo completo -no como esta temporada, en la que corri\u00f3 algunas carreras-:<strong> Marco Morelli, quien representar\u00e1 al Aspar Team<\/strong>. Jorge Mart\u00ednez, due\u00f1o de la estructura y tetracampe\u00f3n del Mundial (gan\u00f3 tres t\u00edtulos en 80cc, categor\u00eda extinta, y uno en 125cc, actual Moto3), dijo sobre la contrataci\u00f3n del piloto de 18 a\u00f1os: <strong>&#8220;Es el momento perfecto para que haga su debut como piloto permanente en el Mundial&#8221;<\/strong>.<\/p>\n<\/div>\n<div class=\"sc-e7b891c4-0 ifHnQL image-embed\"><img alt=\"Marco Morelli fue presentado por Aspar Team de cara a la temporada 2026 de Moto3. (@asparteam)\" loading=\"lazy\" width=\"720\" height=\"100\" decoding=\"async\" data-nimg=\"1\" src=\"http:\/\/cordobadirecto.com\/wp-content\/uploads\/2025\/09\/valentin-perrone-seguira-en-moto3-en-2026-y-lo-hara-con-un-nuevo-companero-1.jpg\"><span class=\"epigraphe\">Marco Morelli fue presentado por Aspar Team de cara a la temporada 2026 de Moto3. (@asparteam)<\/span><\/div>\n<div class=\"sc-a7166897-0 eoLsBE\" readability=\"6.5\">\n<section readability=\"3\"><picture><img alt=\"El mensaje de Alpine que sepulta las aspiraciones de Franco Colapinto en la F\u00f3rmula 1 del 2025\" loading=\"lazy\" width=\"290\" height=\"290\" decoding=\"async\" data-nimg=\"1\" src=\"http:\/\/cordobadirecto.com\/wp-content\/uploads\/2025\/09\/valentin-perrone-seguira-en-moto3-en-2026-y-lo-hara-con-un-nuevo-companero-2.jpg\"><\/picture>\n<p><span>Mir\u00e1 tambi\u00e9n<\/span><\/p>\n<hr>\n<h3>El mensaje de Alpine que sepulta las aspiraciones de Franco Colapinto en la F\u00f3rmula 1 del 2025<\/h3>\n<\/p>\n<\/section>\n<\/div>\n<div class=\"sc-a7166897-0 eoLsBE\" readability=\"7\">\n<section readability=\"4\"><picture><img alt=\"La reacci\u00f3n de James Vowles, jefe de Williams, al choque entre Colapinto y Albon\" loading=\"lazy\" width=\"290\" height=\"290\" decoding=\"async\" data-nimg=\"1\" src=\"http:\/\/cordobadirecto.com\/wp-content\/uploads\/2025\/09\/valentin-perrone-seguira-en-moto3-en-2026-y-lo-hara-con-un-nuevo-companero-3.jpg\"><\/picture>\n<p><span>Mir\u00e1 tambi\u00e9n<\/span><\/p>\n<hr>\n<h3>La reacci\u00f3n de James Vowles, jefe de Williams, al choque entre Colapinto y Albon<\/h3>\n<\/p>\n<\/section>\n<\/div>\n<div class=\"sc-a7166897-0 eoLsBE\" readability=\"6\">\n<section readability=\"2\"><picture><img alt=\"Argentina tiene un nuevo campe\u00f3n: Mattia Colnaghi se consagr\u00f3 en el Eurocup-3\" loading=\"lazy\" width=\"290\" height=\"290\" decoding=\"async\" data-nimg=\"1\" src=\"http:\/\/cordobadirecto.com\/wp-content\/uploads\/2025\/09\/valentin-perrone-seguira-en-moto3-en-2026-y-lo-hara-con-un-nuevo-companero-4.jpg\"><\/picture>\n<p><span>Mir\u00e1 tambi\u00e9n<\/span><\/p>\n<hr>\n<h3>Argentina tiene un nuevo campe\u00f3n: Mattia Colnaghi se consagr\u00f3 en el Eurocup-3<\/h3>\n<\/p>\n<\/section>\n<\/div>\n<div class=\"sc-a7166897-0 eoLsBE\" readability=\"6.5\">\n<section readability=\"3\"><picture><img alt=\"Qu\u00e9 sanci\u00f3n recibi\u00f3 Alex Albon luego de tocar a Franco Colapinto en el Gran Premio de Azerbaiy\u00e1n\" loading=\"lazy\" width=\"290\" height=\"290\" decoding=\"async\" data-nimg=\"1\" src=\"http:\/\/cordobadirecto.com\/wp-content\/uploads\/2025\/09\/valentin-perrone-seguira-en-moto3-en-2026-y-lo-hara-con-un-nuevo-companero-5.jpg\"><\/picture>\n<p><span>Mir\u00e1 tambi\u00e9n<\/span><\/p>\n<hr>\n<h3>Qu\u00e9 sanci\u00f3n recibi\u00f3 Alex Albon luego de tocar a Franco Colapinto en el Gran Premio de Azerbaiy\u00e1n<\/h3>\n<\/p>\n<\/section>\n<\/div>\n<\/div>\n","protected":false},"excerpt":{"rendered":"<p>22\/09\/2025 19:26hs. Mientras se prepara para la fecha en Motegi, Jap\u00f3n, el Tech3 dio a conocer su alineaci\u00f3n para la temporada siguiente de Moto3. Aunque era un hecho, porque su producci\u00f3n hab\u00eda sido muy buena y su contrato era multianual, se reafirm\u00f3 a Valent\u00edn Perrone en su KTM. La novedad m\u00e1s grande estar\u00e1 en la [&hellip;]<\/p>\n","protected":false},"author":1,"featured_media":175719,"comment_status":"closed","ping_status":"closed","sticky":false,"template":"","format":"standard","meta":[],"categories":[21],"tags":[],"_links":{"self":[{"href":"http:\/\/cordobadirecto.com\/index.php\/wp-json\/wp\/v2\/posts\/175718"}],"collection":[{"href":"http:\/\/cordobadirecto.com\/index.php\/wp-json\/wp\/v2\/posts"}],"about":[{"href":"http:\/\/cordobadirecto.com\/index.php\/wp-json\/wp\/v2\/types\/post"}],"author":[{"embeddable":true,"href":"http:\/\/cordobadirecto.com\/index.php\/wp-json\/wp\/v2\/users\/1"}],"replies":[{"embeddable":true,"href":"http:\/\/cordobadirecto.com\/index.php\/wp-json\/wp\/v2\/comments?post=175718"}],"version-history":[{"count":0,"href":"http:\/\/cordobadirecto.com\/index.php\/wp-json\/wp\/v2\/posts\/175718\/revisions"}],"wp:featuredmedia":[{"embeddable":true,"href":"http:\/\/cordobadirecto.com\/index.php\/wp-json\/wp\/v2\/media\/175719"}],"wp:attachment":[{"href":"http:\/\/cordobadirecto.com\/index.php\/wp-json\/wp\/v2\/media?parent=175718"}],"wp:term":[{"taxonomy":"category","embeddable":true,"href":"http:\/\/cordobadirecto.com\/index.php\/wp-json\/wp\/v2\/categories?post=175718"},{"taxonomy":"post_tag","embeddable":true,"href":"http:\/\/cordobadirecto.com\/index.php\/wp-json\/wp\/v2\/tags?post=175718"}],"curies":[{"name":"wp","href":"https:\/\/api.w.org\/{rel}","templated":true}]}}