{"id":175720,"date":"2025-09-22T19:40:08","date_gmt":"2025-09-22T19:40:08","guid":{"rendered":"https:\/\/www.ole.com.ar\/autos\/charles-leclerc-carlos-sainz-formula-1-video-baku_0_QluefDVh1G.html"},"modified":"2025-09-22T19:40:08","modified_gmt":"2025-09-22T19:40:08","slug":"el-improvisado-viaje-que-compartieron-charles-leclerc-y-carlos-sainz-luego-del-gran-premio-de-azerbaiyan","status":"publish","type":"post","link":"http:\/\/cordobadirecto.com\/index.php\/2025\/09\/22\/el-improvisado-viaje-que-compartieron-charles-leclerc-y-carlos-sainz-luego-del-gran-premio-de-azerbaiyan\/","title":{"rendered":"El improvisado viaje que compartieron Charles Leclerc y Carlos Sainz luego del Gran Premio de Azerbaiy\u00e1n"},"content":{"rendered":"<p><time class=\"createDate\" datetime=\"2025-09-22T16:40:08-03:00\">22\/09\/2025 16:40hs.<\/time><\/p>\n<div id=\"storyBody\">\n<div class=\"custom-text \" readability=\"28.75\">\n<p>Tras conseguir su primer podio con <strong><a href=\"https:\/\/www.ole.com.ar\/tema\/williams.html\" title=\"Williams\" alt=\"Williams\" class=\"slug\">Williams<\/a> <\/strong>en Bak\u00fa, <strong><a href=\"https:\/\/www.ole.com.ar\/tema\/carlos-sainz.html\" title=\"Carlos Sainz\" alt=\"Carlos Sainz\" class=\"slug\">Carlos Sainz<\/a><\/strong> fue el conductor designado de <strong><a href=\"https:\/\/www.ole.com.ar\/tema\/charles-leclerc.html\" title=\"Charles Leclerc\" alt=\"Charles Leclerc\" class=\"slug\">Charles Leclerc<\/a><\/strong>, con quien tuvo que improvisar un viaje en camioneta para poder regresar a M\u00f3naco.<\/p>\n<\/div>\n<div class=\"custom-text \" readability=\"36\">\n<p>Un temporal reprogram\u00f3 el vuelo que ambos ten\u00edan que tomar para volver a sus casas. Por lo tanto, en vez de esperar que se reanudara la actividad en el aeropuerto, alquilaron un veh\u00edculo particular pegar la vuelta por sus propios medios. <\/p>\n<\/div>\n<div class=\"custom-text \" readability=\"33.886363636364\">\n<p>El piloto de <strong><a href=\"https:\/\/www.ole.com.ar\/tema\/ferrari.html\" title=\"Ferrari\" alt=\"Ferrari\" class=\"slug\">Ferrari<\/a> <\/strong>(quien tuvo un flojo rendimiento en el Gran Premio de Azerbaiy\u00e1n y termin\u00f3 en la 9\u00b0 posici\u00f3n en la grilla) ocup\u00f3 el asiento del acompa\u00f1ante. Por su parte, el espa\u00f1ol se hizo cargo del volante. <\/p>\n<\/div>\n<div class=\"custom-text \" readability=\"42\">\n<p>&#8220;<strong>Despu\u00e9s de un fin de semana muy dif\u00edcil pens\u00e9 que no podr\u00eda empeorar, pero&#8230;<\/strong>&#8220;, lanz\u00f3 monegasco. Acto seguido, enfoc\u00f3 a su ex compa\u00f1ero, quien revel\u00f3 detalles sobre lo sucedido. &#8220;<strong>Nos desviaron por una tormenta<\/strong>. No pudimos aterrizar en Niza, as\u00ed que lo hicimos en el centro de Italia,<strong> <\/strong>donde arrendamos una furgoneta&#8221;, contextualiz\u00f3.<\/p>\n<\/div>\n<div class=\"sc-3c5a76cc-1 idjLTd\">\n<div class=\"sc-e8b2828-0 fBmEJc vertical\" type=\"embedvertical\">\n<div class=\"sc-e8b2828-1 iPLbWT videoText\" id=\"contentTitleembedverticalva9IeNV7\" type=\"embedvertical\"><svg fill=\"#ffffff\"><symbol id=\"play\" viewBox=\"0 0 512 512\"><path d=\"M512 256C512 397.4 397.4 512 256 512C114.6 512 0 397.4 0 256C0 114.6 114.6 0 256 0C397.4 0 512 114.6 512 256zM176 168V344C176 352.7 180.7 360.7 188.3 364.9C195.8 369.2 205.1 369 212.5 364.5L356.5 276.5C363.6 272.1 368 264.4 368 256C368 247.6 363.6 239.9 356.5 235.5L212.5 147.5C205.1 142.1 195.8 142.8 188.3 147.1C180.7 151.3 176 159.3 176 168V168z\" \/><\/symbol><use xlink:href=\"#play\" \/><\/svg><\/p>\n<div class=\"right\">\n<p>Carlos Sainz<!-- --> &#8211; <span>&nbsp;<\/span><\/p>\n<h2 class=\"title-vid\">&#8220;Tuve un fin de semana dif\u00edcil en Bak\u00fa, pens\u00e9 que no pod\u00eda empeorar&#8230;&#8221;, el video de Charles Leclerc en un Carlos Sainz conduciendo muy r\u00e1pido<\/h2>\n<\/div>\n<\/div>\n<p><span class=\"back\" id=\"spanBackembedverticalva9IeNV7\"><\/span><\/div>\n<div class=\"JWvideoNota_title\">\n<p>@carlossainz55<\/p>\n<\/div>\n<\/div>\n<p><h2>Posiciones del campeonato de Pilotos de la F1<\/h2>\n<\/p>\n<div class=\"custom-text \">\n<ol>\n<li>Oscar Piastri (McLaren) &#8211; 324<\/li>\n<li>Lando Norris (McLaren) &#8211; 299<\/li>\n<li>Max Verstappen (Red Bull)- 255<\/li>\n<li>George Russell (Mercedes) &#8211; 212<\/li>\n<li>Charles Leclerc (Ferrari) &#8211; 165<\/li>\n<li>Lewis Hamilton (Ferrari) &#8211; 121<\/li>\n<li>Kimi Antonelli (Mercedes) &#8211; 78<\/li>\n<li>Alexander Albon (Williams) &#8211; 70<\/li>\n<li>Isack Hadjar (Racing Bulls) &#8211; 39<\/li>\n<li>Nico Hulkenberg (Sauber) &#8211; 37<\/li>\n<li>Lance Stroll (Aston Martin) &#8211; 32<\/li>\n<li>Carlos Sainz (Williams) &#8211; 31<\/li>\n<li>Liam Lawson (Racing Bulls) &#8211; 30<\/li>\n<li>Fernando Alonso (Aston Martin) &#8211; 30<\/li>\n<li>Esteban Ocon (Haas)- 28<\/li>\n<li>Pierre Gasly (Alpine) &#8211; 20<\/li>\n<li>Yuki Tsunoda (Red Bull) &#8211; 20<\/li>\n<li>Gabriel Bortoleto (Sauber) &#8211; 18<\/li>\n<li>Oliver Bearman (Haas) &#8211; 16<\/li>\n<li>Franco Colapinto (Alpine) &#8211; 0<\/li>\n<li>Jack Doohan (Alpine) &#8211; 0<\/li>\n<\/ol>\n<\/div>\n<p><h2>Posiciones del campeonato de constructores de la F1<\/h2>\n<\/p>\n<div class=\"custom-text \">\n<ol>\n<li>McLaren &#8211; 623<\/li>\n<li>Mercedes &#8211; 290<\/li>\n<li>Ferrari &#8211; 286<\/li>\n<li>Red Bull &#8211; 272<\/li>\n<li>Williams &#8211; 101<\/li>\n<li>Racing Bulls &#8211; 72<\/li>\n<li>Aston Martin &#8211; 62<\/li>\n<li>Sauber &#8211; 55<\/li>\n<li>Haas &#8211; 44<\/li>\n<li>Alpine &#8211; 20<\/li>\n<\/ol>\n<\/div>\n<div class=\"sc-a7166897-0 eoLsBE\" readability=\"6.5\">\n<section readability=\"3\"><picture><img alt=\"El mensaje de Alpine que sepulta las aspiraciones de Franco Colapinto en la F\u00f3rmula 1 del 2025\" loading=\"lazy\" width=\"290\" height=\"290\" decoding=\"async\" data-nimg=\"1\" src=\"http:\/\/cordobadirecto.com\/wp-content\/uploads\/2025\/09\/el-improvisado-viaje-que-compartieron-charles-leclerc-y-carlos-sainz-luego-del-gran-premio-de-azerbaiyan.jpg\"><\/picture>\n<p><span>Mir\u00e1 tambi\u00e9n<\/span><\/p>\n<hr>\n<h3>El mensaje de Alpine que sepulta las aspiraciones de Franco Colapinto en la F\u00f3rmula 1 del 2025<\/h3>\n<\/p>\n<\/section>\n<\/div>\n<div class=\"sc-a7166897-0 eoLsBE\" readability=\"6.5\">\n<section readability=\"3\"><picture><img alt=\"La Marat\u00f3n Internacional de Buenos Aires rompi\u00f3 r\u00e9cords: m\u00e1s de 15.000 participantes y sorprendentes resultados\" loading=\"lazy\" width=\"290\" height=\"290\" decoding=\"async\" data-nimg=\"1\" src=\"http:\/\/cordobadirecto.com\/wp-content\/uploads\/2025\/09\/el-improvisado-viaje-que-compartieron-charles-leclerc-y-carlos-sainz-luego-del-gran-premio-de-azerbaiyan-1.jpg\"><\/picture>\n<p><span>Mir\u00e1 tambi\u00e9n<\/span><\/p>\n<hr>\n<h3>La Marat\u00f3n Internacional de Buenos Aires rompi\u00f3 r\u00e9cords: m\u00e1s de 15.000 participantes y sorprendentes resultados<\/h3>\n<\/p>\n<\/section>\n<\/div>\n<div class=\"sc-a7166897-0 eoLsBE\" readability=\"6\">\n<section readability=\"2\"><picture><img alt=\"Etcheverry se retir\u00f3 por lesi\u00f3n en los cuartos del ATP 250 de Hangzhou\" loading=\"lazy\" width=\"290\" height=\"290\" decoding=\"async\" data-nimg=\"1\" src=\"http:\/\/cordobadirecto.com\/wp-content\/uploads\/2025\/09\/el-improvisado-viaje-que-compartieron-charles-leclerc-y-carlos-sainz-luego-del-gran-premio-de-azerbaiyan-2.jpg\"><\/picture>\n<p><span>Mir\u00e1 tambi\u00e9n<\/span><\/p>\n<hr>\n<h3>Etcheverry se retir\u00f3 por lesi\u00f3n en los cuartos del ATP 250 de Hangzhou<\/h3>\n<\/p>\n<\/section>\n<\/div>\n<\/div>\n","protected":false},"excerpt":{"rendered":"<p>22\/09\/2025 16:40hs. Tras conseguir su primer podio con Williams en Bak\u00fa, Carlos Sainz fue el conductor designado de Charles Leclerc, con quien tuvo que improvisar un viaje en camioneta para poder regresar a M\u00f3naco. Un temporal reprogram\u00f3 el vuelo que ambos ten\u00edan que tomar para volver a sus casas. Por lo tanto, en vez de [&hellip;]<\/p>\n","protected":false},"author":1,"featured_media":175721,"comment_status":"closed","ping_status":"closed","sticky":false,"template":"","format":"standard","meta":[],"categories":[21],"tags":[],"_links":{"self":[{"href":"http:\/\/cordobadirecto.com\/index.php\/wp-json\/wp\/v2\/posts\/175720"}],"collection":[{"href":"http:\/\/cordobadirecto.com\/index.php\/wp-json\/wp\/v2\/posts"}],"about":[{"href":"http:\/\/cordobadirecto.com\/index.php\/wp-json\/wp\/v2\/types\/post"}],"author":[{"embeddable":true,"href":"http:\/\/cordobadirecto.com\/index.php\/wp-json\/wp\/v2\/users\/1"}],"replies":[{"embeddable":true,"href":"http:\/\/cordobadirecto.com\/index.php\/wp-json\/wp\/v2\/comments?post=175720"}],"version-history":[{"count":0,"href":"http:\/\/cordobadirecto.com\/index.php\/wp-json\/wp\/v2\/posts\/175720\/revisions"}],"wp:featuredmedia":[{"embeddable":true,"href":"http:\/\/cordobadirecto.com\/index.php\/wp-json\/wp\/v2\/media\/175721"}],"wp:attachment":[{"href":"http:\/\/cordobadirecto.com\/index.php\/wp-json\/wp\/v2\/media?parent=175720"}],"wp:term":[{"taxonomy":"category","embeddable":true,"href":"http:\/\/cordobadirecto.com\/index.php\/wp-json\/wp\/v2\/categories?post=175720"},{"taxonomy":"post_tag","embeddable":true,"href":"http:\/\/cordobadirecto.com\/index.php\/wp-json\/wp\/v2\/tags?post=175720"}],"curies":[{"name":"wp","href":"https:\/\/api.w.org\/{rel}","templated":true}]}}