{"id":175727,"date":"2025-09-22T22:43:33","date_gmt":"2025-09-22T22:43:33","guid":{"rendered":"https:\/\/cordoba.gob.ar\/?p=81469"},"modified":"2025-09-22T22:43:33","modified_gmt":"2025-09-22T22:43:33","slug":"este-miercoles-se-presenta-retratos-de-patio-y-luna-un-concierto-que-celebra-la-identidad-serrana","status":"publish","type":"post","link":"http:\/\/cordobadirecto.com\/index.php\/2025\/09\/22\/este-miercoles-se-presenta-retratos-de-patio-y-luna-un-concierto-que-celebra-la-identidad-serrana\/","title":{"rendered":"Este mi\u00e9rcoles se presenta \u201cRetratos de patio y luna\u201d, un concierto que celebra la identidad serrana"},"content":{"rendered":"<div><img src=\"http:\/\/cordobadirecto.com\/wp-content\/uploads\/2025\/09\/este-miercoles-se-presenta-retratos-de-patio-y-luna-un-concierto-que-celebra-la-identidad-serrana.jpg\" class=\"ff-og-image-inserted\"><\/div>\n<ul>\n<li data-prosemirror-content-type=\"node\" data-prosemirror-node-name=\"paragraph\" data-prosemirror-node-block=\"true\"><strong>La propuesta est\u00e1 compuesta por obras musicales propias, como as\u00ed tambi\u00e9n algunas de renombrados poetas y compositores del cancionero popular argentino.<\/strong><\/li>\n<li data-prosemirror-content-type=\"node\" data-prosemirror-node-name=\"paragraph\" data-prosemirror-node-block=\"true\"><strong><strong>Se pueden adquirir las entradas en boleter\u00eda del teatro o por @\u200cticketekar.<\/strong><\/strong><br \/>\n<hr>\n<\/li>\n<\/ul>\n<p data-prosemirror-content-type=\"node\" data-prosemirror-node-name=\"paragraph\" data-prosemirror-node-block=\"true\">El Teatro Comedia (Rivadavia 254) se prepara para recibir la propuesta musical del cantautor Mauri Pereyra junto a su grupo, con la presentaci\u00f3n de \u201cRetratos de patio y luna\u201d, un espect\u00e1culo que promete ser un recorrido \u00edntimo y profundo por la obra del artista y las ra\u00edces e identidad de nuestra provincia.<\/p>\n<p data-prosemirror-content-type=\"node\" data-prosemirror-node-name=\"paragraph\" data-prosemirror-node-block=\"true\">La cita es este mi\u00e9rcoles a las 20.30, donde se conjugar\u00e1 m\u00fasica, poes\u00eda y la calidez de un encuentro para reconectarse con la tierra y la historia local.<\/p>\n<p data-prosemirror-content-type=\"node\" data-prosemirror-node-name=\"paragraph\" data-prosemirror-node-block=\"true\">El show contar\u00e1 con invitados especiales y ser\u00e1 una invitaci\u00f3n para que el p\u00fablico se conecte con historias y paisajes de la provincia, plasmados en la m\u00fasica del cantautor de Villa Dolores.<\/p>\n<p data-prosemirror-content-type=\"node\" data-prosemirror-node-name=\"paragraph\" data-prosemirror-node-block=\"true\">Con un repertorio compuesto por composiciones propias, destacando temas de su \u00e1lbum hom\u00f3nimo, grabado en vivo con la participaci\u00f3n de figuras como Raly Barrionuevo, La Bruja Salguero, Juan I\u00f1aki y la orquesta de cuerdas de la UNC.<\/p>\n<p data-prosemirror-content-type=\"node\" data-prosemirror-node-name=\"paragraph\" data-prosemirror-node-block=\"true\">Y tambi\u00e9n con obras de grandes referentes del cancionero popular argentino, en di\u00e1logo con la palabra de poetas como Jorge Marziali, Jos\u00e9 Luis Aguirre, An\u00edbal Albornoz \u00c1vila, Leandro Manuel Calle, Fernando G. Toledo y Gustavo \u201cNegro\u201d Vergara.<\/p>\n<p data-prosemirror-content-type=\"node\" data-prosemirror-node-name=\"paragraph\" data-prosemirror-node-block=\"true\">Las entradas se pueden adquirir de manera presencial en la boleter\u00eda del Teatro Comedia, de martes a viernes de 16.00 a 20.00. Tambi\u00e9n est\u00e1n disponibles a trav\u00e9s de la plataforma en l\u00ednea de Ticketek.<\/p>\n","protected":false},"excerpt":{"rendered":"<p>La propuesta est\u00e1 compuesta por obras musicales propias, como as\u00ed tambi\u00e9n algunas de renombrados poetas y compositores del cancionero popular argentino. Se pueden adquirir las entradas en boleter\u00eda del teatro o por @\u200cticketekar. El Teatro Comedia (Rivadavia 254) se prepara para recibir la propuesta musical del cantautor Mauri Pereyra junto a su grupo, con la [&hellip;]<\/p>\n","protected":false},"author":1,"featured_media":175728,"comment_status":"closed","ping_status":"closed","sticky":false,"template":"","format":"standard","meta":[],"categories":[44],"tags":[],"_links":{"self":[{"href":"http:\/\/cordobadirecto.com\/index.php\/wp-json\/wp\/v2\/posts\/175727"}],"collection":[{"href":"http:\/\/cordobadirecto.com\/index.php\/wp-json\/wp\/v2\/posts"}],"about":[{"href":"http:\/\/cordobadirecto.com\/index.php\/wp-json\/wp\/v2\/types\/post"}],"author":[{"embeddable":true,"href":"http:\/\/cordobadirecto.com\/index.php\/wp-json\/wp\/v2\/users\/1"}],"replies":[{"embeddable":true,"href":"http:\/\/cordobadirecto.com\/index.php\/wp-json\/wp\/v2\/comments?post=175727"}],"version-history":[{"count":0,"href":"http:\/\/cordobadirecto.com\/index.php\/wp-json\/wp\/v2\/posts\/175727\/revisions"}],"wp:featuredmedia":[{"embeddable":true,"href":"http:\/\/cordobadirecto.com\/index.php\/wp-json\/wp\/v2\/media\/175728"}],"wp:attachment":[{"href":"http:\/\/cordobadirecto.com\/index.php\/wp-json\/wp\/v2\/media?parent=175727"}],"wp:term":[{"taxonomy":"category","embeddable":true,"href":"http:\/\/cordobadirecto.com\/index.php\/wp-json\/wp\/v2\/categories?post=175727"},{"taxonomy":"post_tag","embeddable":true,"href":"http:\/\/cordobadirecto.com\/index.php\/wp-json\/wp\/v2\/tags?post=175727"}],"curies":[{"name":"wp","href":"https:\/\/api.w.org\/{rel}","templated":true}]}}