{"id":175729,"date":"2025-09-22T20:39:10","date_gmt":"2025-09-22T20:39:10","guid":{"rendered":"https:\/\/cordoba.gob.ar\/?p=81461"},"modified":"2025-09-22T20:39:10","modified_gmt":"2025-09-22T20:39:10","slug":"inscripciones-abiertas-para-el-ii-congreso-federal-y-i-internacional-de-juventudes","status":"publish","type":"post","link":"http:\/\/cordobadirecto.com\/index.php\/2025\/09\/22\/inscripciones-abiertas-para-el-ii-congreso-federal-y-i-internacional-de-juventudes\/","title":{"rendered":"Inscripciones abiertas para el II Congreso Federal y I Internacional de Juventudes"},"content":{"rendered":"<div><img src=\"http:\/\/cordobadirecto.com\/wp-content\/uploads\/2025\/09\/inscripciones-abiertas-para-el-ii-congreso-federal-y-i-internacional-de-juventudes.jpg\" class=\"ff-og-image-inserted\"><\/div>\n<hr>\n<p data-prosemirror-content-type=\"node\" data-prosemirror-node-name=\"paragraph\" data-prosemirror-node-block=\"true\">La ciudad ser\u00e1 sede del II Congreso Federal de Juventudes y I Congreso Internacional de Juventudes, un encuentro organizado por la Municipalidad destinado a personas de entre 16 y 30 a\u00f1os que residan en cualquier punto del pa\u00eds, para encontrarse a debatir en C\u00f3rdoba sobre temas que los interpelan.<\/p>\n<p data-prosemirror-content-type=\"node\" data-prosemirror-node-name=\"paragraph\" data-prosemirror-node-block=\"true\">El evento se realizar\u00e1 bajo el lema \u201cSomos nuestro tiempo\u201d en el Instituto Superior de Estudios Pedag\u00f3gicos (ISEP), ubicado en Agust\u00edn Garz\u00f3n 1229, de barrio San Vicente, los pr\u00f3ximos jueves 25 y viernes 26 de septiembre.<\/p>\n<p data-prosemirror-content-type=\"node\" data-prosemirror-node-name=\"paragraph\" data-prosemirror-node-block=\"true\">Las inscripciones son gratuitas y ya est\u00e1n abiertas en el <a href=\"https:\/\/docs.google.com\/forms\/d\/1es7lx42uia-G6XeOv6FYFPb89qx0VozZAnq_lPvaMFA\/edit\">siguiente enlace<\/a>. Est\u00e1n invitados a participar j\u00f3venes integrantes de organizaciones sin fines de lucro, sociales y\/o pol\u00edticas y juventudes interesadas en la tem\u00e1tica en general.<\/p>\n<p data-prosemirror-content-type=\"node\" data-prosemirror-node-name=\"paragraph\" data-prosemirror-node-block=\"true\">Durante ambos d\u00edas, se conformar\u00e1 un espacio para conectar, integrar y potenciar la voz de las juventudes a trav\u00e9s de una serie de conferencias, paneles y talleres junto a referentes nacionales e internacionales.<\/p>\n<p data-prosemirror-content-type=\"node\" data-prosemirror-node-name=\"paragraph\" data-prosemirror-node-block=\"true\">Se debatir\u00e1n temas como la ciudadan\u00eda activa, trabajo y emprendedurismo, salud mental y entornos digitales, ambiente, g\u00e9nero y diversidad, discapacidad y derechos humanos, cultura y deporte, entre otros.<\/p>\n<p data-prosemirror-content-type=\"node\" data-prosemirror-node-name=\"paragraph\" data-prosemirror-node-block=\"true\">El primer d\u00eda se desarrollar\u00e1 de 14:00 a 19:30. Habr\u00e1 una Feria de Espacio Joven, en la que se compartir\u00e1n experiencias, luego contar\u00e1 con dos conferencias magistrales, a cargo de la UCC y del OIDP, y se cerrar\u00e1 con una \u201cNoche cultural\u201d junto a una cena compartida.<\/p>\n<p data-prosemirror-content-type=\"node\" data-prosemirror-node-name=\"paragraph\" data-prosemirror-node-block=\"true\">El segundo ser\u00e1 de 8:30 a 18:00 y tendr\u00e1 actividades diversas, que abarcar\u00e1n las tem\u00e1ticas antes mencionadas, a trav\u00e9s de paneles, conversatorios y mesas de debate y trabajo. En paralelo, se desarrollar\u00e1 la Cumbre Federal de Gesti\u00f3n con participaci\u00f3n de directores y funcionarios j\u00f3venes de todo el pa\u00eds.<\/p>\n<p data-prosemirror-content-type=\"node\" data-prosemirror-node-name=\"paragraph\" data-prosemirror-node-block=\"true\">Adem\u00e1s tendr\u00e1n lugar debates sobre la actualidad: el desarrollo productivo, el acceso a empleo de calidad, la educaci\u00f3n p\u00fablica, la igualdad de oportunidades y el fortalecimiento de una democracia participativa.<\/p>\n<p data-prosemirror-content-type=\"node\" data-prosemirror-node-name=\"paragraph\" data-prosemirror-node-block=\"true\">El congreso ser\u00e1 un espacio para reconocer a los j\u00f3venes como fuerza transformadora, capaz de dialogar entre realidades diversas y construir consensos, con el fin de impulsar los cambios que el pa\u00eds necesita.<\/p>\n","protected":false},"excerpt":{"rendered":"<p>La ciudad ser\u00e1 sede del II Congreso Federal de Juventudes y I Congreso Internacional de Juventudes, un encuentro organizado por la Municipalidad destinado a personas de entre 16 y 30 a\u00f1os que residan en cualquier punto del pa\u00eds, para encontrarse a debatir en C\u00f3rdoba sobre temas que los interpelan. El evento se realizar\u00e1 bajo el [&hellip;]<\/p>\n","protected":false},"author":1,"featured_media":175730,"comment_status":"closed","ping_status":"closed","sticky":false,"template":"","format":"standard","meta":[],"categories":[44],"tags":[],"_links":{"self":[{"href":"http:\/\/cordobadirecto.com\/index.php\/wp-json\/wp\/v2\/posts\/175729"}],"collection":[{"href":"http:\/\/cordobadirecto.com\/index.php\/wp-json\/wp\/v2\/posts"}],"about":[{"href":"http:\/\/cordobadirecto.com\/index.php\/wp-json\/wp\/v2\/types\/post"}],"author":[{"embeddable":true,"href":"http:\/\/cordobadirecto.com\/index.php\/wp-json\/wp\/v2\/users\/1"}],"replies":[{"embeddable":true,"href":"http:\/\/cordobadirecto.com\/index.php\/wp-json\/wp\/v2\/comments?post=175729"}],"version-history":[{"count":0,"href":"http:\/\/cordobadirecto.com\/index.php\/wp-json\/wp\/v2\/posts\/175729\/revisions"}],"wp:featuredmedia":[{"embeddable":true,"href":"http:\/\/cordobadirecto.com\/index.php\/wp-json\/wp\/v2\/media\/175730"}],"wp:attachment":[{"href":"http:\/\/cordobadirecto.com\/index.php\/wp-json\/wp\/v2\/media?parent=175729"}],"wp:term":[{"taxonomy":"category","embeddable":true,"href":"http:\/\/cordobadirecto.com\/index.php\/wp-json\/wp\/v2\/categories?post=175729"},{"taxonomy":"post_tag","embeddable":true,"href":"http:\/\/cordobadirecto.com\/index.php\/wp-json\/wp\/v2\/tags?post=175729"}],"curies":[{"name":"wp","href":"https:\/\/api.w.org\/{rel}","templated":true}]}}