{"id":175731,"date":"2025-09-23T21:24:56","date_gmt":"2025-09-23T21:24:56","guid":{"rendered":"https:\/\/puntoapunto.com.ar\/?p=377537"},"modified":"2025-09-23T21:24:56","modified_gmt":"2025-09-23T21:24:56","slug":"de-cordoba-al-mundo-cherry-season-candidata-a-las-100-mejores-cafeterias-de-sudamerica","status":"publish","type":"post","link":"http:\/\/cordobadirecto.com\/index.php\/2025\/09\/23\/de-cordoba-al-mundo-cherry-season-candidata-a-las-100-mejores-cafeterias-de-sudamerica\/","title":{"rendered":"De C\u00f3rdoba al mundo: Cherry Season, candidata a las 100 mejores cafeter\u00edas de Sudam\u00e9rica"},"content":{"rendered":"<p data-start=\"198\" data-end=\"447\">La cafeter\u00eda cordobesa de especialidad <strong data-start=\"227\" data-end=\"244\">Cherry Season<\/strong>&nbsp;fue nominada para integrar la lista de <em data-start=\"329\" data-end=\"364\">The World\u2019s 100 Best Coffee Shops<\/em>, un reconocimiento que destaca a los 100 mejores espacios de caf\u00e9 de Sudam\u00e9rica.<\/p>\n<p data-start=\"449\" data-end=\"766\">El anuncio tom\u00f3 por sorpresa a la marca. \u201cNos enteramos de casualidad, a trav\u00e9s de una mentora que dirige una escuela de caf\u00e9 en Miami y me dijo: <em data-start=\"595\" data-end=\"607\">ya te vot\u00e9<\/em>\u201d, cont\u00f3 Leandro Alberione, CEO de <a href=\"https:\/\/www.instagram.com\/cherryseason_arg\/?hl=es-la\">Cherry Season.<\/a> \u201cCuando vimos el enlace y confirmamos que est\u00e1bamos nominados, fue una alegr\u00eda enorme para todo el equipo\u201d.<\/p>\n<p data-start=\"449\" data-end=\"766\"><img decoding=\"async\" class=\"aligncenter size-full wp-image-377543\" src=\"http:\/\/cordobadirecto.com\/wp-content\/uploads\/2025\/09\/de-cordoba-al-mundo-cherry-season-candidata-a-las-100-mejores-cafeterias-de-sudamerica.jpg\" alt width=\"1999\" height=\"1499\" srcset=\"http:\/\/cordobadirecto.com\/wp-content\/uploads\/2025\/09\/de-cordoba-al-mundo-cherry-season-candidata-a-las-100-mejores-cafeterias-de-sudamerica.jpg 1999w, http:\/\/cordobadirecto.com\/wp-content\/uploads\/2025\/09\/de-cordoba-al-mundo-cherry-season-candidata-a-las-100-mejores-cafeterias-de-sudamerica-2.jpg 300w, http:\/\/cordobadirecto.com\/wp-content\/uploads\/2025\/09\/de-cordoba-al-mundo-cherry-season-candidata-a-las-100-mejores-cafeterias-de-sudamerica-3.jpg 1024w, http:\/\/cordobadirecto.com\/wp-content\/uploads\/2025\/09\/de-cordoba-al-mundo-cherry-season-candidata-a-las-100-mejores-cafeterias-de-sudamerica-4.jpg 768w, http:\/\/cordobadirecto.com\/wp-content\/uploads\/2025\/09\/de-cordoba-al-mundo-cherry-season-candidata-a-las-100-mejores-cafeterias-de-sudamerica-5.jpg 1536w, http:\/\/cordobadirecto.com\/wp-content\/uploads\/2025\/09\/de-cordoba-al-mundo-cherry-season-candidata-a-las-100-mejores-cafeterias-de-sudamerica-6.jpg 750w, http:\/\/cordobadirecto.com\/wp-content\/uploads\/2025\/09\/de-cordoba-al-mundo-cherry-season-candidata-a-las-100-mejores-cafeterias-de-sudamerica-7.jpg 1140w\" sizes=\"(max-width: 1999px) 100vw, 1999px\" loading=\"lazy\"><\/p>\n<p data-start=\"768\" data-end=\"811\"><strong>C\u00f3mo se eligen las mejores cafeter\u00edas<\/strong><\/p>\n<p data-start=\"812\" data-end=\"1108\">La selecci\u00f3n considera criterios que van desde la <strong data-start=\"862\" data-end=\"882\">calidad del caf\u00e9<\/strong> y la <strong data-start=\"888\" data-end=\"915\">experiencia del barista<\/strong>, hasta la <strong data-start=\"926\" data-end=\"949\">atenci\u00f3n al cliente<\/strong>, la <strong data-start=\"954\" data-end=\"984\">innovaci\u00f3n en la propuesta<\/strong>, la <strong data-start=\"989\" data-end=\"1012\">atm\u00f3sfera del lugar<\/strong>, la <strong data-start=\"1017\" data-end=\"1035\">sostenibilidad<\/strong>, la <strong data-start=\"1040\" data-end=\"1068\">calidad de la pasteler\u00eda<\/strong> y la <strong data-start=\"1074\" data-end=\"1105\">consistencia en el servicio<\/strong>.<\/p>\n<p data-start=\"1110\" data-end=\"1396\">La votaci\u00f3n combina el voto del p\u00fablico general, que puede participar en la web oficial, y el de un jurado especializado compuesto por baristas, tostadores y referentes de la industria. El voto popular tiene un peso del 30%, mientras que la decisi\u00f3n de los expertos representa el 70%.<\/p>\n<p data-start=\"1398\" data-end=\"1436\"><strong>Un hito estrat\u00e9gico para C\u00f3rdoba<\/strong><\/p>\n<p data-start=\"1437\" data-end=\"1690\">Para Alberione, la nominaci\u00f3n tiene un valor que trasciende a la empresa: \u201cPara nosotros significa que C\u00f3rdoba est\u00e1 a la altura del mundo. Es la validaci\u00f3n de haber tra\u00eddo lo mejor del caf\u00e9 de especialidad a la ciudad, con est\u00e1ndares <strong>internacionales\u201d.<\/strong><\/p>\n<p data-start=\"1437\" data-end=\"1690\"><img loading=\"lazy\" decoding=\"async\" class=\"aligncenter size-full wp-image-377544\" src=\"http:\/\/cordobadirecto.com\/wp-content\/uploads\/2025\/09\/de-cordoba-al-mundo-cherry-season-candidata-a-las-100-mejores-cafeterias-de-sudamerica-1.jpg\" alt width=\"1367\" height=\"1287\" srcset=\"http:\/\/cordobadirecto.com\/wp-content\/uploads\/2025\/09\/de-cordoba-al-mundo-cherry-season-candidata-a-las-100-mejores-cafeterias-de-sudamerica-1.jpg 1367w, http:\/\/cordobadirecto.com\/wp-content\/uploads\/2025\/09\/de-cordoba-al-mundo-cherry-season-candidata-a-las-100-mejores-cafeterias-de-sudamerica-8.jpg 300w, http:\/\/cordobadirecto.com\/wp-content\/uploads\/2025\/09\/de-cordoba-al-mundo-cherry-season-candidata-a-las-100-mejores-cafeterias-de-sudamerica-9.jpg 1024w, http:\/\/cordobadirecto.com\/wp-content\/uploads\/2025\/09\/de-cordoba-al-mundo-cherry-season-candidata-a-las-100-mejores-cafeterias-de-sudamerica-10.jpg 768w, http:\/\/cordobadirecto.com\/wp-content\/uploads\/2025\/09\/de-cordoba-al-mundo-cherry-season-candidata-a-las-100-mejores-cafeterias-de-sudamerica-11.jpg 750w, http:\/\/cordobadirecto.com\/wp-content\/uploads\/2025\/09\/de-cordoba-al-mundo-cherry-season-candidata-a-las-100-mejores-cafeterias-de-sudamerica-12.jpg 1140w\" sizes=\"auto, (max-width: 1367px) 100vw, 1367px\"><\/p>\n<p data-start=\"1692\" data-end=\"1954\">Cherry Season naci\u00f3 con la visi\u00f3n de posicionar a C\u00f3rdoba en el mapa global del caf\u00e9 y hoy cuenta con dos locales: uno en <strong data-start=\"1814\" data-end=\"1839\">Hip\u00f3lito Yrigoyen 171<\/strong>, en Nueva C\u00f3rdoba, y otro en <strong data-start=\"1869\" data-end=\"1890\">Rafael N\u00fa\u00f1ez 4401<\/strong>, en Cerro de las Rosas, actualmente en proceso de renovaci\u00f3n.<\/p>\n<p data-start=\"1981\" data-end=\"2235\">La empresa atraviesa una etapa de planificaci\u00f3n de crecimiento. Su estrategia combina la <strong data-start=\"2070\" data-end=\"2108\">apertura de nuevas tiendas propias<\/strong>, concebidas como \u201cespacios de bienestar\u201d, y la <strong data-start=\"2156\" data-end=\"2179\">expansi\u00f3n mayorista<\/strong> para llevar su caf\u00e9 a m\u00e1s cafeter\u00edas en todo el pa\u00eds.<\/p>\n<p data-start=\"2237\" data-end=\"2437\">\u201cNosotros arrancamos trayendo lo mejor de lo mejor del mundo directamente a C\u00f3rdoba. Esta nominaci\u00f3n confirma que vamos por el camino correcto y es un premio para todo el equipo\u201d, asegur\u00f3 Alberione.<\/p>\n<p data-start=\"2237\" data-end=\"2437\"><strong>Para votar a Cherry Season podes ingresar en el siguiente <a href=\"https:\/\/theworlds100bestcoffeeshops.com\/south-americas-100-best-coffee-shops-2025\/argentina-2\/\">LINK<\/a><\/strong><\/p>\n","protected":false},"excerpt":{"rendered":"<p>La cafeter\u00eda cordobesa de especialidad Cherry Season&nbsp;fue nominada para integrar la lista de The World\u2019s 100 Best Coffee Shops, un reconocimiento que destaca a los 100 mejores espacios de caf\u00e9 de Sudam\u00e9rica. El anuncio tom\u00f3 por sorpresa a la marca. \u201cNos enteramos de casualidad, a trav\u00e9s de una mentora que dirige una escuela de caf\u00e9 [&hellip;]<\/p>\n","protected":false},"author":1,"featured_media":175732,"comment_status":"closed","ping_status":"closed","sticky":false,"template":"","format":"standard","meta":[],"categories":[25],"tags":[],"_links":{"self":[{"href":"http:\/\/cordobadirecto.com\/index.php\/wp-json\/wp\/v2\/posts\/175731"}],"collection":[{"href":"http:\/\/cordobadirecto.com\/index.php\/wp-json\/wp\/v2\/posts"}],"about":[{"href":"http:\/\/cordobadirecto.com\/index.php\/wp-json\/wp\/v2\/types\/post"}],"author":[{"embeddable":true,"href":"http:\/\/cordobadirecto.com\/index.php\/wp-json\/wp\/v2\/users\/1"}],"replies":[{"embeddable":true,"href":"http:\/\/cordobadirecto.com\/index.php\/wp-json\/wp\/v2\/comments?post=175731"}],"version-history":[{"count":0,"href":"http:\/\/cordobadirecto.com\/index.php\/wp-json\/wp\/v2\/posts\/175731\/revisions"}],"wp:featuredmedia":[{"embeddable":true,"href":"http:\/\/cordobadirecto.com\/index.php\/wp-json\/wp\/v2\/media\/175732"}],"wp:attachment":[{"href":"http:\/\/cordobadirecto.com\/index.php\/wp-json\/wp\/v2\/media?parent=175731"}],"wp:term":[{"taxonomy":"category","embeddable":true,"href":"http:\/\/cordobadirecto.com\/index.php\/wp-json\/wp\/v2\/categories?post=175731"},{"taxonomy":"post_tag","embeddable":true,"href":"http:\/\/cordobadirecto.com\/index.php\/wp-json\/wp\/v2\/tags?post=175731"}],"curies":[{"name":"wp","href":"https:\/\/api.w.org\/{rel}","templated":true}]}}