{"id":175733,"date":"2025-09-23T20:25:49","date_gmt":"2025-09-23T20:25:49","guid":{"rendered":"http:\/\/cordobadirecto.com\/index.php\/2025\/09\/23\/por-primera-vez-en-cordoba-comenzo-la-convencion-anual-de-la-asociacion-brasilena-de\/"},"modified":"2025-09-23T20:25:49","modified_gmt":"2025-09-23T20:25:49","slug":"por-primera-vez-en-cordoba-comenzo-la-convencion-anual-de-la-asociacion-brasilena-de","status":"publish","type":"post","link":"http:\/\/cordobadirecto.com\/index.php\/2025\/09\/23\/por-primera-vez-en-cordoba-comenzo-la-convencion-anual-de-la-asociacion-brasilena-de\/","title":{"rendered":"Por primera vez en <b>C\u00f3rdoba<\/b>, comenz\u00f3 la convenci\u00f3n anual de la Asociaci\u00f3n Brasile\u00f1a de &#8230;"},"content":{"rendered":"<p>&#8230; <b>Nueva<\/b> Zelanda. <b>C\u00f3rdoba<\/b>, destino estrat\u00e9gico. El evento es organizado por Braztoa y reunir\u00e1, hasta el 27 de septiembre (D\u00eda Mundial del Turismo) a&nbsp;&#8230; <\/p>\n","protected":false},"excerpt":{"rendered":"<p>&#8230; Nueva Zelanda. C\u00f3rdoba, destino estrat\u00e9gico. El evento es organizado por Braztoa y reunir\u00e1, hasta el 27 de septiembre (D\u00eda Mundial del Turismo) a&nbsp;&#8230;<\/p>\n","protected":false},"author":1,"featured_media":0,"comment_status":"closed","ping_status":"closed","sticky":false,"template":"","format":"standard","meta":[],"categories":[40],"tags":[],"_links":{"self":[{"href":"http:\/\/cordobadirecto.com\/index.php\/wp-json\/wp\/v2\/posts\/175733"}],"collection":[{"href":"http:\/\/cordobadirecto.com\/index.php\/wp-json\/wp\/v2\/posts"}],"about":[{"href":"http:\/\/cordobadirecto.com\/index.php\/wp-json\/wp\/v2\/types\/post"}],"author":[{"embeddable":true,"href":"http:\/\/cordobadirecto.com\/index.php\/wp-json\/wp\/v2\/users\/1"}],"replies":[{"embeddable":true,"href":"http:\/\/cordobadirecto.com\/index.php\/wp-json\/wp\/v2\/comments?post=175733"}],"version-history":[{"count":0,"href":"http:\/\/cordobadirecto.com\/index.php\/wp-json\/wp\/v2\/posts\/175733\/revisions"}],"wp:attachment":[{"href":"http:\/\/cordobadirecto.com\/index.php\/wp-json\/wp\/v2\/media?parent=175733"}],"wp:term":[{"taxonomy":"category","embeddable":true,"href":"http:\/\/cordobadirecto.com\/index.php\/wp-json\/wp\/v2\/categories?post=175733"},{"taxonomy":"post_tag","embeddable":true,"href":"http:\/\/cordobadirecto.com\/index.php\/wp-json\/wp\/v2\/tags?post=175733"}],"curies":[{"name":"wp","href":"https:\/\/api.w.org\/{rel}","templated":true}]}}