{"id":175783,"date":"2025-09-23T21:39:45","date_gmt":"2025-09-23T21:39:45","guid":{"rendered":"https:\/\/www.ole.com.ar\/autos\/millonaria-indemnizacion-christian-horner-dejar-red-bull_0_z3CxCXVCoc.html"},"modified":"2025-09-23T21:39:45","modified_gmt":"2025-09-23T21:39:45","slug":"christian-horner-su-millonaria-indemnizacion-tras-irse-de-red-bull-y-cuando-podria-volver-a-la-f1","status":"publish","type":"post","link":"http:\/\/cordobadirecto.com\/index.php\/2025\/09\/23\/christian-horner-su-millonaria-indemnizacion-tras-irse-de-red-bull-y-cuando-podria-volver-a-la-f1\/","title":{"rendered":"Christian Horner: su millonaria indemnizaci\u00f3n tras irse de Red Bull y cu\u00e1ndo podr\u00eda volver a la F1"},"content":{"rendered":"<p><time class=\"createDate\" datetime=\"2025-09-23T18:39:45-03:00\">23\/09\/2025 18:39hs.<\/time><\/p>\n<div id=\"storyBody\">\n<div class=\"custom-text \" readability=\"38\">\n<p><strong>Christian Horner y Red Bull finalmente llegaron a un acuerdo para separar oficialmente sus caminos. <\/strong>El directivo brit\u00e1nico fue despedido a principios de julio del equipo de F\u00f3rmula 1 y, dos meses y medio despu\u00e9s, acord\u00f3 con la empresa austriaca el finiquito y<strong> el per\u00edodo durante el cual deber\u00e1 permanecer a la sombra, sin poder trabajar en el Gran Circo.<\/strong><\/p>\n<\/div>\n<div class=\"custom-text \" readability=\"38\">\n<p><strong>La ca\u00edda dr\u00e1stica en el rendimiento a lo largo de 2025,<\/strong> junto con las tensiones internas que afectaron al equipo desde principios del a\u00f1o pasado,<strong> pusieron fin a la trayectoria de Horner en el team, donde hab\u00eda estado desde el d\u00eda cero.<\/strong> El 9 de julio se confirm\u00f3 su despido y la designaci\u00f3n de Laurent Mekies como su reemplazo inmediato.<\/p>\n<\/div>\n<div class=\"sc-e7b891c4-0 ifHnQL image-embed\"><img alt=\"Christian Horner acord\u00f3 su indemnizaci\u00f3n con Red Bull tras ser despedido.\n(REUTERS\/Andrew Boyers)\" loading=\"lazy\" width=\"720\" height=\"100\" decoding=\"async\" data-nimg=\"1\" src=\"http:\/\/cordobadirecto.com\/wp-content\/uploads\/2025\/09\/christian-horner-su-millonaria-indemnizacion-tras-irse-de-red-bull-y-cuando-podria-volver-a-la-f1.jpg\"><span class=\"epigraphe\">Christian Horner acord\u00f3 su indemnizaci\u00f3n con Red Bull tras ser despedido.<br \/>\n(REUTERS\/Andrew Boyers)<\/span><\/div>\n<div class=\"custom-text \" readability=\"41\">\n<p><strong>Tras largas negociaciones<\/strong> entre Horner y los jefes de la empresa matriz de Red Bull, <strong>se anunci\u00f3 este lunes que el brit\u00e1nico se separ\u00f3 oficialmente de la escuder\u00eda que ayud\u00f3 a construir.<\/strong> Aunque no se revelaron todos los detalles del acuerdo,<strong> fuentes indican que podr\u00eda alcanzar hasta 100 millones de d\u00f3lares en los pr\u00f3ximos cinco a\u00f1os,<\/strong> compensando los ingresos que dirigente brit\u00e1nico habr\u00eda percibido hasta 2030, incluyendo su salario, bonificaciones y puestos de alto nivel en Red Bull F1, Red Bull Advanced Technology y Red Bull Powertrains.<\/p>\n<\/div>\n<div class=\"custom-text \" readability=\"38\">\n<p><strong>Uno de los elementos clave del acuerdo es que podr\u00e1 regresar a la F\u00f3rmula 1 en otro equipo la pr\u00f3xima temporada.<\/strong> Seg\u00fan <strong>The Race<\/strong>, aunque no podr\u00e1 incorporarse de inmediato a un equipo rival, la puerta est\u00e1 abierta para que comience a trabajar durante la primera mitad de 2026, <strong>despu\u00e9s de los primeros Grandes Premios de la temporada y antes de las vacaciones de verano.<\/strong><\/p>\n<\/div>\n<div class=\"custom-text \" readability=\"45\">\n<p>En un comunicado publicado por Red Bull, el propio Horner expres\u00f3 su orgullo por todo lo logrado en el team austr\u00edaco: <strong>\u201cLiderar Red Bull Racing fue un honor y un privilegio. Cuando empezamos en 2005, ninguno de nosotros podr\u00eda haber imaginado el camino que nos esperaba:<\/strong> los campeonatos, las carreras, la gente, los recuerdos. Estoy incre\u00edblemente orgulloso de lo que logramos como equipo, rompiendo r\u00e9cords y alcanzando alturas que nadie jam\u00e1s creer\u00eda que fueran posibles y eso lo llevar\u00e9 conmigo por siempre. Sin embargo, para m\u00ed, <strong>mi mayor satisfacci\u00f3n fue reunir y liderar a un grupo incre\u00edble de personas talentosas y motivadas, <\/strong>y verlos prosperar como subsidiaria de una empresa de bebidas energ\u00e9ticas, y verlos competir y vencer a algunas de las marcas automotrices m\u00e1s importantes del mundo\u201d.<\/p>\n<\/div>\n<div class=\"sc-e7b891c4-0 ifHnQL image-embed\"><img alt=\"Christian Horner junto a Max Verstappen durante su etapa en Red Bull, antes de su salida del equipo.\n(REUTERS\/Issei Kato\/File Photo)\" loading=\"lazy\" width=\"720\" height=\"100\" decoding=\"async\" data-nimg=\"1\" src=\"http:\/\/cordobadirecto.com\/wp-content\/uploads\/2025\/09\/christian-horner-su-millonaria-indemnizacion-tras-irse-de-red-bull-y-cuando-podria-volver-a-la-f1-1.jpg\"><span class=\"epigraphe\">Christian Horner junto a Max Verstappen durante su etapa en Red Bull, antes de su salida del equipo.<br \/>\n(REUTERS\/Issei Kato\/File Photo)<\/span><\/div>\n<div class=\"custom-text \" readability=\"43\">\n<p><strong>Por su parte, Oliver Mintzlaff,<\/strong> CEO de Proyectos Corporativos de la marca de bebidas energ\u00e9ticas, a\u00f1adi\u00f3: <strong>\u201cNos gustar\u00eda agradecer a Christian por su excepcional trabajo durante los \u00faltimos 20 a\u00f1os. Con su incansable compromiso, experiencia,<\/strong> conocimientos y pensamiento innovador, fue fundamental para establecer a Red Bull Racing como uno de los equipos m\u00e1s exitosos y atractivos de la F\u00f3rmula 1. Gracias por todo, Christian, y siempre ser\u00e1s una parte importante de la historia de nuestro equipo\u201d.<\/p>\n<\/div>\n<div class=\"sc-a7166897-0 eoLsBE\" readability=\"7\">\n<section readability=\"4\"><picture><img alt=\"Paul Aron, de crecer en la granja de su abuela motociclista a luchar con Colapinto por una butaca de F1 Alpine\" loading=\"lazy\" width=\"290\" height=\"290\" decoding=\"async\" data-nimg=\"1\" src=\"http:\/\/cordobadirecto.com\/wp-content\/uploads\/2025\/09\/christian-horner-su-millonaria-indemnizacion-tras-irse-de-red-bull-y-cuando-podria-volver-a-la-f1-2.jpg\"><\/picture>\n<p><span>Mir\u00e1 tambi\u00e9n<\/span><\/p>\n<hr>\n<h3>Paul Aron, de crecer en la granja de su abuela motociclista a luchar con Colapinto por una butaca de F1 Alpine<\/h3>\n<\/p>\n<\/section>\n<\/div>\n<div class=\"sc-a7166897-0 eoLsBE\" readability=\"6.5\">\n<section readability=\"3\"><picture><img alt=\"El mensaje de Alpine que sepulta las aspiraciones de Franco Colapinto en la F\u00f3rmula 1 del 2025\" loading=\"lazy\" width=\"290\" height=\"290\" decoding=\"async\" data-nimg=\"1\" src=\"http:\/\/cordobadirecto.com\/wp-content\/uploads\/2025\/09\/christian-horner-su-millonaria-indemnizacion-tras-irse-de-red-bull-y-cuando-podria-volver-a-la-f1-3.jpg\"><\/picture>\n<p><span>Mir\u00e1 tambi\u00e9n<\/span><\/p>\n<hr>\n<h3>El mensaje de Alpine que sepulta las aspiraciones de Franco Colapinto en la F\u00f3rmula 1 del 2025<\/h3>\n<\/p>\n<\/section>\n<\/div>\n<div class=\"sc-a7166897-0 eoLsBE\" readability=\"6\">\n<section readability=\"2\"><picture><img alt=\"Valent\u00edn Perrone seguir\u00e1 en Moto3 en 2026 y lo har\u00e1 con un nuevo compa\u00f1ero\" loading=\"lazy\" width=\"290\" height=\"290\" decoding=\"async\" data-nimg=\"1\" src=\"http:\/\/cordobadirecto.com\/wp-content\/uploads\/2025\/09\/christian-horner-su-millonaria-indemnizacion-tras-irse-de-red-bull-y-cuando-podria-volver-a-la-f1-4.jpg\"><\/picture>\n<p><span>Mir\u00e1 tambi\u00e9n<\/span><\/p>\n<hr>\n<h3>Valent\u00edn Perrone seguir\u00e1 en Moto3 en 2026 y lo har\u00e1 con un nuevo compa\u00f1ero<\/h3>\n<\/p>\n<\/section>\n<\/div>\n<\/div>\n","protected":false},"excerpt":{"rendered":"<p>23\/09\/2025 18:39hs. Christian Horner y Red Bull finalmente llegaron a un acuerdo para separar oficialmente sus caminos. El directivo brit\u00e1nico fue despedido a principios de julio del equipo de F\u00f3rmula 1 y, dos meses y medio despu\u00e9s, acord\u00f3 con la empresa austriaca el finiquito y el per\u00edodo durante el cual deber\u00e1 permanecer a la sombra, [&hellip;]<\/p>\n","protected":false},"author":1,"featured_media":175784,"comment_status":"closed","ping_status":"closed","sticky":false,"template":"","format":"standard","meta":[],"categories":[21],"tags":[],"_links":{"self":[{"href":"http:\/\/cordobadirecto.com\/index.php\/wp-json\/wp\/v2\/posts\/175783"}],"collection":[{"href":"http:\/\/cordobadirecto.com\/index.php\/wp-json\/wp\/v2\/posts"}],"about":[{"href":"http:\/\/cordobadirecto.com\/index.php\/wp-json\/wp\/v2\/types\/post"}],"author":[{"embeddable":true,"href":"http:\/\/cordobadirecto.com\/index.php\/wp-json\/wp\/v2\/users\/1"}],"replies":[{"embeddable":true,"href":"http:\/\/cordobadirecto.com\/index.php\/wp-json\/wp\/v2\/comments?post=175783"}],"version-history":[{"count":0,"href":"http:\/\/cordobadirecto.com\/index.php\/wp-json\/wp\/v2\/posts\/175783\/revisions"}],"wp:featuredmedia":[{"embeddable":true,"href":"http:\/\/cordobadirecto.com\/index.php\/wp-json\/wp\/v2\/media\/175784"}],"wp:attachment":[{"href":"http:\/\/cordobadirecto.com\/index.php\/wp-json\/wp\/v2\/media?parent=175783"}],"wp:term":[{"taxonomy":"category","embeddable":true,"href":"http:\/\/cordobadirecto.com\/index.php\/wp-json\/wp\/v2\/categories?post=175783"},{"taxonomy":"post_tag","embeddable":true,"href":"http:\/\/cordobadirecto.com\/index.php\/wp-json\/wp\/v2\/tags?post=175783"}],"curies":[{"name":"wp","href":"https:\/\/api.w.org\/{rel}","templated":true}]}}