{"id":175785,"date":"2025-09-23T21:36:58","date_gmt":"2025-09-23T21:36:58","guid":{"rendered":"https:\/\/www.ole.com.ar\/autos\/paul-aron-formula-1-f1-alpine-segunda-butaca-asiento-colapinto_0_iTjGKivoAM.html"},"modified":"2025-09-23T21:36:58","modified_gmt":"2025-09-23T21:36:58","slug":"paul-aron-de-crecer-en-la-granja-de-su-abuela-motociclista-a-luchar-con-colapinto-por-una-butaca-de-f1-alpine","status":"publish","type":"post","link":"http:\/\/cordobadirecto.com\/index.php\/2025\/09\/23\/paul-aron-de-crecer-en-la-granja-de-su-abuela-motociclista-a-luchar-con-colapinto-por-una-butaca-de-f1-alpine\/","title":{"rendered":"Paul Aron, de crecer en la granja de su abuela motociclista a luchar con Colapinto por una butaca de F1 Alpine"},"content":{"rendered":"<p><span class=\"createDate\">23\/09\/2025 18:36hs.<\/span><time class=\"modificatedDate\" datetime=\"2025-09-23T19:28:56-03:00\"> Actualizado al 23\/09\/2025 19:28hs.<\/time><\/p>\n<div id=\"storyBody\">\n<div class=\"custom-text \" readability=\"38.526315789474\">\n<p>A menudo se suele ver a los protagonistas de las esferas m\u00e1s altas del deporte como estrellas inalcanzables. Sin embargo, no todas nacieron en cuna de oro. Claro, hay salvedades como aquellos que son hijos de y corren con la ventaja del apellido, pero tambi\u00e9n <strong>est\u00e1n aquellos que se hicieron desde abajo<\/strong>. La <strong><a href=\"https:\/\/www.ole.com.ar\/tema\/formula-1.html\" title=\"F\u00f3rmula 1\" alt=\"F\u00f3rmula 1\" class=\"slug\">F\u00f3rmula 1<\/a><\/strong> cuenta con cantidad de estas historias, como la de <strong>Paul Aron<\/strong>, quien hoy pelea con <strong><a href=\"https:\/\/www.ole.com.ar\/tema\/franco-colapinto.html\" title=\"Franco Colapinto\" alt=\"Franco Colapinto\" class=\"slug\">Franco Colapinto<\/a><\/strong> por ser quien acompa\u00f1e a <strong><a href=\"https:\/\/www.ole.com.ar\/tema\/pierre-gasly.html\" title=\"Pierre Gasly\" alt=\"Pierre Gasly\" class=\"slug\">Pierre Gasly<\/a><\/strong>, de flamante contrato, en la pr\u00f3xima temporada bajo la tutela de <strong><a href=\"https:\/\/www.ole.com.ar\/tema\/alpine.html\" title=\"Alpine\" alt=\"Alpine\" class=\"slug\">Alpine<\/a><\/strong>.<\/p>\n<\/div>\n<div class=\"custom-text \" readability=\"40\">\n<p>Esto es as\u00ed porque fue <strong>Flavio Briatore<\/strong> quien anunci\u00f3 a ambos como contendientes para un lugar. Seg\u00fan pudo saber <strong>Ol\u00e9<\/strong>, todo apunta a que Fran seguir\u00e1 manejando el coche #43 en el 2026. Por las dudas, en esta nota, sobre todo par aquien no lo conoce, presentamos al estonio, hoy reserva del equipo.<\/p>\n<\/div>\n<p><h2>Entre vacas y fierros, as\u00ed se cri\u00f3 Aron<\/h2>\n<\/p>\n<div class=\"custom-text \" readability=\"41\">\n<p>Antes de llegar a la M\u00e1xima, incluso antes de descubrir que lo suyo era agarrar el volante y acelerar, el oriundo de <strong>Tallin<\/strong>, la capital de Estonia, tuvo en su infancia lo que cualquier hijo de vecino. Creci\u00f3 junto a su familia, estudiaba y se divert\u00eda con sus amigos despu\u00e9s del colegio. No obstante, hab\u00eda un peque\u00f1o detalle: <strong>pas\u00f3 la mayor parte de su juventud en una granja<\/strong>.<\/p>\n<\/div>\n<div class=\"sc-e7b891c4-0 ifHnQL image-embed\"><img alt=\"Paul Aron, en su primer d\u00eda de colegio. (Foto: @paularon_)\" loading=\"lazy\" width=\"720\" height=\"100\" decoding=\"async\" data-nimg=\"1\" src=\"http:\/\/cordobadirecto.com\/wp-content\/uploads\/2025\/09\/paul-aron-de-crecer-en-la-granja-de-su-abuela-motociclista-a-luchar-con-colapinto-por-una-butaca-de-f1-alpine.jpg\"><span class=\"epigraphe\">Paul Aron, en su primer d\u00eda de colegio. (Foto: @paularon_)<\/span><\/div>\n<div class=\"custom-text \" readability=\"41\">\n<p><strong>Vivi\u00f3 en la estancia de su abuela, Tiia<\/strong>, <strong>quien le hered\u00f3 el amor por los fierros tanto a \u00e9l como al resto de los Aron<\/strong>. Desde joven, la nona estuvo fuertemente interesada en el automovilismo, a tal punto que su pap\u00e1 le regal\u00f3 una moto cuando cumpli\u00f3 12 a\u00f1os. El piloto no s\u00f3lo mam\u00f3 de la leche fresca de vaca todas las ma\u00f1anas de verano, tal y como expres\u00f3 en una nota para la F\u00f3rmula 3, sino tambi\u00e9n de la pasi\u00f3n que comenz\u00f3 la abuela.<\/p>\n<\/div>\n<div class=\"custom-text \" readability=\"39\">\n<p>Sobre su ciudad de nacimiento, la tild\u00f3 de preciosa y recomend\u00f3 visitarla en \u00e9pocas veraniegas por el clima c\u00e1lido y para aprovecharse de las playas abiertas. El estonio <strong>tom\u00f3 partido de su propio consejo<\/strong> y disfrut\u00f3 del tiempo estival, pero no en su casa, sino en G\u00e9nova, Italia. M\u00e1s espec\u00edficamente en las costas paradis\u00edacas de <strong>Santa Margherita Ligure<\/strong>.<\/p>\n<\/div>\n<div class=\"custom-text \" readability=\"41\">\n<p>Si bien el acuariano de 21 a\u00f1os no mostr\u00f3 mucho de sus vacaciones, quien s\u00ed lo hizo fue su novia, Iris Murumets. Si bien hab\u00edan indicios de un posible romance que la prensa estonia segu\u00eda de cerca, ya que <strong>se trata de la vida de una completa celebridad (un astro, lo llaman) en dicho pa\u00eds<\/strong>, fue ella la que confirm\u00f3 la noticia a trav\u00e9s de Instagram. \u00bfC\u00f3mo? En una de las fotos que subi\u00f3 del viaje, mostr\u00f3 a Aron abraz\u00e1ndola.<\/p>\n<\/div>\n<div class=\"sc-e7b891c4-0 ifHnQL image-embed\"><img alt=\"El estonio con su novia en Italia. (Foto: @irismurumets)\" loading=\"lazy\" width=\"720\" height=\"100\" decoding=\"async\" data-nimg=\"1\" src=\"http:\/\/cordobadirecto.com\/wp-content\/uploads\/2025\/09\/paul-aron-de-crecer-en-la-granja-de-su-abuela-motociclista-a-luchar-con-colapinto-por-una-butaca-de-f1-alpine-1.jpg\"><span class=\"epigraphe\">El estonio con su novia en Italia. (Foto: @irismurumets)<\/span><\/div>\n<p><h2>C\u00f3mo le fue a Aron arriba del auto<\/h2>\n<\/p>\n<div class=\"custom-text \" readability=\"37\">\n<p>La carrera del estonio est\u00e1 ligada a los monoplazas desde <strong>2019<\/strong>. Pas\u00f3 por distintas competencias regionales en <strong>Italia, Europa y Asia<\/strong>, adem\u00e1s de las divisiones inferiores de la F\u00f3rmula 1, <strong>siendo 3\u00b0<\/strong> en su primer a\u00f1o <strong>en la F4 italiana<\/strong> y en los campeonatos de <strong>F3 <\/strong>(2023) <strong>y F2<\/strong> (2024). <\/p>\n<\/div>\n<div class=\"custom-text \" readability=\"35\">\n<p>El \u00fanico par\u00e9ntesis tuvo lugar en <strong>2022<\/strong>, cuando disput\u00f3 el <strong>Aurum 1006 kil\u00f3metros<\/strong>, una carrera de resistencia que se celebra anualmente en Lituania al volante de un GT y<strong> termin\u00f3 segundo.<\/strong><\/p>\n<\/div>\n<div class=\"custom-text \" readability=\"45\">\n<p>Hoy, Aron vive el sue\u00f1o de haber llegado a la M\u00e1xima, donde <strong>lleg\u00f3 a debutar como reserva de Sauber<\/strong>, cedido por Alpine, en la primera pr\u00e1ctica libre <strong>en Gran Breta\u00f1a<\/strong>. Con el auto de Nico Hulkenberg, dio 25 vueltas y <strong>qued\u00f3 17\u00b0<\/strong>, a 1.250s del primero, Lewis Hamilton. En la jornada siguiente, <strong>en Hungr\u00eda<\/strong>, gir\u00f3 nueve veces y <strong>fue el \u00faltimo de la clasificaci\u00f3n<\/strong>, a 3.736s de Lando Norris.<\/p>\n<\/div>\n<div class=\"custom-text \" readability=\"35\">\n<p>El estreno con Alpine lleg\u00f3 en el Gran Premio de Italia. En Monza, <strong>el estonio se subi\u00f3 a la m\u00e1quina de Colapinto<\/strong> en la FP1 <strong>y volvi\u00f3 a quedar en el fondo de la tabla<\/strong>, a 2.036s de Hamilton.<\/p>\n<\/div>\n<div class=\"sc-a7166897-0 eoLsBE\" readability=\"6\">\n<section readability=\"2\"><picture><img alt=\"\u00bfQuer\u00e9s estar cerca de Franco Colapinto? Alpine ofrece 38 puestos de trabajo\" loading=\"lazy\" width=\"290\" height=\"290\" decoding=\"async\" data-nimg=\"1\" src=\"http:\/\/cordobadirecto.com\/wp-content\/uploads\/2025\/09\/paul-aron-de-crecer-en-la-granja-de-su-abuela-motociclista-a-luchar-con-colapinto-por-una-butaca-de-f1-alpine-2.jpg\"><\/picture>\n<p><span>Mir\u00e1 tambi\u00e9n<\/span><\/p>\n<hr>\n<h3>\u00bfQuer\u00e9s estar cerca de Franco Colapinto? Alpine ofrece 38 puestos de trabajo<\/h3>\n<\/p>\n<\/section>\n<\/div>\n<div class=\"sc-a7166897-0 eoLsBE\" readability=\"6.5\">\n<section readability=\"3\"><picture><img alt=\"El mensaje de Alpine que sepulta las aspiraciones de Franco Colapinto en la F\u00f3rmula 1 del 2025\" loading=\"lazy\" width=\"290\" height=\"290\" decoding=\"async\" data-nimg=\"1\" src=\"http:\/\/cordobadirecto.com\/wp-content\/uploads\/2025\/09\/paul-aron-de-crecer-en-la-granja-de-su-abuela-motociclista-a-luchar-con-colapinto-por-una-butaca-de-f1-alpine-3.jpg\"><\/picture>\n<p><span>Mir\u00e1 tambi\u00e9n<\/span><\/p>\n<hr>\n<h3>El mensaje de Alpine que sepulta las aspiraciones de Franco Colapinto en la F\u00f3rmula 1 del 2025<\/h3>\n<\/p>\n<\/section>\n<\/div>\n<div class=\"sc-a7166897-0 eoLsBE\" readability=\"6.5\">\n<section readability=\"3\"><picture><img alt=\"El improvisado viaje que compartieron Charles Leclerc y Carlos Sainz luego del Gran Premio de Azerbaiy\u00e1n\" loading=\"lazy\" width=\"290\" height=\"290\" decoding=\"async\" data-nimg=\"1\" src=\"http:\/\/cordobadirecto.com\/wp-content\/uploads\/2025\/09\/paul-aron-de-crecer-en-la-granja-de-su-abuela-motociclista-a-luchar-con-colapinto-por-una-butaca-de-f1-alpine-4.jpg\"><\/picture>\n<p><span>Mir\u00e1 tambi\u00e9n<\/span><\/p>\n<hr>\n<h3>El improvisado viaje que compartieron Charles Leclerc y Carlos Sainz luego del Gran Premio de Azerbaiy\u00e1n<\/h3>\n<\/p>\n<\/section>\n<\/div>\n<\/div>\n","protected":false},"excerpt":{"rendered":"<p>23\/09\/2025 18:36hs. Actualizado al 23\/09\/2025 19:28hs. A menudo se suele ver a los protagonistas de las esferas m\u00e1s altas del deporte como estrellas inalcanzables. Sin embargo, no todas nacieron en cuna de oro. Claro, hay salvedades como aquellos que son hijos de y corren con la ventaja del apellido, pero tambi\u00e9n est\u00e1n aquellos que se [&hellip;]<\/p>\n","protected":false},"author":1,"featured_media":175786,"comment_status":"closed","ping_status":"closed","sticky":false,"template":"","format":"standard","meta":[],"categories":[21],"tags":[],"_links":{"self":[{"href":"http:\/\/cordobadirecto.com\/index.php\/wp-json\/wp\/v2\/posts\/175785"}],"collection":[{"href":"http:\/\/cordobadirecto.com\/index.php\/wp-json\/wp\/v2\/posts"}],"about":[{"href":"http:\/\/cordobadirecto.com\/index.php\/wp-json\/wp\/v2\/types\/post"}],"author":[{"embeddable":true,"href":"http:\/\/cordobadirecto.com\/index.php\/wp-json\/wp\/v2\/users\/1"}],"replies":[{"embeddable":true,"href":"http:\/\/cordobadirecto.com\/index.php\/wp-json\/wp\/v2\/comments?post=175785"}],"version-history":[{"count":0,"href":"http:\/\/cordobadirecto.com\/index.php\/wp-json\/wp\/v2\/posts\/175785\/revisions"}],"wp:featuredmedia":[{"embeddable":true,"href":"http:\/\/cordobadirecto.com\/index.php\/wp-json\/wp\/v2\/media\/175786"}],"wp:attachment":[{"href":"http:\/\/cordobadirecto.com\/index.php\/wp-json\/wp\/v2\/media?parent=175785"}],"wp:term":[{"taxonomy":"category","embeddable":true,"href":"http:\/\/cordobadirecto.com\/index.php\/wp-json\/wp\/v2\/categories?post=175785"},{"taxonomy":"post_tag","embeddable":true,"href":"http:\/\/cordobadirecto.com\/index.php\/wp-json\/wp\/v2\/tags?post=175785"}],"curies":[{"name":"wp","href":"https:\/\/api.w.org\/{rel}","templated":true}]}}