{"id":175787,"date":"2025-09-24T08:54:51","date_gmt":"2025-09-24T08:54:51","guid":{"rendered":"https:\/\/www.ole.com.ar\/futbol-ascenso\/ascenso-primera-nacional-colon-juveniles-fin-campeonato_0_LKYymVcR4I.html"},"modified":"2025-09-24T08:54:51","modified_gmt":"2025-09-24T08:54:51","slug":"la-drastica-decision-de-la-dirigencia-de-colon-tras-salvarse-del-descenso","status":"publish","type":"post","link":"http:\/\/cordobadirecto.com\/index.php\/2025\/09\/24\/la-drastica-decision-de-la-dirigencia-de-colon-tras-salvarse-del-descenso\/","title":{"rendered":"La dr\u00e1stica decisi\u00f3n de la dirigencia de Col\u00f3n tras salvarse del descenso"},"content":{"rendered":"<p><time class=\"createDate\" datetime=\"2025-09-23T19:27:32-03:00\">23\/09\/2025 19:27hs.<\/time><\/p>\n<div id=\"storyBody\">\n<div class=\"custom-text \" readability=\"34.707920792079\">\n<p><strong>El a\u00f1o de <a href=\"https:\/\/www.ole.com.ar\/tema\/colon.html\" title=\"Col\u00f3n\" alt=\"Col\u00f3n\" class=\"slug\">Col\u00f3n <\/a>fue todo lo contrario a lo que se esperaba<\/strong>, pas\u00f3 del sue\u00f1o de volver a la <a href=\"https:\/\/www.ole.com.ar\/tema\/liga-profesional.html\" title=\"Liga Profesional\" alt=\"Liga Profesional\" class=\"slug\">Liga<\/a> a la pesadilla que significa pelear el descenso a la <a href=\"https:\/\/www.ole.com.ar\/tema\/b-metro.html\" title=\"B Metro\" alt=\"B Metro\" class=\"slug\">Primera B<\/a> hasta las \u00faltimas fechas del campeonato que encuentra al Sabalero en el antepen\u00faltimo puesto de la Zona B de la <a href=\"https:\/\/www.ole.com.ar\/tema\/primera-nacional.html\" title=\"Primera Nacional\" alt=\"Primera Nacional\" class=\"slug\">Primera Nacional<\/a>, con 29 puntos, nueve m\u00e1s que los descendidos Talleres de Remedios de Escalada y Defensores Unidos de Z\u00e1rate. <\/p>\n<\/div>\n<div class=\"custom-text \" readability=\"39\">\n<p>Y en la interna rojinegra, donde todos (dirigentes, cuerpo t\u00e9cnico y jugadores) son cuestionados, tienen en claro que hay mucho que corregir para no repetir nunca m\u00e1s una campa\u00f1a como la del 2025. Por tal motivo, l<strong>a Comisi\u00f3n Directiva tom\u00f3 cartas en el asunto y aplic\u00f3 una medida muy fuerte para encarar lo que resta del campeonato. <\/strong><\/p>\n<\/div>\n<p><h2><strong>La decisi\u00f3n de Col\u00f3n para el cierre del campeonato<\/strong><\/h2>\n<\/p>\n<div class=\"custom-text \" readability=\"36\">\n<p>Seg\u00fan confirman desde Santa Fe, la c\u00fapula dirigencial le pidi\u00f3 a Ezequiel Medr\u00e1n que afronte las \u00faltimas dos fechas de la Primera Nacional (Estudiantes en el Ciudad de Caseros y CADU en el Cementerio de los Elefantes<strong>) con mayor\u00eda de juveniles y no utilice a los jugadores del plantel actual cuyo contrato con la instituci\u00f3n culmine a fines de este a\u00f1o. <\/strong><\/p>\n<\/div>\n<div class=\"sc-e7b891c4-0 ifHnQL image-embed\"><img alt=\"Col\u00f3n perdi\u00f3 18 de los 30 partidos que jug\u00f3 en la Primera Nacional 2025 (Foto: Diario UNO)\" loading=\"lazy\" width=\"720\" height=\"100\" decoding=\"async\" data-nimg=\"1\" src=\"http:\/\/cordobadirecto.com\/wp-content\/uploads\/2025\/09\/la-drastica-decision-de-la-dirigencia-de-colon-tras-salvarse-del-descenso.jpg\"><span class=\"epigraphe\">Col\u00f3n perdi\u00f3 18 de los 30 partidos que jug\u00f3 en la Primera Nacional 2025 (Foto: Diario UNO)<\/span><\/div>\n<div class=\"custom-text \" readability=\"38\">\n<p>Esta decisi\u00f3n deja a las claras que casi todos de los nombres fuertes que tiene el Negro en sus filas (Marcos D\u00edaz, Guillermo Ort\u00edz, Christian Bernardi, Emmanuel Gigliotti, entre otros) <strong>no seguir\u00e1n vistiendo la casaca del conjunto de Paso y Zavalla en la temporada que viene. <\/strong><\/p>\n<\/div>\n<p><h2><strong>Todos los jugadores que vencen contrato a fin de a\u00f1o<\/strong><\/h2>\n<\/p>\n<div class=\"custom-text \" readability=\"49\">\n<p>El listado completo es de 16 futbolistas profesionales: <strong>Marcos D\u00edaz, Gonzalo Bettini, Facundo S\u00e1nchez, Guillermo Ortiz, Brian Negro, Federico Jourd\u00e1n, Lautaro Laborie, Joel So\u00f1ora, Nicol\u00e1s Fern\u00e1ndez, Kevin Colli, \u00d3scar Garrido, Emmanuel Gigliotti, Jos\u00e9 Barreto, Christian Bernardi, Alex Aranda y Conrado Ibarra. <\/strong><\/p>\n<\/div>\n<div class=\"sc-e7b891c4-0 ifHnQL image-embed\"><img alt=\"Gigliotti puede irse libre en diciembre (Prensa Col\u00f3n).\" loading=\"lazy\" width=\"720\" height=\"100\" decoding=\"async\" data-nimg=\"1\" src=\"http:\/\/cordobadirecto.com\/wp-content\/uploads\/2025\/09\/la-drastica-decision-de-la-dirigencia-de-colon-tras-salvarse-del-descenso-1.jpg\"><span class=\"epigraphe\">Gigliotti puede irse libre en diciembre (Prensa Col\u00f3n).<\/span><\/div>\n<p><h2><strong>El futuro de Ezequiel Medr\u00e1n<\/strong><\/h2>\n<\/p>\n<div class=\"custom-text \" readability=\"39\">\n<p>La semana pasada, tanto el oficialismo como la oposici\u00f3n (hay elecciones a fines de noviembre) le dieron un voto m\u00e1s de confianza al ex Gimnasia de Mendoza para afrontar lo que resta del a\u00f1o -es el cuarto det\u00e9 en lo que va del torneo- y, por ahora, <strong>seguir\u00eda al frente del equipo en la temporada siguiente,<\/strong> teniendo tiempo de trabajar en la pretemporada y manejar el mercado de pases. <\/p>\n<\/div>\n<div class=\"sc-e7b891c4-0 ifHnQL image-embed\"><img alt=\"Medr\u00e1n sigue en el banco del Sabalero\" loading=\"lazy\" width=\"720\" height=\"100\" decoding=\"async\" data-nimg=\"1\" src=\"http:\/\/cordobadirecto.com\/wp-content\/uploads\/2025\/09\/la-drastica-decision-de-la-dirigencia-de-colon-tras-salvarse-del-descenso-2.jpg\"><span class=\"epigraphe\">Medr\u00e1n sigue en el banco del Sabalero<\/span><\/div>\n<div class=\"sc-a7166897-0 eoLsBE\" readability=\"6\">\n<section readability=\"2\"><picture><img alt=\"Video: as\u00ed fue el primer gol de Mastantuono en el Real Madrid\" loading=\"lazy\" width=\"290\" height=\"290\" decoding=\"async\" data-nimg=\"1\" src=\"http:\/\/cordobadirecto.com\/wp-content\/uploads\/2025\/09\/la-drastica-decision-de-la-dirigencia-de-colon-tras-salvarse-del-descenso-3.jpg\"><\/picture>\n<p><span>Mir\u00e1 tambi\u00e9n<\/span><\/p>\n<hr>\n<h3>Video: as\u00ed fue el primer gol de Mastantuono en el Real Madrid<\/h3>\n<\/p>\n<\/section>\n<\/div>\n<div class=\"sc-a7166897-0 eoLsBE\" readability=\"6\">\n<section readability=\"2\"><picture><img alt=\"La Intercontinental 2025 tiene su primer semifinalista\" loading=\"lazy\" width=\"290\" height=\"290\" decoding=\"async\" data-nimg=\"1\" src=\"http:\/\/cordobadirecto.com\/wp-content\/uploads\/2025\/09\/la-drastica-decision-de-la-dirigencia-de-colon-tras-salvarse-del-descenso-4.jpg\"><\/picture>\n<p><span>Mir\u00e1 tambi\u00e9n<\/span><\/p>\n<hr>\n<h3>La Intercontinental 2025 tiene su primer semifinalista<\/h3>\n<\/p>\n<\/section>\n<\/div>\n<\/div>\n","protected":false},"excerpt":{"rendered":"<p>23\/09\/2025 19:27hs. El a\u00f1o de Col\u00f3n fue todo lo contrario a lo que se esperaba, pas\u00f3 del sue\u00f1o de volver a la Liga a la pesadilla que significa pelear el descenso a la Primera B hasta las \u00faltimas fechas del campeonato que encuentra al Sabalero en el antepen\u00faltimo puesto de la Zona B de la [&hellip;]<\/p>\n","protected":false},"author":1,"featured_media":175788,"comment_status":"closed","ping_status":"closed","sticky":false,"template":"","format":"standard","meta":[],"categories":[21],"tags":[],"_links":{"self":[{"href":"http:\/\/cordobadirecto.com\/index.php\/wp-json\/wp\/v2\/posts\/175787"}],"collection":[{"href":"http:\/\/cordobadirecto.com\/index.php\/wp-json\/wp\/v2\/posts"}],"about":[{"href":"http:\/\/cordobadirecto.com\/index.php\/wp-json\/wp\/v2\/types\/post"}],"author":[{"embeddable":true,"href":"http:\/\/cordobadirecto.com\/index.php\/wp-json\/wp\/v2\/users\/1"}],"replies":[{"embeddable":true,"href":"http:\/\/cordobadirecto.com\/index.php\/wp-json\/wp\/v2\/comments?post=175787"}],"version-history":[{"count":0,"href":"http:\/\/cordobadirecto.com\/index.php\/wp-json\/wp\/v2\/posts\/175787\/revisions"}],"wp:featuredmedia":[{"embeddable":true,"href":"http:\/\/cordobadirecto.com\/index.php\/wp-json\/wp\/v2\/media\/175788"}],"wp:attachment":[{"href":"http:\/\/cordobadirecto.com\/index.php\/wp-json\/wp\/v2\/media?parent=175787"}],"wp:term":[{"taxonomy":"category","embeddable":true,"href":"http:\/\/cordobadirecto.com\/index.php\/wp-json\/wp\/v2\/categories?post=175787"},{"taxonomy":"post_tag","embeddable":true,"href":"http:\/\/cordobadirecto.com\/index.php\/wp-json\/wp\/v2\/tags?post=175787"}],"curies":[{"name":"wp","href":"https:\/\/api.w.org\/{rel}","templated":true}]}}