{"id":175791,"date":"2025-09-24T03:28:07","date_gmt":"2025-09-24T03:28:07","guid":{"rendered":"http:\/\/cordobadirecto.com\/index.php\/2025\/09\/24\/regularizacion-tributaria-provincia-y-municipio-lanzan-planes-excepcionales-de-pagos\/"},"modified":"2025-09-24T03:28:07","modified_gmt":"2025-09-24T03:28:07","slug":"regularizacion-tributaria-provincia-y-municipio-lanzan-planes-excepcionales-de-pagos","status":"publish","type":"post","link":"http:\/\/cordobadirecto.com\/index.php\/2025\/09\/24\/regularizacion-tributaria-provincia-y-municipio-lanzan-planes-excepcionales-de-pagos\/","title":{"rendered":"Regularizaci\u00f3n tributaria: Provincia y Municipio lanzan planes excepcionales de pagos"},"content":{"rendered":"<p>En el caso de la Provincia, a trav\u00e9s del Ministerio de <b>Econom\u00eda<\/b> y &#8230; <b>Nueva C\u00f3rdoba<\/b>Siguiente. Virales. stop animationstop. slide 6 of 5. Euge&nbsp;&#8230; <\/p>\n","protected":false},"excerpt":{"rendered":"<p>En el caso de la Provincia, a trav\u00e9s del Ministerio de Econom\u00eda y &#8230; Nueva C\u00f3rdobaSiguiente. Virales. stop animationstop. slide 6 of 5. Euge&nbsp;&#8230;<\/p>\n","protected":false},"author":1,"featured_media":0,"comment_status":"closed","ping_status":"closed","sticky":false,"template":"","format":"standard","meta":[],"categories":[40],"tags":[],"_links":{"self":[{"href":"http:\/\/cordobadirecto.com\/index.php\/wp-json\/wp\/v2\/posts\/175791"}],"collection":[{"href":"http:\/\/cordobadirecto.com\/index.php\/wp-json\/wp\/v2\/posts"}],"about":[{"href":"http:\/\/cordobadirecto.com\/index.php\/wp-json\/wp\/v2\/types\/post"}],"author":[{"embeddable":true,"href":"http:\/\/cordobadirecto.com\/index.php\/wp-json\/wp\/v2\/users\/1"}],"replies":[{"embeddable":true,"href":"http:\/\/cordobadirecto.com\/index.php\/wp-json\/wp\/v2\/comments?post=175791"}],"version-history":[{"count":0,"href":"http:\/\/cordobadirecto.com\/index.php\/wp-json\/wp\/v2\/posts\/175791\/revisions"}],"wp:attachment":[{"href":"http:\/\/cordobadirecto.com\/index.php\/wp-json\/wp\/v2\/media?parent=175791"}],"wp:term":[{"taxonomy":"category","embeddable":true,"href":"http:\/\/cordobadirecto.com\/index.php\/wp-json\/wp\/v2\/categories?post=175791"},{"taxonomy":"post_tag","embeddable":true,"href":"http:\/\/cordobadirecto.com\/index.php\/wp-json\/wp\/v2\/tags?post=175791"}],"curies":[{"name":"wp","href":"https:\/\/api.w.org\/{rel}","templated":true}]}}