{"id":175794,"date":"2025-09-24T16:04:01","date_gmt":"2025-09-24T16:04:01","guid":{"rendered":"https:\/\/cordoba.gob.ar\/?p=81510"},"modified":"2025-09-24T16:04:01","modified_gmt":"2025-09-24T16:04:01","slug":"inicio-la-iv-edicion-de-cordoba-de-los-patios-desde-esta-tarde-podran-visitarse-14-espacios-de-la-ciudad","status":"publish","type":"post","link":"http:\/\/cordobadirecto.com\/index.php\/2025\/09\/24\/inicio-la-iv-edicion-de-cordoba-de-los-patios-desde-esta-tarde-podran-visitarse-14-espacios-de-la-ciudad\/","title":{"rendered":"Inici\u00f3 la IV edici\u00f3n de \u201cC\u00f3rdoba de los Patios\u201d: desde esta tarde podr\u00e1n visitarse 14 espacios de la ciudad"},"content":{"rendered":"<div><img src=\"http:\/\/cordobadirecto.com\/wp-content\/uploads\/2025\/09\/inicio-la-iv-edicion-de-cordoba-de-los-patios-desde-esta-tarde-podran-visitarse-14-espacios-de-la-ciudad.jpg\" class=\"ff-og-image-inserted\"><\/div>\n<ul>\n<li><strong>La actividad tendr\u00e1 lugar desde las 16:00 de este mi\u00e9rcoles hasta las 20:00 de ma\u00f1ana jueves 25 de setiembre. <\/strong><\/li>\n<li><strong>En ambas jornadas podr\u00e1n recorrerse los 14 patios emblem\u00e1ticos e hist\u00f3ricos que integran esta nueva edici\u00f3n del tradicional Paseo.<\/strong><\/li>\n<\/ul>\n<hr>\n<p>Desde este mi\u00e9rcoles se pone en marcha \u201cC\u00f3rdoba de los Patios IV edici\u00f3n, toda una invitaci\u00f3n a redescubrir estos lugares hist\u00f3ricos que en estas dos jornadas estar\u00e1n abiertos al p\u00fablico.<\/p>\n<p>Se trata de espacios que habitualmente est\u00e1n cerrados al p\u00fablico y que podr\u00e1n recorrerse especialmente en estos d\u00edas en forma libre y gratuita y con la posibilidad de experiencias tem\u00e1ticas a cargo de gu\u00edas de la Subsecretar\u00eda de Turismo Municipal.<\/p>\n<p>Otro condimento especial, en esta edici\u00f3n se suma un patio nuevo, el&nbsp;Patio de \u201cDo\u00f1a Coca\u201d, ubicado en el Museo de la Pizza (Av. General Paz 338), dentro de la tradicional Pizzer\u00eda Don Luis, todo un homenaje a las familias inmigrantes que encontraron en C\u00f3rdoba su lugar en el mundo.<\/p>\n<p data-prosemirror-content-type=\"node\" data-prosemirror-node-name=\"paragraph\" data-prosemirror-node-block=\"true\"><strong data-prosemirror-content-type=\"mark\" data-prosemirror-mark-name=\"strong\">La ciudad y su hermana<\/strong><\/p>\n<p data-prosemirror-content-type=\"node\" data-prosemirror-node-name=\"paragraph\" data-prosemirror-node-block=\"true\">C\u00f3rdoba de los Patios&nbsp;se presenta como una inmejorable oportunidad para mostrar c\u00f3mo nuestra ciudad recrea y resignifica, con impronta local, la tradicional fiesta andaluza de los patios. Y en ese marco, la propuesta tiene un condimento especial:&nbsp;la presencia de autoridades del Ayuntamiento y la Universidad de C\u00f3rdoba, Espa\u00f1a, quienes&nbsp;visitan nuestra ciudad para ratificar el convenio de hermanamiento firmado entre ambas C\u00f3rdobas.<\/p>\n<p data-prosemirror-content-type=\"node\" data-prosemirror-node-name=\"paragraph\" data-prosemirror-node-block=\"true\"><strong data-prosemirror-content-type=\"mark\" data-prosemirror-mark-name=\"strong\">Los 14 patios para encantarse de la historia<\/strong><\/p>\n<p data-prosemirror-content-type=\"node\" data-prosemirror-node-name=\"paragraph\" data-prosemirror-node-block=\"true\">Los patios que forman parte de esta edici\u00f3n incluyen joyas patrimoniales que pertenecen al&nbsp;Cabildo Hist\u00f3rico (Independencia 30), la&nbsp;Iglesia Catedral (Independencia 80), el&nbsp;Museo San Alberto (Obispo Trejo 194), el&nbsp;Museo Sobremonte (Rosario de Sta. Fe 218), el&nbsp;Colegio Nacional de Monserrat (Obispo Trejo 294), el&nbsp;Museo de la UNC (Obispo Trejo 242), el&nbsp;Museo Juan de Tejeda (Independencia 122), el&nbsp;Centro Cultural Casa Espa\u00f1a-C\u00f3rdoba (Entre R\u00edos 40), el&nbsp;Centro Cultural Paseo C\u00f3rdoba de la Nueva Andaluc\u00eda (Obispo Trejo 314).<\/p>\n<p data-prosemirror-content-type=\"node\" data-prosemirror-node-name=\"paragraph\" data-prosemirror-node-block=\"true\">Asimismo, el&nbsp;Museo Superior de Bellas Artes Evita \u2013 Palacio Ferreyra; junto al Museo de Bellas Artes Emilio Caraffa, ambos frente a Plaza Espa\u00f1a, en el barrio de Nueva C\u00f3rdoba.<\/p>\n<p data-prosemirror-content-type=\"node\" data-prosemirror-node-name=\"paragraph\" data-prosemirror-node-block=\"true\">Y finalmente, el&nbsp;Multiespacio Cultural Bancor (Entre R\u00edos 119), el&nbsp;Edificio hist\u00f3rico de la Legislatura (De\u00e1n Funes 94)&nbsp;y, en esta edici\u00f3n, se suma el&nbsp;Museo de la Pizza, con el patio de \u201cDo\u00f1a Coca\u201d en Av. General Paz 338.<\/p>\n<p data-prosemirror-content-type=\"node\" data-prosemirror-node-name=\"paragraph\" data-prosemirror-node-block=\"true\">Desde los patios solemnes del centro hist\u00f3rico hasta jardines art\u00edsticos y culturales, el recorrido propone una C\u00f3rdoba ecl\u00e9ctica, generosa y abierta.<\/p>\n<p data-prosemirror-content-type=\"node\" data-prosemirror-node-name=\"paragraph\" data-prosemirror-node-block=\"true\"><strong data-prosemirror-content-type=\"mark\" data-prosemirror-mark-name=\"strong\">Visitas guiadas tem\u00e1ticas<\/strong><\/p>\n<p data-prosemirror-content-type=\"node\" data-prosemirror-node-name=\"paragraph\" data-prosemirror-node-block=\"true\">Para quienes deseen una experiencia m\u00e1s completa, habr\u00e1&nbsp;visitas guiadas gratuitas&nbsp;con distintos ejes tem\u00e1ticos, que parten desde la Oficina de Informaci\u00f3n Tur\u00edstica del Cabildo y desde G\u00fcemes. Entre las propuestas destacan:<\/p>\n<p data-prosemirror-content-type=\"node\" data-prosemirror-node-name=\"paragraph\" data-prosemirror-node-block=\"true\"><strong data-prosemirror-content-type=\"mark\" data-prosemirror-mark-name=\"strong\">Entre arcos y balcones<\/strong>:&nbsp;<strong data-prosemirror-content-type=\"mark\" data-prosemirror-mark-name=\"strong\">La primavera del patrimonio<\/strong>.&nbsp;El 24 y 25 de septiembre, de 16:00 a 16:45 horas. Cabildo Hist\u00f3rico: Patios Mayor y Menor.&nbsp; Legislatura: ingreso por Rivera Indarte y Patio. Punto de partida: Oficina de Informaci\u00f3n Tur\u00edstica del Cabildo. Independencia 30).<\/p>\n<p data-prosemirror-content-type=\"node\" data-prosemirror-node-name=\"paragraph\" data-prosemirror-node-block=\"true\"><strong data-prosemirror-content-type=\"mark\" data-prosemirror-mark-name=\"strong\">El valor del tiempo: del Banco de C\u00f3rdoba al Multiespacio Bancor<\/strong>.&nbsp;El 24 y 25 de septiembre, de 16:45 a 17:30 horas. Multiespacio Bancor: Patio seco. Punto de partida: Oficina de Informaci\u00f3n Tur\u00edstica del Cabildo. (Independencia 30).<\/p>\n<p data-prosemirror-content-type=\"node\" data-prosemirror-node-name=\"paragraph\" data-prosemirror-node-block=\"true\"><strong data-prosemirror-content-type=\"mark\" data-prosemirror-mark-name=\"strong\">Puentes culturales: de Espa\u00f1a a la Nueva Andaluc\u00eda<\/strong>.&nbsp;D\u00edas 24 y 25 de septiembre, de 17:30 a 18:15 horas. Centro Cultural Espa\u00f1a C\u00f3rdoba: Patio del Anfiteatro, Centro Cultural de la Nueva Andaluc\u00eda: Patio de piedra. Punto de partida: Oficina de Informaci\u00f3n Tur\u00edstica del Cabildo. Independencia 30).<\/p>\n<p data-prosemirror-content-type=\"node\" data-prosemirror-node-name=\"paragraph\" data-prosemirror-node-block=\"true\"><strong data-prosemirror-content-type=\"mark\" data-prosemirror-mark-name=\"strong\">Patios de Fe y Azahar<\/strong>. Los d\u00edas&nbsp;24 y 25 de septiembre, de 18:15 a 19:00 horas. Museo Juan de Tejeda: Patio de los Naranjos, Museo San Alberto: Patio del Fundador. Punto de partida: Oficina de Informaci\u00f3n Tur\u00edstica del Cabildo. (Independencia 30).<\/p>\n<p data-prosemirror-content-type=\"node\" data-prosemirror-node-name=\"paragraph\" data-prosemirror-node-block=\"true\"><strong data-prosemirror-content-type=\"mark\" data-prosemirror-mark-name=\"strong\">Jardines y Arte en Primavera<\/strong>.&nbsp;El 24 y 25 de septiembre, de 18:00 a 18:45 horas. Av. H. Yrigoyen Palacio Mart\u00edn Ferreyra, jardines. Punto de partida: Oficina de Informaci\u00f3n Tur\u00edstica G\u00fcemes. Diagonal Garz\u00f3n 400).<\/p>\n<p data-prosemirror-content-type=\"node\" data-prosemirror-node-name=\"paragraph\" data-prosemirror-node-block=\"true\"><strong data-prosemirror-content-type=\"mark\" data-prosemirror-mark-name=\"strong\">Memorias y sabores: el Museo de la Pizza y su patio<\/strong>.&nbsp;El 24 y 25 de septiembre, de 18:45 a 19:30 horas. Por Av. Gral. Paz hasta Pizzer\u00eda Don Luis. Rese\u00f1a externa de la obra de Antonio Segu\u00ed, ingreso al Museo de la Pizza, Patio de do\u00f1a Coca y degustaci\u00f3n. Punto de partida: Oficina de Informaci\u00f3n Tur\u00edstica del Cabildo. Independencia 30).<\/p>\n<p data-prosemirror-content-type=\"node\" data-prosemirror-node-name=\"paragraph\" data-prosemirror-node-block=\"true\">Estas caminatas guiadas permiten contextualizar cada patio en su dimensi\u00f3n hist\u00f3rica, cultural y emocional, con la compa\u00f1\u00eda de profesionales que hacen de cada paso un aprendizaje.<\/p>\n","protected":false},"excerpt":{"rendered":"<p>La actividad tendr\u00e1 lugar desde las 16:00 de este mi\u00e9rcoles hasta las 20:00 de ma\u00f1ana jueves 25 de setiembre. En ambas jornadas podr\u00e1n recorrerse los 14 patios emblem\u00e1ticos e hist\u00f3ricos que integran esta nueva edici\u00f3n del tradicional Paseo. Desde este mi\u00e9rcoles se pone en marcha \u201cC\u00f3rdoba de los Patios IV edici\u00f3n, toda una invitaci\u00f3n a [&hellip;]<\/p>\n","protected":false},"author":1,"featured_media":175795,"comment_status":"closed","ping_status":"closed","sticky":false,"template":"","format":"standard","meta":[],"categories":[44],"tags":[],"_links":{"self":[{"href":"http:\/\/cordobadirecto.com\/index.php\/wp-json\/wp\/v2\/posts\/175794"}],"collection":[{"href":"http:\/\/cordobadirecto.com\/index.php\/wp-json\/wp\/v2\/posts"}],"about":[{"href":"http:\/\/cordobadirecto.com\/index.php\/wp-json\/wp\/v2\/types\/post"}],"author":[{"embeddable":true,"href":"http:\/\/cordobadirecto.com\/index.php\/wp-json\/wp\/v2\/users\/1"}],"replies":[{"embeddable":true,"href":"http:\/\/cordobadirecto.com\/index.php\/wp-json\/wp\/v2\/comments?post=175794"}],"version-history":[{"count":0,"href":"http:\/\/cordobadirecto.com\/index.php\/wp-json\/wp\/v2\/posts\/175794\/revisions"}],"wp:featuredmedia":[{"embeddable":true,"href":"http:\/\/cordobadirecto.com\/index.php\/wp-json\/wp\/v2\/media\/175795"}],"wp:attachment":[{"href":"http:\/\/cordobadirecto.com\/index.php\/wp-json\/wp\/v2\/media?parent=175794"}],"wp:term":[{"taxonomy":"category","embeddable":true,"href":"http:\/\/cordobadirecto.com\/index.php\/wp-json\/wp\/v2\/categories?post=175794"},{"taxonomy":"post_tag","embeddable":true,"href":"http:\/\/cordobadirecto.com\/index.php\/wp-json\/wp\/v2\/tags?post=175794"}],"curies":[{"name":"wp","href":"https:\/\/api.w.org\/{rel}","templated":true}]}}