{"id":175845,"date":"2025-09-24T21:10:02","date_gmt":"2025-09-24T21:10:02","guid":{"rendered":"https:\/\/cordoba.gob.ar\/?p=81524"},"modified":"2025-09-24T21:10:02","modified_gmt":"2025-09-24T21:10:02","slug":"passerini-participo-de-la-apertura-de-cordoba-tech-week","status":"publish","type":"post","link":"http:\/\/cordobadirecto.com\/index.php\/2025\/09\/24\/passerini-participo-de-la-apertura-de-cordoba-tech-week\/","title":{"rendered":"Passerini particip\u00f3 de la apertura de C\u00f3rdoba Tech Week"},"content":{"rendered":"<div><img src=\"http:\/\/cordobadirecto.com\/wp-content\/uploads\/2025\/09\/passerini-participo-de-la-apertura-de-cordoba-tech-week.jpg\" class=\"ff-og-image-inserted\"><\/div>\n<ul>\n<li><strong>El evento, organizado por C\u00f3rdoba Cluster, se desarrolla este mi\u00e9rcoles 24 y jueves 25 de septiembre.<\/strong><\/li>\n<li><strong>El mandatario enfatiz\u00f3 sobre el tratamiento de una ordenanza de promoci\u00f3n de actividades productivas en el Concejo Deliberante, en la cual tambi\u00e9n se trabajar\u00e1 en la adecuaci\u00f3n de la ordenanza Econom\u00eda del Conocimiento.<\/strong><\/li>\n<\/ul>\n<hr>\n<p>El intendente Daniel Passerini estuvo presente en el lanzamiento de C\u00f3rdoba Tech Week. El evento referente en tecnolog\u00eda e innovaci\u00f3n nacional organizado por C\u00f3rdoba Cl\u00faster, se desarrolla este mi\u00e9rcoles 24 y jueves 25 de septiembre en nuestra ciudad. Bajo el lema \u201cConexiones para entender el mundo\u201d, el ciclo que se lleva adelante en el Centro de Convenciones, re\u00fane a empresas, emprendedores y referentes del ecosistema.<\/p>\n<p>\u201cC\u00f3rdoba integra una coalici\u00f3n de 10 ciudades de la Argentina por la inteligencia Artificial. Esto es un desaf\u00edo, que muchos lo ven como una amenaza, pero nosotros vamos a trabajar para que sea una oportunidad\u201d, mencion\u00f3 al respecto el intendente Daniel Passerini.<\/p>\n<p>Adem\u00e1s, el mandatario enfatiz\u00f3 en el compromiso del municipio en fomentar y fortalecer la articulaci\u00f3n p\u00fablico-privada para generar nuevas oportunidades: \u201cNuestro viceintendente, Javier Pretto, est\u00e1 coordinando el tratamiento de una ordenanza de promoci\u00f3n de actividades productivas, que promueve el desarrollo de actividad econ\u00f3mica con facilitaci\u00f3n impositiva. Las actividades que est\u00e1n incluidas tienen que ver con la industria, el turismo, la salud, la construcci\u00f3n y, queremos incluir la econom\u00eda del conocimiento\u201d.<\/p>\n<p>En ese sentido, se trabajar\u00e1 en adecuar la ordenanza de Econom\u00eda del Conocimiento \u201cpara que tambi\u00e9n ese sector sea parte del crecimiento y del desarrollo que nuestra ciudad no solo necesita, nos exige\u201d, afirm\u00f3 el intendente Daniel Passerini.<\/p>\n<p>Esta nueva edici\u00f3n de C\u00f3rdoba Tech Week pone el foco en el impacto de la Inteligencia Artificial en el futuro del trabajo y en la competitividad de las empresas.<\/p>\n<p><strong>Sobre C\u00f3rdoba Tech Week<\/strong><\/p>\n<p>Como propuesta central, el evento ofrece la Zona Expo, donde se pueden recorrer stands que exhiben soluciones tecnol\u00f3gicas cordobesas y comercializadas en distintos mercados del mundo. Tambi\u00e9n hay m\u00e1s de 30 charlas y paneles en simult\u00e1neo a cargo de especialistas nacionales e internacionales. Dentro de las exposiciones, estar\u00e1 presente el equipo de CorLab de la Secretaria de Ciudad Inteligente y Transformaci\u00f3n Digital:<\/p>\n<p>C\u00f3rdoba Tech Week, acompa\u00f1ado por la Municipalidad de C\u00f3rdoba a trav\u00e9s de C\u00f3rdoba Acelera, est\u00e1 pensado como un espacio donde convergen empresarios, gobiernos locales, emprendedores, universidades y organizaciones. Por medio de este encuentro se impulsan soluciones concretas para crecer y proyectarse al mundo.<\/p>\n","protected":false},"excerpt":{"rendered":"<p>El evento, organizado por C\u00f3rdoba Cluster, se desarrolla este mi\u00e9rcoles 24 y jueves 25 de septiembre. El mandatario enfatiz\u00f3 sobre el tratamiento de una ordenanza de promoci\u00f3n de actividades productivas en el Concejo Deliberante, en la cual tambi\u00e9n se trabajar\u00e1 en la adecuaci\u00f3n de la ordenanza Econom\u00eda del Conocimiento. El intendente Daniel Passerini estuvo presente [&hellip;]<\/p>\n","protected":false},"author":1,"featured_media":175846,"comment_status":"closed","ping_status":"closed","sticky":false,"template":"","format":"standard","meta":[],"categories":[44],"tags":[],"_links":{"self":[{"href":"http:\/\/cordobadirecto.com\/index.php\/wp-json\/wp\/v2\/posts\/175845"}],"collection":[{"href":"http:\/\/cordobadirecto.com\/index.php\/wp-json\/wp\/v2\/posts"}],"about":[{"href":"http:\/\/cordobadirecto.com\/index.php\/wp-json\/wp\/v2\/types\/post"}],"author":[{"embeddable":true,"href":"http:\/\/cordobadirecto.com\/index.php\/wp-json\/wp\/v2\/users\/1"}],"replies":[{"embeddable":true,"href":"http:\/\/cordobadirecto.com\/index.php\/wp-json\/wp\/v2\/comments?post=175845"}],"version-history":[{"count":0,"href":"http:\/\/cordobadirecto.com\/index.php\/wp-json\/wp\/v2\/posts\/175845\/revisions"}],"wp:featuredmedia":[{"embeddable":true,"href":"http:\/\/cordobadirecto.com\/index.php\/wp-json\/wp\/v2\/media\/175846"}],"wp:attachment":[{"href":"http:\/\/cordobadirecto.com\/index.php\/wp-json\/wp\/v2\/media?parent=175845"}],"wp:term":[{"taxonomy":"category","embeddable":true,"href":"http:\/\/cordobadirecto.com\/index.php\/wp-json\/wp\/v2\/categories?post=175845"},{"taxonomy":"post_tag","embeddable":true,"href":"http:\/\/cordobadirecto.com\/index.php\/wp-json\/wp\/v2\/tags?post=175845"}],"curies":[{"name":"wp","href":"https:\/\/api.w.org\/{rel}","templated":true}]}}