{"id":175847,"date":"2025-09-24T17:30:26","date_gmt":"2025-09-24T17:30:26","guid":{"rendered":"https:\/\/cordoba.gob.ar\/?p=81518"},"modified":"2025-09-24T17:30:26","modified_gmt":"2025-09-24T17:30:26","slug":"dialogos-presentaciones-y-encuentros-imperdibles-en-la-apertura-de-la-feria-del-libro-cordoba-2025","status":"publish","type":"post","link":"http:\/\/cordobadirecto.com\/index.php\/2025\/09\/24\/dialogos-presentaciones-y-encuentros-imperdibles-en-la-apertura-de-la-feria-del-libro-cordoba-2025\/","title":{"rendered":"Di\u00e1logos, presentaciones y encuentros imperdibles en la apertura de la Feria del Libro C\u00f3rdoba 2025"},"content":{"rendered":"<div><img src=\"http:\/\/cordobadirecto.com\/wp-content\/uploads\/2025\/09\/dialogos-presentaciones-y-encuentros-imperdibles-en-la-apertura-de-la-feria-del-libro-cordoba-2025.jpg\" class=\"ff-og-image-inserted\"><\/div>\n<ul class=\"ak-ul\" data-prosemirror-content-type=\"node\" data-prosemirror-node-name=\"bulletList\" data-prosemirror-node-block=\"true\" readability=\"1.3333333333333\">\n<li data-prosemirror-content-type=\"node\" data-prosemirror-node-name=\"listItem\" data-prosemirror-node-block=\"true\" readability=\"4\">\n<p data-prosemirror-content-type=\"node\" data-prosemirror-node-name=\"paragraph\" data-prosemirror-node-block=\"true\"><strong>A partir del s\u00e1bado 4 de octubre, autores como Kohan, Chuit, Andruetto, Sietecase y Cesar Gonz\u00e1lez compartir\u00e1n charlas con el p\u00fablico.<\/strong><\/p>\n<\/li>\n<li data-prosemirror-content-type=\"node\" data-prosemirror-node-name=\"listItem\" data-prosemirror-node-block=\"true\" readability=\"-0.58\">\n<p data-prosemirror-content-type=\"node\" data-prosemirror-node-name=\"paragraph\" data-prosemirror-node-block=\"true\"><strong><a href=\"https:\/\/feriadellibro.cordoba.gob.ar\/programacion\/\">Todas las actividades<\/a> ser\u00e1n con entrada gratuita.<\/strong><\/p>\n<\/li>\n<\/ul>\n<hr>\n<p data-prosemirror-content-type=\"node\" data-prosemirror-node-name=\"paragraph\" data-prosemirror-node-block=\"true\">Bajo el lema \u201cHumanismo y libertad. Una ciudad y mil po\u00e9ticas\u201d, durante 16 d\u00edas C\u00f3rdoba se convertir\u00e1 en un gran escenario cultural con m\u00e1s de 300 actividades gratuitas, ciclos, talleres, charlas, presentaciones y la participaci\u00f3n de destacadas figuras de la literatura nacional e internacional<\/p>\n<p data-prosemirror-content-type=\"node\" data-prosemirror-node-name=\"paragraph\" data-prosemirror-node-block=\"true\">En su primera semana, la programaci\u00f3n de la Feria del Libro C\u00f3rdoba 2025 reunir\u00e1 a destacados escritores, periodistas e intelectuales del pa\u00eds en encuentros que pondr\u00e1n en di\u00e1logo la literatura, la memoria y la actualidad.<\/p>\n<p data-prosemirror-content-type=\"node\" data-prosemirror-node-name=\"paragraph\" data-prosemirror-node-block=\"true\">El s\u00e1bado 4 a las 18:00, la jornada inaugural contar\u00e1 con un intercambio entre Roberto Chuit y Luciano Lamberti, los \u00faltimos ganadores del Premio Clar\u00edn de Novela, sobre los caminos de un escritor del interior que reside en Buenos Aires y los desaf\u00edos que surgen tras obtener uno de los premios literarios m\u00e1s importantes del pa\u00eds.<\/p>\n<p data-prosemirror-content-type=\"node\" data-prosemirror-node-name=\"paragraph\" data-prosemirror-node-block=\"true\">Ese mismo d\u00eda, a las 20:00, el periodista Reynaldo Sietecase participar\u00e1 de una entrevista abierta en torno a las derivas y tensiones del humanismo y la libertad, ejes centrales de esta edici\u00f3n.<\/p>\n<p data-prosemirror-content-type=\"node\" data-prosemirror-node-name=\"paragraph\" data-prosemirror-node-block=\"true\">La presencia de Sietecase continuar\u00e1 el domingo 5 a las 16:00, con la presentaci\u00f3n de su novela <em data-prosemirror-content-type=\"mark\" data-prosemirror-mark-name=\"em\">La Rey<\/em>, una trama donde se cruzan la trata de personas, las comunidades migrantes y el narcotr\u00e1fico.<\/p>\n<p data-prosemirror-content-type=\"node\" data-prosemirror-node-name=\"paragraph\" data-prosemirror-node-block=\"true\">M\u00e1s tarde, a las 18:00, el fen\u00f3meno internacional de El Eternauta ser\u00e1 abordado por Mart\u00edn Oesterheld, nieto del creador de El Eternauta, y la productora Laura Bruno, qui\u00e9nes compartir\u00e1n detalles del proceso de creaci\u00f3n de la serie audiovisual. La jornada cerrar\u00e1 a las 19:30 con el escritor y poeta C\u00e9sar Gonz\u00e1lez, que presentar\u00e1 Rengo yeta, la continuaci\u00f3n autobiogr\u00e1fica de El ni\u00f1o resentido.<\/p>\n<p data-prosemirror-content-type=\"node\" data-prosemirror-node-name=\"paragraph\" data-prosemirror-node-block=\"true\">El lunes 6 a las 20:00 ser\u00e1 el turno del historiador Marcelo Larraquy, que presentar\u00e1 su primera novela: Gordon, basada en la vida del delincuente y hombre de la Triple A, An\u00edbal Gordon.<\/p>\n<p data-prosemirror-content-type=\"node\" data-prosemirror-node-name=\"paragraph\" data-prosemirror-node-block=\"true\">El martes 7, tambi\u00e9n a las 20:00, la reconocida autora cordobesa Mar\u00eda Teresa Andruetto mantendr\u00e1 una entrevista abierta donde repasar\u00e1 su recorrido lector, las influencias que marcaron su obra y su pasi\u00f3n por la literatura, junto a un repaso por sus textos.<\/p>\n<p data-prosemirror-content-type=\"node\" data-prosemirror-node-name=\"paragraph\" data-prosemirror-node-block=\"true\">El viernes 10 a las 17:30, la Feria ofrecer\u00e1 una propuesta vinculada al pa\u00eds invitado de esta edici\u00f3n: el chef Iwao Komiyama, referente de la gastronom\u00eda japonesa en Argentina, brindar\u00e1 una clase magistral de cocina oriental.<\/p>\n<p data-prosemirror-content-type=\"node\" data-prosemirror-node-name=\"paragraph\" data-prosemirror-node-block=\"true\">Finalmente, el s\u00e1bado 11 a las 19:30, el docente y escritor Mart\u00edn Kohan presentar\u00e1 El tiempo m\u00e1s feliz, su primera obra destinada a las infancias, cuya historia tiene como escenario a la ciudad de C\u00f3rdoba.<\/p>\n<p data-prosemirror-content-type=\"node\" data-prosemirror-node-name=\"paragraph\" data-prosemirror-node-block=\"true\">De esta manera, la Feria del Libro C\u00f3rdoba 2025 propone, desde sus primeros d\u00edas, una agenda diversa que re\u00fane a escritores consagrados, periodistas, poetas y referentes de la cultura. Para ver la programaci\u00f3n completa<a href=\"https:\/\/feriadellibro.cordoba.gob.ar\/programacion\/\"> ingresar aqu\u00ed.<\/a><\/p>\n","protected":false},"excerpt":{"rendered":"<p>A partir del s\u00e1bado 4 de octubre, autores como Kohan, Chuit, Andruetto, Sietecase y Cesar Gonz\u00e1lez compartir\u00e1n charlas con el p\u00fablico. Todas las actividades ser\u00e1n con entrada gratuita. Bajo el lema \u201cHumanismo y libertad. Una ciudad y mil po\u00e9ticas\u201d, durante 16 d\u00edas C\u00f3rdoba se convertir\u00e1 en un gran escenario cultural con m\u00e1s de 300 actividades [&hellip;]<\/p>\n","protected":false},"author":1,"featured_media":175848,"comment_status":"closed","ping_status":"closed","sticky":false,"template":"","format":"standard","meta":[],"categories":[44],"tags":[],"_links":{"self":[{"href":"http:\/\/cordobadirecto.com\/index.php\/wp-json\/wp\/v2\/posts\/175847"}],"collection":[{"href":"http:\/\/cordobadirecto.com\/index.php\/wp-json\/wp\/v2\/posts"}],"about":[{"href":"http:\/\/cordobadirecto.com\/index.php\/wp-json\/wp\/v2\/types\/post"}],"author":[{"embeddable":true,"href":"http:\/\/cordobadirecto.com\/index.php\/wp-json\/wp\/v2\/users\/1"}],"replies":[{"embeddable":true,"href":"http:\/\/cordobadirecto.com\/index.php\/wp-json\/wp\/v2\/comments?post=175847"}],"version-history":[{"count":0,"href":"http:\/\/cordobadirecto.com\/index.php\/wp-json\/wp\/v2\/posts\/175847\/revisions"}],"wp:featuredmedia":[{"embeddable":true,"href":"http:\/\/cordobadirecto.com\/index.php\/wp-json\/wp\/v2\/media\/175848"}],"wp:attachment":[{"href":"http:\/\/cordobadirecto.com\/index.php\/wp-json\/wp\/v2\/media?parent=175847"}],"wp:term":[{"taxonomy":"category","embeddable":true,"href":"http:\/\/cordobadirecto.com\/index.php\/wp-json\/wp\/v2\/categories?post=175847"},{"taxonomy":"post_tag","embeddable":true,"href":"http:\/\/cordobadirecto.com\/index.php\/wp-json\/wp\/v2\/tags?post=175847"}],"curies":[{"name":"wp","href":"https:\/\/api.w.org\/{rel}","templated":true}]}}